{"id":561775,"date":"2025-11-27T07:38:34","date_gmt":"2025-11-27T07:38:34","guid":{"rendered":"https:\/\/www.europesays.com\/fr\/561775\/"},"modified":"2025-11-27T07:38:34","modified_gmt":"2025-11-27T07:38:34","slug":"un-marche-de-noel-dans-un-domaine-au-nord-de-nantes","status":"publish","type":"post","link":"https:\/\/www.europesays.com\/fr\/561775\/","title":{"rendered":"Un march\u00e9 de No\u00ebl dans un domaine au nord de Nantes"},"content":{"rendered":"<p>Le domaine de Port-Jean \u00e0 Carquefou organisera son grand march\u00e9 de No\u00ebl les samedi\u00a029 et dimanche 30\u00a0novembre 2025. Durant ces deux journ\u00e9es, 35\u00a0exposants pr\u00e9senteront une large s\u00e9lection de produits gourmands, de cr\u00e9ations artisanales et d\u2019id\u00e9es cadeaux\u00a0: vins et spiritueux, confiseries, miel, foie gras, poissons fum\u00e9s, pains, chocolats, volailles, fromages, jeux, bien-\u00eatre et artisanat local.<\/p>\n<p>Restauration sur place<\/p>\n<p>Une restauration sur place sera propos\u00e9e avec Tonton P\u00e2te le samedi et La Petite ferme le dimanche.<\/p>\n<p>Moment incontournable pour les familles, la venue du p\u00e8re No\u00ebl le dimanche apr\u00e8s-midi offrira l\u2019occasion de prendre de jolies photos dans une atmosph\u00e8re enchant\u00e9e.<\/p>\n<p>Ouvert de 10\u00a0heures \u00e0 19\u00a0heures le samedi et de 10\u00a0heures \u00e0 18\u00a0heures le dimanche, ce rendez-vous chaleureux mettra \u00e0 l\u2019honneur les producteurs et artisans r\u00e9gionaux dans un cadre authentique et convivial.<\/p>\n<p>\u00a0<\/p>\n","protected":false},"excerpt":{"rendered":"Le domaine de Port-Jean \u00e0 Carquefou organisera son grand march\u00e9 de No\u00ebl les samedi\u00a029 et dimanche 30\u00a0novembre 2025.&hellip;\n","protected":false},"author":2,"featured_media":561776,"comment_status":"","ping_status":"","sticky":false,"template":"","format":"standard","meta":{"footnotes":""},"categories":[2818],"tags":[1111,11,23059,1777,674,1011,27,2089,766,12,15830,1308,2636,25,3272],"class_list":{"0":"post-561775","1":"post","2":"type-post","3":"status-publish","4":"format-standard","5":"has-post-thumbnail","7":"category-nantes","8":"tag-actu","9":"tag-actualites","10":"tag-domaine","11":"tag-eu","12":"tag-europe","13":"tag-fr","14":"tag-france","15":"tag-marche","16":"tag-nantes","17":"tag-news","18":"tag-noel","19":"tag-nord","20":"tag-pays-de-la-loire","21":"tag-republique-francaise","22":"tag-saint-nazaire"},"share_on_mastodon":{"url":"https:\/\/pubeurope.com\/@fr\/115620525270051822","error":""},"_links":{"self":[{"href":"https:\/\/www.europesays.com\/fr\/wp-json\/wp\/v2\/posts\/561775","targetHints":{"allow":["GET"]}}],"collection":[{"href":"https:\/\/www.europesays.com\/fr\/wp-json\/wp\/v2\/posts"}],"about":[{"href":"https:\/\/www.europesays.com\/fr\/wp-json\/wp\/v2\/types\/post"}],"author":[{"embeddable":true,"href":"https:\/\/www.europesays.com\/fr\/wp-json\/wp\/v2\/users\/2"}],"replies":[{"embeddable":true,"href":"https:\/\/www.europesays.com\/fr\/wp-json\/wp\/v2\/comments?post=561775"}],"version-history":[{"count":0,"href":"https:\/\/www.europesays.com\/fr\/wp-json\/wp\/v2\/posts\/561775\/revisions"}],"wp:featuredmedia":[{"embeddable":true,"href":"https:\/\/www.europesays.com\/fr\/wp-json\/wp\/v2\/media\/561776"}],"wp:attachment":[{"href":"https:\/\/www.europesays.com\/fr\/wp-json\/wp\/v2\/media?parent=561775"}],"wp:term":[{"taxonomy":"category","embeddable":true,"href":"https:\/\/www.europesays.com\/fr\/wp-json\/wp\/v2\/categories?post=561775"},{"taxonomy":"post_tag","embeddable":true,"href":"https:\/\/www.europesays.com\/fr\/wp-json\/wp\/v2\/tags?post=561775"}],"curies":[{"name":"wp","href":"https:\/\/api.w.org\/{rel}","templated":true}]}}