{"id":561779,"date":"2025-11-27T07:40:25","date_gmt":"2025-11-27T07:40:25","guid":{"rendered":"https:\/\/www.europesays.com\/fr\/561779\/"},"modified":"2025-11-27T07:40:25","modified_gmt":"2025-11-27T07:40:25","slug":"rooftop-sauna-karaoke-une-nouvelle-residence-de-coliving-hife-ouvre-a-bordeaux","status":"publish","type":"post","link":"https:\/\/www.europesays.com\/fr\/561779\/","title":{"rendered":"Rooftop, sauna, karaok\u00e9&#8230; Une nouvelle r\u00e9sidence de coliving Hife ouvre \u00e0 Bordeaux"},"content":{"rendered":"<p>Hife, une r\u00e9sidence adapt\u00e9e \u00e0 tous les lifestyles<\/p>\n<p data-start=\"562\" data-end=\"921\">N\u00e9e en 2023, la marque <b>Hife<\/b>\u00a0\u2013 contraction de High-Life, pour \u201cvie augment\u00e9e\u201d \u2013 s\u00e9duit une g\u00e9n\u00e9ration de 25-40 ans en qu\u00eate d\u2019\u00e9quilibre entre travail, loisirs et rencontres. Apr\u00e8s plusieurs ouvertures en France, la marque pose ses valises \u00e0 Bordeaux, dans un <strong data-start=\"830\" data-end=\"888\">immeuble contemporain situ\u00e9 pr\u00e8s des Halles de Bacalan<\/strong>, \u00e0 deux pas de la Cit\u00e9 du Vin.<\/p>\n<p data-start=\"562\" data-end=\"921\"><img loading=\"lazy\" decoding=\"async\" src=\"https:\/\/www.europesays.com\/fr\/wp-content\/uploads\/2025\/11\/residence-hife-bordeaux.jpg\" width=\"1000\" height=\"667\" alt=\"residence-hife-bordeaux\"\/>\u00a9St\u00e9phanie Vieira<\/p>\n<p data-start=\"923\" data-end=\"1450\">Con\u00e7ue comme une <strong data-start=\"940\" data-end=\"983\">r\u00e9sidence h\u00f4teli\u00e8re nouvelle g\u00e9n\u00e9ration<\/strong>, <b>Hife <\/b>propose des appartements du <strong data-start=\"1018\" data-end=\"1030\">T1 au T5, meubl\u00e9s et \u00e9quip\u00e9s <\/strong>pour des <strong data-start=\"1060\" data-end=\"1095\">s\u00e9jours courts, moyens ou longs<\/strong>. Le tout, avec un juste \u00e9quilibre entre intimit\u00e9 et partage\u00a0: chaque r\u00e9sident dispose de son appartement avec cuisine, coin salon et salle de bain privative. Et partage en plus, des espaces communs o\u00f9 se tissent les liens \u2013 <strong data-start=\"1288\" data-end=\"1378\">salon lounge, cuisine partag\u00e9e, coworking, salle de sport, salle de musique et karaok\u00e9<\/strong>, sans oublier un rooftop avec vue panoramique sur le quartier.<\/p>\n<p data-start=\"923\" data-end=\"1450\"><img loading=\"lazy\" decoding=\"async\" src=\"https:\/\/www.europesays.com\/fr\/wp-content\/uploads\/2025\/11\/karaoke-bordeaux.jpg\" width=\"1000\" height=\"1037\" alt=\"karaoke-bordeaux\"\/>\u00a9St\u00e9phanie Vieira<\/p>\n<p>Le triptyque entre flexibilit\u00e9, simplicit\u00e9 et communaut\u00e9\u00a0<\/p>\n<p data-start=\"1498\" data-end=\"1753\">V\u00e9ritable atout de la r\u00e9sidence, le\u00a0<b>Be Alive<\/b>\u00a0met \u00e0 disposition sauna,\u00a0<b>Beauty Room (salle de massage et prestations bien-\u00eatre) et salle de sport toute \u00e9quip\u00e9e en open gym ou cours collectifs. <\/b>Un espace o\u00f9 les colivers peuvent d\u00e9compresser apr\u00e8s une journ\u00e9e de travail, entre deux cours de sport ou un afterwork improvis\u00e9.<\/p>\n<p data-start=\"1755\" data-end=\"2058\">La philosophie<strong> <\/strong>Hife repose sur un triptyque assum\u00e9\u00a0: <strong data-start=\"1807\" data-end=\"1848\">simplicit\u00e9, flexibilit\u00e9 et communaut\u00e9<\/strong>. Gr\u00e2ce \u00e0 une application d\u00e9di\u00e9e, les r\u00e9sidents peuvent r\u00e9server un cr\u00e9neau de sport, emprunter du mat\u00e9riel (jeux de soci\u00e9t\u00e9, appareils \u00e0 raclette, consoles), g\u00e9rer leur courrier ou participer \u00e0 un \u00e9v\u00e9nement.<\/p>\n<p data-start=\"1755\" data-end=\"2058\"><img loading=\"lazy\" decoding=\"async\" src=\"https:\/\/www.europesays.com\/fr\/wp-content\/uploads\/2025\/11\/hife-coliving-bordeaux.jpg\" width=\"1000\" height=\"667\" alt=\"hife-coliving-bordeaux\"\/>\u00a9St\u00e9phanie Vieira<\/p>\n<p>Un \u00e9cosyst\u00e8me vivant et connect\u00e9<\/p>\n<p data-start=\"2105\" data-end=\"2521\">L\u2019esprit Hife s\u2019\u00e9tend bien au-del\u00e0 du logement. La r\u00e9sidence propose un <strong data-start=\"2177\" data-end=\"2212\">programme \u00e9v\u00e9nementiel r\u00e9gulier<\/strong>\u00a0: <strong data-start=\"2215\" data-end=\"2290\">conf\u00e9rences, ateliers, concerts, march\u00e9s de cr\u00e9ateurs ou vide-dressings<\/strong> rythment la vie du lieu. Une galerie d\u2019art interne accueille tous les trois mois des expositions d\u2019artistes locaux, et les espaces peuvent \u00eatre <strong data-start=\"2439\" data-end=\"2518\">privatis\u00e9s pour des s\u00e9minaires, team buildings ou \u00e9v\u00e9nements professionnels<\/strong>.<\/p>\n<p data-start=\"2523\" data-end=\"2832\">Ce mod\u00e8le de \u201c<strong data-start=\"2537\" data-end=\"2552\">Flex-living<\/strong>\u201d s\u2019adresse autant aux <strong data-start=\"2575\" data-end=\"2615\">consultants, freelances et \u00e9tudiants<\/strong> qu\u2019aux personnes en transition ou simplement de passage \u00e0 Bordeaux. Certains y vivent \u00e0 l\u2019ann\u00e9e, d\u2019autres viennent travailler \u00e0 la journ\u00e9e ou r\u00e9server un cr\u00e9neau pour un cours de sport ou un enregistrement musical.<\/p>\n<p data-start=\"2523\" data-end=\"2832\"><img loading=\"lazy\" decoding=\"async\" src=\"https:\/\/www.europesays.com\/fr\/wp-content\/uploads\/2025\/11\/coliving-bordeaux.jpg\" width=\"1000\" height=\"667\" alt=\"coliving-bordeaux\"\/>\u00a9St\u00e9phanie Vieira<\/p>\n<p>Une vision durable du vivre-ensemble<\/p>\n<p data-start=\"2883\" data-end=\"3117\">Avec cette nouvelle adresse,<strong> <\/strong>Hife Bordeaux s\u2019impose comme une <strong data-start=\"2945\" data-end=\"2962\">oasis urbaine<\/strong> o\u00f9 le lien social se r\u00e9invente. Un espace de vie \u00e0 1000 \u00e0 l\u2019heure, ancr\u00e9 dans le tissu local et pens\u00e9 pour une g\u00e9n\u00e9ration mobile, connect\u00e9e et curieuse.<\/p>\n<blockquote class=\"instagram-media\" data-instgrm-captioned=\"\" data-instgrm-permalink=\"https:\/\/www.instagram.com\/p\/DQUf44KjkFm\/?utm_source=ig_embed&amp;utm_campaign=loading\" data-instgrm-version=\"14\" style=\"background: #FFF; border: 0; border-radius: 3px; box-shadow: 0 0 1px 0 rgba(0,0,0,0.5),0 1px 10px 0 rgba(0,0,0,0.15); margin: 1px; max-width: 540px; min-width: 326px; padding: 0; width: calc(100% - 2px);\">\n<\/blockquote>\n<p>Hife Bordeaux \u2022 R\u00e9sidence de coliving<\/p>\n<li class=\"address info\">3, rue Michel Slitinsky Bordeaux<\/li>\n<p><script async src=\"\/\/www.instagram.com\/embed.js\"><\/script><\/p>\n","protected":false},"excerpt":{"rendered":"Hife, une r\u00e9sidence adapt\u00e9e \u00e0 tous les lifestyles N\u00e9e en 2023, la marque Hife\u00a0\u2013 contraction de High-Life, pour&hellip;\n","protected":false},"author":2,"featured_media":561780,"comment_status":"","ping_status":"","sticky":false,"template":"","format":"standard","meta":{"footnotes":""},"categories":[2817],"tags":[1111,11,1997,1777,674,1011,27,12,2219,25],"class_list":{"0":"post-561779","1":"post","2":"type-post","3":"status-publish","4":"format-standard","5":"has-post-thumbnail","7":"category-bordeaux","8":"tag-actu","9":"tag-actualites","10":"tag-bordeaux","11":"tag-eu","12":"tag-europe","13":"tag-fr","14":"tag-france","15":"tag-news","16":"tag-nouvelle-aquitaine","17":"tag-republique-francaise"},"share_on_mastodon":{"url":"https:\/\/pubeurope.com\/@fr\/115620533767273877","error":""},"_links":{"self":[{"href":"https:\/\/www.europesays.com\/fr\/wp-json\/wp\/v2\/posts\/561779","targetHints":{"allow":["GET"]}}],"collection":[{"href":"https:\/\/www.europesays.com\/fr\/wp-json\/wp\/v2\/posts"}],"about":[{"href":"https:\/\/www.europesays.com\/fr\/wp-json\/wp\/v2\/types\/post"}],"author":[{"embeddable":true,"href":"https:\/\/www.europesays.com\/fr\/wp-json\/wp\/v2\/users\/2"}],"replies":[{"embeddable":true,"href":"https:\/\/www.europesays.com\/fr\/wp-json\/wp\/v2\/comments?post=561779"}],"version-history":[{"count":0,"href":"https:\/\/www.europesays.com\/fr\/wp-json\/wp\/v2\/posts\/561779\/revisions"}],"wp:featuredmedia":[{"embeddable":true,"href":"https:\/\/www.europesays.com\/fr\/wp-json\/wp\/v2\/media\/561780"}],"wp:attachment":[{"href":"https:\/\/www.europesays.com\/fr\/wp-json\/wp\/v2\/media?parent=561779"}],"wp:term":[{"taxonomy":"category","embeddable":true,"href":"https:\/\/www.europesays.com\/fr\/wp-json\/wp\/v2\/categories?post=561779"},{"taxonomy":"post_tag","embeddable":true,"href":"https:\/\/www.europesays.com\/fr\/wp-json\/wp\/v2\/tags?post=561779"}],"curies":[{"name":"wp","href":"https:\/\/api.w.org\/{rel}","templated":true}]}}