{"id":561785,"date":"2025-11-27T07:43:10","date_gmt":"2025-11-27T07:43:10","guid":{"rendered":"https:\/\/www.europesays.com\/fr\/561785\/"},"modified":"2025-11-27T07:43:10","modified_gmt":"2025-11-27T07:43:10","slug":"il-faut-une-heure-pour-contourner-la-ville","status":"publish","type":"post","link":"https:\/\/www.europesays.com\/fr\/561785\/","title":{"rendered":"il faut une heure pour contourner la ville"},"content":{"rendered":"<p>                    Par<br \/>\n        <strong><br \/>\n            <a href=\"https:\/\/actu.fr\/auteur\/david-saint-sernin\" title=\"Consulter tous les articles de David Saint-Sernin\" target=\"_blank\" rel=\"noopener\">David Saint-Sernin<\/a><br \/>\n                    <\/strong><\/p>\n<p>        Publi\u00e9 le<\/p>\n<p>            27 nov. 2025 \u00e0 8h28        <\/p>\n<p>Jeudi 27\u00a0novembre 2025, plusieurs accidents sont en cours sur le p\u00e9riph\u00e9rique et les voies rapides de l\u2019agglom\u00e9ration de Toulouse.<\/p>\n<p class=\" wall-content\">La situation est tr\u00e8s compliqu\u00e9e sur nos routes et autoroutes.<\/p>\n<p>Plusieurs accidents en cours<\/p>\n<p class=\" wall-content\">\u00ab\u2009Il y a un accident au niveau de la sortie Soupetard en direction de Montpellier, avec deux v\u00e9hicules immobilis\u00e9s sur la voie de gauche\u2009\u00bb, explique Vinci Autoroutes.<\/p>\n<p class=\" wall-content\">Un deuxi\u00e8me accident est signal\u00e9 au niveau du Palays. Il engendre des difficult\u00e9s aussi bien en direction de Montpellier que de Tarbes.<\/p>\n<p>Une heure pour contourner Toulouse<\/p>\n<p class=\" wall-content\">\u00ab\u2009Il faut une heure pour contourner Toulouse par le p\u00e9riph\u00e9rique int\u00e9rieur Est, entre les barri\u00e8res de p\u00e9age de Toulouse-Nord et de Lab\u00e8ge\u2009\u00bb, avertit Radio 107.7<\/p>\n<p class=\" wall-content\">Ce n\u2019est pas mieux \u00e0 l\u2019ouest de la ville. Un accident entre plusieurs v\u00e9hicules, dont un poids lourd et un scooter est en cours sur le p\u00e9riph\u00e9rique ext\u00e9rieur entre Toulouse Nord et le secteur des Minimes.<\/p>\n<p class=\" wall-content\">\n<p class=\" wall-content\">Personnalisez votre actualit\u00e9 en ajoutant vos villes et m\u00e9dias en favori avec <a href=\"https:\/\/moncompte.actu.fr\" title=\"D\u00e9couvez Mon Actu\" rel=\"nofollow noopener\" data-trk=\"{&quot;cta&quot;:{&quot;action&quot;:&quot;https:\\\/\\\/moncompte.actu.fr&quot;,&quot;category&quot;:&quot;mon compte&quot;,&quot;from&quot;:&quot;article footer&quot;,&quot;name&quot;:&quot;Mon actu&quot;,&quot;type&quot;:&quot;cta&quot;}}\" target=\"_blank\">Mon Actu<\/a>.<\/p>\n","protected":false},"excerpt":{"rendered":"Par David Saint-Sernin Publi\u00e9 le 27 nov. 2025 \u00e0 8h28 Jeudi 27\u00a0novembre 2025, plusieurs accidents sont en cours&hellip;\n","protected":false},"author":2,"featured_media":561786,"comment_status":"","ping_status":"","sticky":false,"template":"","format":"standard","meta":{"footnotes":""},"categories":[2816],"tags":[119,1111,11,1777,674,1011,27,12,2680,4800,25,104,2312],"class_list":{"0":"post-561785","1":"post","2":"type-post","3":"status-publish","4":"format-standard","5":"has-post-thumbnail","7":"category-toulouse","8":"tag-accident","9":"tag-actu","10":"tag-actualites","11":"tag-eu","12":"tag-europe","13":"tag-fr","14":"tag-france","15":"tag-news","16":"tag-occitanie","17":"tag-peripherique-de-toulouse","18":"tag-republique-francaise","19":"tag-societe","20":"tag-toulouse"},"share_on_mastodon":{"url":"https:\/\/pubeurope.com\/@fr\/115620544808197501","error":""},"_links":{"self":[{"href":"https:\/\/www.europesays.com\/fr\/wp-json\/wp\/v2\/posts\/561785","targetHints":{"allow":["GET"]}}],"collection":[{"href":"https:\/\/www.europesays.com\/fr\/wp-json\/wp\/v2\/posts"}],"about":[{"href":"https:\/\/www.europesays.com\/fr\/wp-json\/wp\/v2\/types\/post"}],"author":[{"embeddable":true,"href":"https:\/\/www.europesays.com\/fr\/wp-json\/wp\/v2\/users\/2"}],"replies":[{"embeddable":true,"href":"https:\/\/www.europesays.com\/fr\/wp-json\/wp\/v2\/comments?post=561785"}],"version-history":[{"count":0,"href":"https:\/\/www.europesays.com\/fr\/wp-json\/wp\/v2\/posts\/561785\/revisions"}],"wp:featuredmedia":[{"embeddable":true,"href":"https:\/\/www.europesays.com\/fr\/wp-json\/wp\/v2\/media\/561786"}],"wp:attachment":[{"href":"https:\/\/www.europesays.com\/fr\/wp-json\/wp\/v2\/media?parent=561785"}],"wp:term":[{"taxonomy":"category","embeddable":true,"href":"https:\/\/www.europesays.com\/fr\/wp-json\/wp\/v2\/categories?post=561785"},{"taxonomy":"post_tag","embeddable":true,"href":"https:\/\/www.europesays.com\/fr\/wp-json\/wp\/v2\/tags?post=561785"}],"curies":[{"name":"wp","href":"https:\/\/api.w.org\/{rel}","templated":true}]}}