{"id":561787,"date":"2025-11-27T07:44:10","date_gmt":"2025-11-27T07:44:10","guid":{"rendered":"https:\/\/www.europesays.com\/fr\/561787\/"},"modified":"2025-11-27T07:44:10","modified_gmt":"2025-11-27T07:44:10","slug":"television-ce-jeudi-envoye-special-enquete-a-lille-sur-le-scandale-des-mineures-prostituees","status":"publish","type":"post","link":"https:\/\/www.europesays.com\/fr\/561787\/","title":{"rendered":"T\u00e9l\u00e9vision. Ce jeudi, Envoy\u00e9 Sp\u00e9cial enqu\u00eate \u00e0 Lille sur le scandale des mineures prostitu\u00e9es"},"content":{"rendered":"<p>                    Par<br \/>\n        <strong><br \/>\n            <a href=\"https:\/\/actu.fr\/auteur\/nicolas-demollien\" title=\"Consulter tous les articles de Nicolas Demollien\" target=\"_blank\" rel=\"noopener\">Nicolas Demollien<\/a><br \/>\n                    <\/strong><\/p>\n<p>        Publi\u00e9 le<\/p>\n<p>            27 nov. 2025 \u00e0 8h26        <\/p>\n<p>\u00ab\u2009Je me suis faite <b>violer par les clients et les prox\u00e9n\u00e8tes<\/b>\u2009\u00bb. Ce jeudi 27\u00a0novembre 2025, c\u2019est un r<b>eportage choc<\/b> sur le \u00ab<b>\u2009scandale des mineures prostitu\u00e9es<\/b>\u2009\u00bb qui va \u00eatre diffus\u00e9 dans l\u2019<b>\u00e9mission Envoy\u00e9 Sp\u00e9cial sur France 2<\/b>. Les journalistes se sont notamment rendus \u00e0 <a href=\"https:\/\/actu.fr\/hauts-de-france\/lille_59350\" target=\"_blank\" rel=\"noopener\">Lille<\/a> (Nord) pour leur enqu\u00eate.<\/p>\n<p>Le scandale des mineures prostitu\u00e9es \u00e0 Lille dans Envoy\u00e9 Sp\u00e9cial<\/p>\n<p class=\" wall-content\">\u00ab\u2009En<b> <\/b>France, les autorit\u00e9s estiment que 20\u2009000 mineures seraient prostitu\u00e9es. Un chiffre en constante augmentation et qui cache une autre r\u00e9alit\u00e9\u2009: <b>80\u2009% de ces jeunes filles sont plac\u00e9es sous la garde de l\u2019aide sociale \u00e0 l\u2019enfance<\/b> (ASE) comme l\u2019a not\u00e9 une commission parlementaire en avril\u00a02025\u2009\u00bb, commente-t-on du c\u00f4t\u00e9 de France 2.<\/p>\n<p class=\" wall-content\">Mais pourquoi et comment ces mineures qui ont \u00e9t\u00e9 retir\u00e9es \u00e0 leurs familles pour \u00eatre prot\u00e9g\u00e9es se retrouvent-elles entre les mains de r\u00e9seaux qui les exploitent <b>parfois d\u00e8s l\u2019\u00e2ge de 11\u00a0ans<\/b>\u2009? C\u2019est ce qu\u2019ont voulu comprendre les journalistes d\u2019Envoy\u00e9 sp\u00e9cial.<\/p>\n<p class=\" wall-content\">\u00ab\u2009Durant plusieurs mois, nous avons enqu\u00eat\u00e9 pour mettre au jour les graves d\u00e9faillances de notre syst\u00e8me de la protection de l\u2019enfance\u2009\u00bb. Ils ont pour cela rencontrer des adolescentes contraintes de se prostituer pour s\u2019acheter de la nourriture et des produits d\u2019hygi\u00e8ne. \u00c9ducatrices, juges ou encore pr\u00e9sident de conseil d\u00e9partemental (responsables de l\u2019ASE) t\u00e9moignent. \u00ab\u2009Ils racontent l\u2019engrenage qui permet aux r\u00e9seaux de prox\u00e9n\u00e9tisme de profiter de ces proies fragiles\u2009\u00bb.<\/p>\n<p class=\" wall-content\">\n<p class=\" wall-content\">L\u2019\u00e9mission sera diffus\u00e9e \u00e0 partir de 21\u2009h\u200910.<\/p>\n<p class=\" wall-content\">Personnalisez votre actualit\u00e9 en ajoutant vos villes et m\u00e9dias en favori avec <a href=\"https:\/\/moncompte.actu.fr\" title=\"D\u00e9couvez Mon Actu\" rel=\"nofollow noopener\" data-trk=\"{&quot;cta&quot;:{&quot;action&quot;:&quot;https:\\\/\\\/moncompte.actu.fr&quot;,&quot;category&quot;:&quot;mon compte&quot;,&quot;from&quot;:&quot;article footer&quot;,&quot;name&quot;:&quot;Mon actu&quot;,&quot;type&quot;:&quot;cta&quot;}}\" target=\"_blank\">Mon Actu<\/a>.<\/p>\n","protected":false},"excerpt":{"rendered":"Par Nicolas Demollien Publi\u00e9 le 27 nov. 2025 \u00e0 8h26 \u00ab\u2009Je me suis faite violer par les clients&hellip;\n","protected":false},"author":2,"featured_media":561788,"comment_status":"","ping_status":"","sticky":false,"template":"","format":"standard","meta":{"footnotes":""},"categories":[2815],"tags":[1111,11,1777,674,1011,27,811,1307,12,2899,25,104,252],"class_list":{"0":"post-561787","1":"post","2":"type-post","3":"status-publish","4":"format-standard","5":"has-post-thumbnail","7":"category-lille","8":"tag-actu","9":"tag-actualites","10":"tag-eu","11":"tag-europe","12":"tag-fr","13":"tag-france","14":"tag-hauts-de-france","15":"tag-lille","16":"tag-news","17":"tag-prostitution","18":"tag-republique-francaise","19":"tag-societe","20":"tag-television"},"share_on_mastodon":{"url":"https:\/\/pubeurope.com\/@fr\/115620548699643185","error":""},"_links":{"self":[{"href":"https:\/\/www.europesays.com\/fr\/wp-json\/wp\/v2\/posts\/561787","targetHints":{"allow":["GET"]}}],"collection":[{"href":"https:\/\/www.europesays.com\/fr\/wp-json\/wp\/v2\/posts"}],"about":[{"href":"https:\/\/www.europesays.com\/fr\/wp-json\/wp\/v2\/types\/post"}],"author":[{"embeddable":true,"href":"https:\/\/www.europesays.com\/fr\/wp-json\/wp\/v2\/users\/2"}],"replies":[{"embeddable":true,"href":"https:\/\/www.europesays.com\/fr\/wp-json\/wp\/v2\/comments?post=561787"}],"version-history":[{"count":0,"href":"https:\/\/www.europesays.com\/fr\/wp-json\/wp\/v2\/posts\/561787\/revisions"}],"wp:featuredmedia":[{"embeddable":true,"href":"https:\/\/www.europesays.com\/fr\/wp-json\/wp\/v2\/media\/561788"}],"wp:attachment":[{"href":"https:\/\/www.europesays.com\/fr\/wp-json\/wp\/v2\/media?parent=561787"}],"wp:term":[{"taxonomy":"category","embeddable":true,"href":"https:\/\/www.europesays.com\/fr\/wp-json\/wp\/v2\/categories?post=561787"},{"taxonomy":"post_tag","embeddable":true,"href":"https:\/\/www.europesays.com\/fr\/wp-json\/wp\/v2\/tags?post=561787"}],"curies":[{"name":"wp","href":"https:\/\/api.w.org\/{rel}","templated":true}]}}