{"id":561789,"date":"2025-11-27T07:45:21","date_gmt":"2025-11-27T07:45:21","guid":{"rendered":"https:\/\/www.europesays.com\/fr\/561789\/"},"modified":"2025-11-27T07:45:21","modified_gmt":"2025-11-27T07:45:21","slug":"lille-dinamo-zagreb-en-direct-a-quelle-heure-et-sur-quelle-chaine-voir-le-match","status":"publish","type":"post","link":"https:\/\/www.europesays.com\/fr\/561789\/","title":{"rendered":"Lille &#8211; Dinamo Zagreb en direct : \u00e0 quelle heure et sur quelle cha\u00eene voir le match ?"},"content":{"rendered":"<p class=\"paragraph text_align_left lp-f-body-02\">Ce jeudi soir, tous les regards seront tourn\u00e9s vers le stade Pierre Mauroy pour la cinqui\u00e8me journ\u00e9e de l\u2019UEFA Europa League. \u00c0 l\u2019heure actuelle, Lille occupe la dix-neuvi\u00e8me place avec six points au compteur. Les Dogues ont ouvert la comp\u00e9tition par deux victoires contre Brann (2-1) et la Roma (0-1). Par la suite, les hommes de Bruno G\u00e9n\u00e9sio se sont inclin\u00e9s face au PAOK (3-4) et l\u2019\u00c9toile Rouge (1-0). Pour cette nouvelle r\u00e9ception, l\u2019entra\u00eeneur des Lillois peut compter sur Hamza Igamane, l\u2019actuel meilleur buteur de l\u2019UEFA Europa League saison 2025-2026 avec trois r\u00e9alisations. En championnat, le LOSC sort d\u2019une victoire contre le Paris FC (4-2). De son c\u00f4t\u00e9, le Dinamo Zagreb pointe \u00e0 la douzi\u00e8me position du classement. Jusqu\u2019\u00e0 pr\u00e9sent, l\u2019\u00e9quipe dirig\u00e9e par Mario Kovacevic accumule sept points, gr\u00e2ce \u00e0 deux succ\u00e8s (Fenerbah\u00e7e et Maccabi Tel-Aviv) et un nul conc\u00e9d\u00e9 \u00e0 Malm\u00f6 (1-1). La derni\u00e8re journ\u00e9e s\u2019est, quant \u00e0 elle, sold\u00e9e par une d\u00e9faite. Le Celta a renvers\u00e9 les Croates (0-3) au terme du temps r\u00e9glementaire. Dans ces lignes on vous dit \u00e0 quelle heure et sur quelle cha\u00eene regarder le match Lille \u2013 Dinamo Zagreb en direct ce jeudi soir.<\/p>\n<p class=\"paragraph text_align_left lp-f-body-02\"><b>Le match qui oppose Lille et le Dinamo Zagreb est diffus\u00e9 ce jeudi 27 novembre en <\/b><a href=\"https:\/\/ad.doubleclick.net\/ddm\/trackclk\/N6600.145219.LEPARISIEN.FR\/B32944843.412602242;dc_trk_aid=604786702;dc_trk_cid=228480032;dc_lat=;dc_rdid=;tag_for_child_directed_treatment=;tfua=;gdpr=${GDPR};gdpr_consent=${GDPR_CONSENT_755};ltd=;dc_tdv=1\" target=\"_blank\" rel=\"sponsored noopener\"><b>direct sur la cha\u00eene CANAL+FOOT<\/b><\/a><b>. La rencontre est pr\u00e9vue au stade Pierre Mauroy \u00e0 partir de 18h45<\/b>. L\u2019arbitre John Beaton a \u00e9t\u00e9 d\u00e9sign\u00e9 pour diriger le face-\u00e0-face. Il sera assist\u00e9 de Kevin Clancy et de Steven McLean \u00e0 la VAR.<\/p>\n","protected":false},"excerpt":{"rendered":"Ce jeudi soir, tous les regards seront tourn\u00e9s vers le stade Pierre Mauroy pour la cinqui\u00e8me journ\u00e9e de&hellip;\n","protected":false},"author":2,"featured_media":561790,"comment_status":"","ping_status":"","sticky":false,"template":"","format":"standard","meta":{"footnotes":""},"categories":[2815],"tags":[1111,11,814,1777,674,63,1011,27,749,811,1307,12,25,6718],"class_list":{"0":"post-561789","1":"post","2":"type-post","3":"status-publish","4":"format-standard","5":"has-post-thumbnail","7":"category-lille","8":"tag-actu","9":"tag-actualites","10":"tag-direct","11":"tag-eu","12":"tag-europe","13":"tag-football","14":"tag-fr","15":"tag-france","16":"tag-guide-shopping","17":"tag-hauts-de-france","18":"tag-lille","19":"tag-news","20":"tag-republique-francaise","21":"tag-tv-streaming"},"share_on_mastodon":{"url":"https:\/\/pubeurope.com\/@fr\/115620552699340341","error":""},"_links":{"self":[{"href":"https:\/\/www.europesays.com\/fr\/wp-json\/wp\/v2\/posts\/561789","targetHints":{"allow":["GET"]}}],"collection":[{"href":"https:\/\/www.europesays.com\/fr\/wp-json\/wp\/v2\/posts"}],"about":[{"href":"https:\/\/www.europesays.com\/fr\/wp-json\/wp\/v2\/types\/post"}],"author":[{"embeddable":true,"href":"https:\/\/www.europesays.com\/fr\/wp-json\/wp\/v2\/users\/2"}],"replies":[{"embeddable":true,"href":"https:\/\/www.europesays.com\/fr\/wp-json\/wp\/v2\/comments?post=561789"}],"version-history":[{"count":0,"href":"https:\/\/www.europesays.com\/fr\/wp-json\/wp\/v2\/posts\/561789\/revisions"}],"wp:featuredmedia":[{"embeddable":true,"href":"https:\/\/www.europesays.com\/fr\/wp-json\/wp\/v2\/media\/561790"}],"wp:attachment":[{"href":"https:\/\/www.europesays.com\/fr\/wp-json\/wp\/v2\/media?parent=561789"}],"wp:term":[{"taxonomy":"category","embeddable":true,"href":"https:\/\/www.europesays.com\/fr\/wp-json\/wp\/v2\/categories?post=561789"},{"taxonomy":"post_tag","embeddable":true,"href":"https:\/\/www.europesays.com\/fr\/wp-json\/wp\/v2\/tags?post=561789"}],"curies":[{"name":"wp","href":"https:\/\/api.w.org\/{rel}","templated":true}]}}