{"id":561791,"date":"2025-11-27T07:46:10","date_gmt":"2025-11-27T07:46:10","guid":{"rendered":"https:\/\/www.europesays.com\/fr\/561791\/"},"modified":"2025-11-27T07:46:10","modified_gmt":"2025-11-27T07:46:10","slug":"suivez-en-direct-notre-journee-dediee-au-leadership-feminin-mondial","status":"publish","type":"post","link":"https:\/\/www.europesays.com\/fr\/561791\/","title":{"rendered":"suivez en direct notre journ\u00e9e d\u00e9di\u00e9e au leadership f\u00e9minin mondial"},"content":{"rendered":"<p>Organis\u00e9 \u00e0 <strong>Grand Central, Marseille<\/strong>, <a href=\"https:\/\/www.laprovence.com\/article\/economie\/1508407305678314\/marseille-capitale-du-leadership-feminin-un-sommet-a-la-provence-pour-reinventer-la-gouvernance\" target=\"_blank\" rel=\"noopener\">ce sommet met en lumi\u00e8re le leadership f\u00e9minin global<\/a>, un enjeu crucial \u00e0 l\u2019heure des transitions. Plus de <strong>50 intervenants internationaux<\/strong> partageront leurs visions pour un leadership inclusif et audacieux. Avec le soutien de La Provence et de ses partenaires, <a href=\"https:\/\/www.laprovence.com\/article\/economie\/4167253488296314\/leadership-mondial-ce-jeudi-marseille-a-lavant-garde-dune-gouvernance-par-les-femmes\" target=\"_blank\" rel=\"noopener\">cette journ\u00e9e promet des d\u00e9bats concrets et inspirants<\/a>.<\/p>\n<p>Au Programme de cette matin\u00e9e<\/p>\n<p><strong>8h30 \u2013 Ouverture<\/strong><\/p>\n<p>Anim\u00e9e par <strong>Olivier Biscaye<\/strong>, directeur de la r\u00e9daction de La Provence, avec l\u2019intervention de <strong>Chiara CORAZZA,<\/strong> Repr\u00e9sentante pour la France au G20 EMPOWER &amp; Conseill\u00e8re Sp\u00e9ciale du Global Leadership by Women Summit [Italie, Royaume Uni], <strong>Jean-Christophe TORTORA<\/strong>, Directeur G\u00e9n\u00e9ral, CMA M\u00e9dia, P\u00f4le Presse et Pr\u00e9sident, La Tribune [France], <strong>Aurore BERG\u00c9,<\/strong> Ministre d\u00e9l\u00e9gu\u00e9e charg\u00e9e de l\u2019\u00c9galit\u00e9 entre les femmes et les hommes et de la Lutte contre les discriminations [France]<\/p>\n<p><strong>9h \u2013 Leaders dans les investissements et la finance pour un impact global positif<\/strong><\/p>\n<p>Avec un message vid\u00e9o de <strong>Christine Lagarde, <\/strong>Pr\u00e9sidente de la Banque Centrale Europ\u00e9enne [France], cette session explore comment la finance peut g\u00e9n\u00e9rer un impact global positif.<\/p>\n<p>Intervenants\u00a0: <strong>Marie Guillemot (KPMG)<\/strong>, <strong>Christine Fabresse (CEPAC)<\/strong>, <strong>Dr Hynd Bouhia<\/strong>, <strong>Carlo d\u2019Asaro Biondo<\/strong>, <strong>Irena Radovi\u0107<\/strong>.<\/p>\n<p><strong>9h50 \u2013 Duo sur le leadership international<\/strong><\/p>\n<p>Focus sur les enjeux g\u00e9opolitiques avec <strong>Prof. Gilles Kepel, <\/strong>Professeur des Universit\u00e9s, poliste et arabisant, auteur [France] et <strong>Laurence BOTTERO, <\/strong>R\u00e9dactrice en chef M\u00e9diterran\u00e9e Afrique La Tribune [France]<\/p>\n<p><strong>10h \u2013 Leaders dans une IA et une Tech inclusives for good<\/strong><\/p>\n<p>Comment construire une technologie \u00e9thique et inclusive\u00a0? Avec la pr\u00e9sence\u00a0de <strong>John AKINBOYEWA, <\/strong>Leader of the HungreeFreeWorld, Chief Hunger and Waste Eliminator, The HungreeApp [Nigeria] <strong>Laurence KERJEAN<\/strong>, Pr\u00e9sidente, Business Professional Women (BPW) Marseille M\u00e9tropole [France], <strong>Catherine LADOUSSE, <\/strong>CoPr\u00e9sidente de la commission Parit\u00e9, Haut Conseil \u00e0 l\u2019\u00c9galit\u00e9 entre les femmes et les hommes, membre du G7 Gender Equality Advisory Council [France], <strong>L\u00e9na TOUCHARD, <\/strong>Co-fondatrice et Directrice G\u00e9n\u00e9rale, Women in STEM Europe [France], <strong>Angela NASER,<\/strong> Directrice France, Women in Tech \u00ae Global [France]<\/p>\n<p><strong>10h40 \u2013 Duo avec le leadership international<\/strong><\/p>\n<p><strong>Salom\u00e9 Zourabichvili, <\/strong>l\u2019ancienne pr\u00e9sidente de G\u00e9orgie partage sa vision d\u2019un leadership r\u00e9silient.<\/p>\n<p><strong>10h50 \u2013 Leaders moteurs de croissance durable pour le climat, l\u2019oc\u00e9an et la biodiversit\u00e9<\/strong><\/p>\n<p>Session d\u00e9di\u00e9e au climat et \u00e0 la biodiversit\u00e9 avec la participation de <strong>Patricia RICARD<\/strong>, Pr\u00e9sidente de l\u2019Institut Oc\u00e9anographique Paul Ricard [France]<\/p>\n<p><strong>Rosalie MANN<\/strong>, Founder &amp; CEO, No More Plastic Foundation [France], <strong>Prof. Milena ANGELOVA, <\/strong>Secretary General, Bulgarian Industrial Capital Association, Member of the Economic and Social Committee and Executive Vice-President of SGI Europe [Bulgarie], <strong>Christopher C\u00d3RDOVA, <\/strong>Fondateur de RTD Ratings [Mexique], <strong>Emilie DE LOMBARES, <\/strong>Pr\u00e9sidente, ONET [France]. anim\u00e9e par <strong>Ulysse GOSSET, <\/strong>Editorialiste international, BFMTV [France]<\/p>\n<p><strong>11h40 \u2013 Leaders engag\u00e9s en commerce responsable et transports r\u00e9silients<\/strong><\/p>\n<p><strong>Mary Concilia ANCHANG<\/strong>, Avocate, Associ\u00e9e senior et Directrice g\u00e9n\u00e9rale du cabinet Onambele \u2013 Anchang &amp; Associates, Pr\u00e9sidente ex\u00e9cutive de la Chambre africaine du commerce et de l\u2019indutrie (ACC) [Cameroun], <strong>Christine CABAU WOEHREL<\/strong>, Vice-Pr\u00e9sidente en charge des op\u00e9rations et des actifs, CMA CGM [France], <strong>Prof. Dr. Nayla COMAIR-OBEID, <\/strong>Partenaire Fondatrice, Obeid &amp; Partners, Membre du Conseil d\u2019Administration du Conseil international pour l\u2019arbitrage commercial (ICCA), Ancienne Pr\u00e9sidente de la Chambre de Commerce Internationale [Liban], et <strong>Thomas FRIANG, <\/strong>Directeur ex\u00e9cutif, Institut G\u00e9opolitique &amp; Business de l\u2019ESSEC [France]<\/p>\n<p><strong>12h10 \u2013 Keynote\u00a0: La voix universelle d\u2019une femme engag\u00e9e<\/strong><\/p>\n<p><strong>Oleksandra Matviichuk<\/strong>, prix Nobel de la paix, \u00e9voque la place des femmes dans la d\u00e9mocratie et la paix.<\/p>\n<p><strong>12h20 \u2013 Lancement d\u2019un mouvement mondial<\/strong><\/p>\n<p>Avec\u00a0<strong>Chiara CORAZZA, R<\/strong>epr\u00e9sentante pour la France au G20 EMPOWER, Conseill\u00e8re au Gender Equality Advisory Council du G7, Conseill\u00e8re Sp\u00e9ciale du Global Leadership by Women Summit [Italie, Royaume Uni], <strong>Ayumi MOORE AOKI<\/strong> &#8211; Pr\u00e9sidente Fondatrice, Women in Tech\u00ae Global et Women in Tech Diplomacy [Br\u00e9sil, Japon], <strong>Dr. Harbeen ARORA RAI,<\/strong> Founder &amp; President, G100, ALL Ladies League (ALL) | Women Economic Forum (WEF), WICCI, Women\u2019s Indian Chamber of Commerce and Industry [Inde], <strong>Dr. Karen BRUG\u00c9S, <\/strong>CEO, Mujeres Violeta\u00ae and MiPartner Foundation, Chair World Economic Forum (WEF) Colombia, Global Chair G100 Zero Hunger Mission [Colombia], <strong>Marilena CITELLI FRANCESE, <\/strong>Pr\u00e9sidente, Women Economic Forum (WEF) Italy [Italie], <strong>Dr. Vladyslava MAGALETSKA,<\/strong> Pr\u00e9sidente, Women Economic Forum Poland and Ukraine 2026, G100 Global Chair \u2013 Family Business &amp; Future of Work [Ukraine], <strong>Nino ZAMBAKHIDZE, <\/strong>Pr\u00e9sidente de l\u2019Association des agriculteurs de G\u00e9orgie, Directrice de l\u2019Unity Academy, Conseill\u00e8re de l\u2019Advisory Council at G100 [G\u00e9orgie] le tout anim\u00e9 par <strong>Dr. Anino EMUWA,<\/strong> Founder, 100 Women @ Davos and Managing Director, Avandis Consulting [Nigeria]<\/p>\n<p><strong>Une matin\u00e9e riche en d\u00e9bats et perspectives<\/strong><\/p>\n<p>Cette premi\u00e8re partie du Global Leadership by Women Summit a pos\u00e9 les bases d\u2019un mouvement mondial pour un leadership inclusif et audacieux. \u00c0 travers des \u00e9changes inspirants et des interventions strat\u00e9giques, la matin\u00e9e a d\u00e9montr\u00e9 que l\u2019avenir se construira avec toutes les voix et toutes les expertises.<\/p>\n<p>La Provence et ses partenaires cr\u00e9ent ainsi un espace unique o\u00f9 les id\u00e9es deviennent des leviers d\u2019action.<\/p>\n<p><strong>Rendez-vous cet apr\u00e8s-midi pour poursuivre ces d\u00e9bats et assister \u00e0 la remise des Troph\u00e9es Femmes Leaders de demain.<\/strong><\/p>\n<p><strong>A suivre aussi en direct.<\/strong><\/p>\n","protected":false},"excerpt":{"rendered":"Organis\u00e9 \u00e0 Grand Central, Marseille, ce sommet met en lumi\u00e8re le leadership f\u00e9minin global, un enjeu crucial \u00e0&hellip;\n","protected":false},"author":2,"featured_media":561792,"comment_status":"","ping_status":"","sticky":false,"template":"","format":"standard","meta":{"footnotes":""},"categories":[2814],"tags":[17,1111,11,814,1777,674,1011,27,3465,884,12,54210,14455,882,25,5237,34066,27952],"class_list":{"0":"post-561791","1":"post","2":"type-post","3":"status-publish","4":"format-standard","5":"has-post-thumbnail","7":"category-marseille","8":"tag-17","9":"tag-actu","10":"tag-actualites","11":"tag-direct","12":"tag-eu","13":"tag-europe","14":"tag-fr","15":"tag-france","16":"tag-journee","17":"tag-marseille","18":"tag-news","19":"tag-nos-rendez-vous","20":"tag-notre","21":"tag-provence-alpes-cote-dazur","22":"tag-republique-francaise","23":"tag-suivez","24":"tag-summit","25":"tag-women"},"share_on_mastodon":{"url":"https:\/\/pubeurope.com\/@fr\/115620557097171386","error":""},"_links":{"self":[{"href":"https:\/\/www.europesays.com\/fr\/wp-json\/wp\/v2\/posts\/561791","targetHints":{"allow":["GET"]}}],"collection":[{"href":"https:\/\/www.europesays.com\/fr\/wp-json\/wp\/v2\/posts"}],"about":[{"href":"https:\/\/www.europesays.com\/fr\/wp-json\/wp\/v2\/types\/post"}],"author":[{"embeddable":true,"href":"https:\/\/www.europesays.com\/fr\/wp-json\/wp\/v2\/users\/2"}],"replies":[{"embeddable":true,"href":"https:\/\/www.europesays.com\/fr\/wp-json\/wp\/v2\/comments?post=561791"}],"version-history":[{"count":0,"href":"https:\/\/www.europesays.com\/fr\/wp-json\/wp\/v2\/posts\/561791\/revisions"}],"wp:featuredmedia":[{"embeddable":true,"href":"https:\/\/www.europesays.com\/fr\/wp-json\/wp\/v2\/media\/561792"}],"wp:attachment":[{"href":"https:\/\/www.europesays.com\/fr\/wp-json\/wp\/v2\/media?parent=561791"}],"wp:term":[{"taxonomy":"category","embeddable":true,"href":"https:\/\/www.europesays.com\/fr\/wp-json\/wp\/v2\/categories?post=561791"},{"taxonomy":"post_tag","embeddable":true,"href":"https:\/\/www.europesays.com\/fr\/wp-json\/wp\/v2\/tags?post=561791"}],"curies":[{"name":"wp","href":"https:\/\/api.w.org\/{rel}","templated":true}]}}