{"id":561796,"date":"2025-11-27T07:49:12","date_gmt":"2025-11-27T07:49:12","guid":{"rendered":"https:\/\/www.europesays.com\/fr\/561796\/"},"modified":"2025-11-27T07:49:12","modified_gmt":"2025-11-27T07:49:12","slug":"un-grand-groupe-de-710-salaries-va-installer-son-siege-en-ville-dans-ce-quartier","status":"publish","type":"post","link":"https:\/\/www.europesays.com\/fr\/561796\/","title":{"rendered":"un grand groupe de 710 salari\u00e9s va installer son si\u00e8ge en ville dans ce quartier"},"content":{"rendered":"<p>                    Par<br \/>\n        <strong><br \/>\n            <a href=\"https:\/\/actu.fr\/auteur\/redaction-lyon\" title=\"Consulter tous les articles de R\u00e9daction Lyon\" target=\"_blank\" rel=\"noopener\">R\u00e9daction Lyon<\/a><br \/>\n                    <\/strong><\/p>\n<p>        Publi\u00e9 le<\/p>\n<p>            27 nov. 2025 \u00e0 8h38        <\/p>\n<p>Le fabricant franco-autrichien de <strong>vaccins contre des maladies infectieuses<\/strong> notamment transmises par le moustique tigre, <strong>Valneva (environ 710 salari\u00e9s)<\/strong>, a annonc\u00e9 mercredi 26 novembre une r\u00e9organisation de ses activit\u00e9s en France qui pr\u00e9voit de les concentrer sur son site de <a href=\"https:\/\/actu.fr\/auvergne-rhone-alpes\/lyon_69123\" target=\"_blank\" rel=\"noopener\">Lyon<\/a>. Ses bureaux sont actuellement situ\u00e9s dans le quartier de Perrache, dans le 2e arrondissement.<\/p>\n<p class=\" wall-content\">Dans le cadre de cette \u00ab\u00a0consolidation des activit\u00e9s\u00a0\u00bb, Valneva a pr\u00e9vu de <strong>fermer son site de Nantes<\/strong> qui compte actuellement des activit\u00e9s op\u00e9rationnelles ainsi que certaines activit\u00e9s de recherche et d\u00e9veloppement pr\u00e9clinique, selon un communiqu\u00e9.<\/p>\n<p class=\" wall-content\">L\u2019ensemble des activit\u00e9s de recherche et d\u00e9veloppement (R&amp;D) sera centralis\u00e9 \u00e0 Vienne, en Autriche, selon Valneva, qui envisage de <strong>rapatrier son si\u00e8ge social \u00e0 Lyon<\/strong>, ville o\u00f9 il \u00e9tait initialement implant\u00e9 et qui est \u00ab\u00a0reconnue \u00e0 l\u2019international comme un p\u00f4le majeur dans le domaine des vaccins\u00a0\u00bb.<\/p>\n<p>Le si\u00e8ge social rapatri\u00e9 \u00e0 Lyon<\/p>\n<p class=\" wall-content\">Cette initiative permettra \u00ab\u00a0de rationaliser les op\u00e9rations et d\u2019am\u00e9liorer l\u2019efficacit\u00e9 en France\u00a0\u00bb, indique le communiqu\u00e9.<\/p>\n<p class=\" wall-content\">\u00ab\u00a0Trente personnes sont concern\u00e9es par cette r\u00e9organisation\u00a0\u00bb, a pr\u00e9cis\u00e9 \u00e0 l\u2019AFP la soci\u00e9t\u00e9, qui dit s\u2019engager \u00e0 \u00ab\u00a0accompagner ses employ\u00e9s tout au long de cette transition\u00a0\u00bb.<\/p>\n<p>Maladie de Lyme et virus Zika<\/p>\n<p class=\" wall-content\">Issue de la fusion en 2013 du sp\u00e9cialiste autrichien des vaccins Intercell et du fran\u00e7ais Vivalis, Valneva (713 salari\u00e9s) commercialise actuellement trois vaccins du voyage: contre le chikungunya (Ixchiq), contre l\u2019enc\u00e9phalite japonaise (Ixiaro) et contre le chol\u00e9ra (Dukoral).<\/p>\n<p class=\" wall-content\">La soci\u00e9t\u00e9 d\u00e9veloppe aussi un candidat vaccin (en partenariat avec Pfizer), contre la maladie de Lyme, transmise par des tiques, un autre contre la shigellose, maladie infectieuse de l\u2019intestin, et enfin contre le virus Zika transmis par des moustiques.<\/p>\n<p class=\" wall-content\"><strong>AFP<\/strong><\/p>\n<p class=\" wall-content\">Personnalisez votre actualit\u00e9 en ajoutant vos villes et m\u00e9dias en favori avec <a href=\"https:\/\/moncompte.actu.fr\" title=\"D\u00e9couvez Mon Actu\" rel=\"nofollow noopener\" data-trk=\"{&quot;cta&quot;:{&quot;action&quot;:&quot;https:\\\/\\\/moncompte.actu.fr&quot;,&quot;category&quot;:&quot;mon compte&quot;,&quot;from&quot;:&quot;article footer&quot;,&quot;name&quot;:&quot;Mon actu&quot;,&quot;type&quot;:&quot;cta&quot;}}\" target=\"_blank\">Mon Actu<\/a>.<\/p>\n","protected":false},"excerpt":{"rendered":"Par R\u00e9daction Lyon Publi\u00e9 le 27 nov. 2025 \u00e0 8h38 Le fabricant franco-autrichien de vaccins contre des maladies&hellip;\n","protected":false},"author":2,"featured_media":561797,"comment_status":"","ping_status":"","sticky":false,"template":"","format":"standard","meta":{"footnotes":""},"categories":[1889],"tags":[1111,11,2430,33,341,1777,674,1011,27,2428,12,25,71],"class_list":{"0":"post-561796","1":"post","2":"type-post","3":"status-publish","4":"format-standard","5":"has-post-thumbnail","7":"category-lyon","8":"tag-actu","9":"tag-actualites","10":"tag-auvergne-rhone-alpes","11":"tag-economie","12":"tag-emploi","13":"tag-eu","14":"tag-europe","15":"tag-fr","16":"tag-france","17":"tag-lyon","18":"tag-news","19":"tag-republique-francaise","20":"tag-sante"},"share_on_mastodon":{"url":"https:\/\/pubeurope.com\/@fr\/115620568324154181","error":""},"_links":{"self":[{"href":"https:\/\/www.europesays.com\/fr\/wp-json\/wp\/v2\/posts\/561796","targetHints":{"allow":["GET"]}}],"collection":[{"href":"https:\/\/www.europesays.com\/fr\/wp-json\/wp\/v2\/posts"}],"about":[{"href":"https:\/\/www.europesays.com\/fr\/wp-json\/wp\/v2\/types\/post"}],"author":[{"embeddable":true,"href":"https:\/\/www.europesays.com\/fr\/wp-json\/wp\/v2\/users\/2"}],"replies":[{"embeddable":true,"href":"https:\/\/www.europesays.com\/fr\/wp-json\/wp\/v2\/comments?post=561796"}],"version-history":[{"count":0,"href":"https:\/\/www.europesays.com\/fr\/wp-json\/wp\/v2\/posts\/561796\/revisions"}],"wp:featuredmedia":[{"embeddable":true,"href":"https:\/\/www.europesays.com\/fr\/wp-json\/wp\/v2\/media\/561797"}],"wp:attachment":[{"href":"https:\/\/www.europesays.com\/fr\/wp-json\/wp\/v2\/media?parent=561796"}],"wp:term":[{"taxonomy":"category","embeddable":true,"href":"https:\/\/www.europesays.com\/fr\/wp-json\/wp\/v2\/categories?post=561796"},{"taxonomy":"post_tag","embeddable":true,"href":"https:\/\/www.europesays.com\/fr\/wp-json\/wp\/v2\/tags?post=561796"}],"curies":[{"name":"wp","href":"https:\/\/api.w.org\/{rel}","templated":true}]}}