{"id":561811,"date":"2025-11-27T07:58:13","date_gmt":"2025-11-27T07:58:13","guid":{"rendered":"https:\/\/www.europesays.com\/fr\/561811\/"},"modified":"2025-11-27T07:58:13","modified_gmt":"2025-11-27T07:58:13","slug":"washington-deux-militaires-grievement-blesses-apres-des-tirs-visant-la-garde-nationale-mercredi","status":"publish","type":"post","link":"https:\/\/www.europesays.com\/fr\/561811\/","title":{"rendered":"Washington\u00a0: deux militaires gri\u00e8vement bless\u00e9s apr\u00e8s des tirs visant la Garde nationale mercredi"},"content":{"rendered":"<p>Des tirs ont touch\u00e9 deux militaires de la Garde nationale \u00e0 Washington, ce mercredi 26 novembre \u00e0 14h30, heure locale (19h30, heure fran\u00e7aise). Ils sont toujours dans un \u00e9tat critique. Le tireur pr\u00e9sum\u00e9, un ressortissant afghan de 29 ans, est \u00e9galement s\u00e9v\u00e8rement bless\u00e9.<\/p>\n<p>Donald Trump a d\u00e9nonc\u00e9 mercredi un \u00ab\u00a0acte de terreur\u00a0\u00bb et promis de renforcer ses politiques anti-immigration apr\u00e8s des tirs visant \u00e0 Washington <strong>deux militaires de la Garde nationale, qui sont toujours dans un \u00e9tat critique<\/strong>, selon les autorit\u00e9s. Les tirs sont survenus mercredi apr\u00e8s-midi en plein centre de la capitale am\u00e9ricaine.\u00a0Les deux militaires touch\u00e9s sont \u00ab\u00a0gri\u00e8vement bless\u00e9s\u00a0\u00bb et le tireur pr\u00e9sum\u00e9 est lui aussi \u00ab\u00a0s\u00e9v\u00e8rement bless\u00e9\u00a0\u00bb, a \u00e9crit Donald Trump sur son r\u00e9seau Truth Social, qualifiant l&rsquo;auteur d'\u00a0\u00bbanimal\u00a0\u00bb qui \u00ab\u00a0paierait tr\u00e8s cher\u00a0\u00bb son acte.<\/p>\n<p>Le suspect est un ressortissant afghan de 29 ans, qui avait travaill\u00e9 avec l&rsquo;arm\u00e9e am\u00e9ricaine et la CIA en Afghanistan avant d&rsquo;\u00eatre exfiltr\u00e9 vers les Etats-Unis, ont affirm\u00e9 mercredi des m\u00e9dias am\u00e9ricains.<\/p>\n<p>L&rsquo;immigration en cause selon Donald Trump<\/p>\n<p>Depuis la Floride, Donald Trump s&rsquo;est livr\u00e9 \u00e0 une v\u00e9h\u00e9mente diatribe contre l&rsquo;immigration, qualifi\u00e9e de \u00ab\u00a0plus grande menace pour la s\u00e9curit\u00e9 nationale\u00a0\u00bb, en reprochant \u00e0 son pr\u00e9d\u00e9cesseur d\u00e9mocrate Joe Biden (2021-2025) d&rsquo;avoir laiss\u00e9 entrer des \u00ab\u00a0millions\u00a0\u00bb d&rsquo;\u00e9trangers aux Etats-Unis. Le pr\u00e9sident r\u00e9publicain a dit que son gouvernement devait maintenant \u00ab\u00a0r\u00e9examiner\u00a0\u00bb tous les individus venus d&rsquo;Afghanistan quand Joe Biden \u00e9tait au pouvoir.<\/p>\n<p>Peu apr\u00e8s son allocution, le USCIS, une agence f\u00e9d\u00e9rale charg\u00e9e de l&rsquo;immigration, a indiqu\u00e9 sur ses r\u00e9seaux sociaux la suspension imm\u00e9diate et \u00e0 dur\u00e9e ind\u00e9finie du \u00ab\u00a0traitement de toutes les demandes d&rsquo;immigration concernant des ressortissants afghans\u00a0\u00bb, \u00ab\u00a0dans l&rsquo;attente d&rsquo;un nouvel examen des protocoles de s\u00e9curit\u00e9 et de v\u00e9rification\u00a0\u00bb. AfghanEvac, une organisation charg\u00e9e d&rsquo;aider des Afghans \u00e0 s&rsquo;\u00e9tablir aux Etats-Unis apr\u00e8s le retrait am\u00e9ricain d&rsquo;Afghanistan de 2021, s&rsquo;est d\u00e9fendue, affirmant proc\u00e9der \u00e0 \u00ab\u00a0des v\u00e9rifications de s\u00e9curit\u00e9 (&#8230;) parmi les plus approfondies\u00a0\u00bb en mati\u00e8re d&rsquo;immigration. <strong>\u00ab\u00a0L&rsquo;acte de cet individu isol\u00e9 et violent ne doit pas servir d&rsquo;excuse pour d\u00e9finir et rabaisser une communaut\u00e9 enti\u00e8re\u00a0\u00bb<\/strong>, a lanc\u00e9 son pr\u00e9sident, Shawn VanDiver.<\/p>\n<p>Les deux militaires dans un \u00ab\u00a0\u00e9tat critique\u00a0\u00bb<\/p>\n<p>Il s&rsquo;agit de la pire attaque commise contre la Garde nationale depuis son d\u00e9ploiement ces derniers mois dans des villes d\u00e9mocrates. Vers 14h15, heure locale (19h15, heure fran\u00e7aise), le \u00ab\u00a0suspect est arriv\u00e9 \u00e0 l&rsquo;angle de la rue, a soulev\u00e9 son arme \u00e0 feu et a tir\u00e9 vers des gardes nationaux\u00a0\u00bb\u00a0en patrouille, a d\u00e9clar\u00e9 lors d&rsquo;une conf\u00e9rence de presse Jeffery Carroll, un responsable de la police de Washington, parlant d&rsquo;un \u00ab\u00a0tireur solitaire\u00a0\u00bb. \u00ab\u00a0Les tirs \u00e9taient cibl\u00e9s\u00a0\u00bb, a compl\u00e9t\u00e9 Muriel Bowser, la maire d\u00e9mocrate de Washington, lors de la m\u00eame conf\u00e9rence de presse.<\/p>\n<p>Les deux militaires sont dans un \u00ab\u00a0\u00e9tat critique\u00a0\u00bb, a insist\u00e9 devant les cam\u00e9ras Kash Patel, le directeur du FBI, alors que la confusion a un temps r\u00e9gn\u00e9 sur leur sort. La police de Washington a par ailleurs fait savoir qu&rsquo;elle n&rsquo;avait pour l&rsquo;instant \u00ab\u00a0connaissance d&rsquo;aucun mobile\u00a0\u00bb.<\/p>\n<p>La Maison Blanche a, elle, accus\u00e9 l&rsquo;opposition d\u00e9mocrate d&rsquo;avoir \u00ab\u00a0diabolis\u00e9\u00a0\u00bb les soldats en critiquant leur d\u00e9ploiement. La Garde nationale est en effet d\u00e9ploy\u00e9e \u00e0 Washington depuis le 11 ao\u00fbt sur d\u00e9cision de Donald Trump qui affirme ainsi vouloir endiguer une criminalit\u00e9 galopante dans la capitale f\u00e9d\u00e9rale, ce que d\u00e9mentent les autorit\u00e9s d\u00e9mocrates.\u00a0<strong>Une juge f\u00e9d\u00e9rale a conclu le 20 novembre que ce d\u00e9ploiement, cens\u00e9 s&rsquo;achever le 28 f\u00e9vrier 2026, \u00e9tait ill\u00e9gal<\/strong>.\u00a0Elle a donn\u00e9 raison \u00e0 la municipalit\u00e9 de la capitale, qui accusait l&rsquo;ex\u00e9cutif f\u00e9d\u00e9ral d&rsquo;outrepasser ses pouvoirs.<\/p>\n","protected":false},"excerpt":{"rendered":"Des tirs ont touch\u00e9 deux militaires de la Garde nationale \u00e0 Washington, ce mercredi 26 novembre \u00e0 14h30,&hellip;\n","protected":false},"author":2,"featured_media":561812,"comment_status":"","ping_status":"","sticky":false,"template":"","format":"standard","meta":{"footnotes":""},"categories":[1589],"tags":[11,73,1866,12,1864,1865,1863,308],"class_list":{"0":"post-561811","1":"post","2":"type-post","3":"status-publish","4":"format-standard","5":"has-post-thumbnail","7":"category-etats-unis","8":"tag-actualites","9":"tag-etats-unis","10":"tag-etats-unis-damerique","11":"tag-news","12":"tag-united-states","13":"tag-united-states-of-america","14":"tag-us","15":"tag-usa"},"share_on_mastodon":{"url":"https:\/\/pubeurope.com\/@fr\/115620603764299876","error":""},"_links":{"self":[{"href":"https:\/\/www.europesays.com\/fr\/wp-json\/wp\/v2\/posts\/561811","targetHints":{"allow":["GET"]}}],"collection":[{"href":"https:\/\/www.europesays.com\/fr\/wp-json\/wp\/v2\/posts"}],"about":[{"href":"https:\/\/www.europesays.com\/fr\/wp-json\/wp\/v2\/types\/post"}],"author":[{"embeddable":true,"href":"https:\/\/www.europesays.com\/fr\/wp-json\/wp\/v2\/users\/2"}],"replies":[{"embeddable":true,"href":"https:\/\/www.europesays.com\/fr\/wp-json\/wp\/v2\/comments?post=561811"}],"version-history":[{"count":0,"href":"https:\/\/www.europesays.com\/fr\/wp-json\/wp\/v2\/posts\/561811\/revisions"}],"wp:featuredmedia":[{"embeddable":true,"href":"https:\/\/www.europesays.com\/fr\/wp-json\/wp\/v2\/media\/561812"}],"wp:attachment":[{"href":"https:\/\/www.europesays.com\/fr\/wp-json\/wp\/v2\/media?parent=561811"}],"wp:term":[{"taxonomy":"category","embeddable":true,"href":"https:\/\/www.europesays.com\/fr\/wp-json\/wp\/v2\/categories?post=561811"},{"taxonomy":"post_tag","embeddable":true,"href":"https:\/\/www.europesays.com\/fr\/wp-json\/wp\/v2\/tags?post=561811"}],"curies":[{"name":"wp","href":"https:\/\/api.w.org\/{rel}","templated":true}]}}