{"id":561819,"date":"2025-11-27T08:03:19","date_gmt":"2025-11-27T08:03:19","guid":{"rendered":"https:\/\/www.europesays.com\/fr\/561819\/"},"modified":"2025-11-27T08:03:19","modified_gmt":"2025-11-27T08:03:19","slug":"le-kenya-va-faire-appel-de-la-decision-dune-juridiction-regionale-qui-a-gele-laccord-commercial-avec-lue","status":"publish","type":"post","link":"https:\/\/www.europesays.com\/fr\/561819\/","title":{"rendered":"Le Kenya va faire appel de la d\u00e9cision d\u2019une juridiction r\u00e9gionale qui a gel\u00e9 l\u2019accord commercial avec l\u2019UE"},"content":{"rendered":"<p>AA \/ Kenya \/ Andrew Wasike<\/p>\n<p>Le Kenya a annonc\u00e9 mercredi qu\u2019il contestera une d\u00e9cision de la Cour de justice de l\u2019Afrique de l\u2019Est (EACJ) qui a suspendu la mise en \u0153uvre de son Accord de partenariat \u00e9conomique (APE) avec l\u2019Union europ\u00e9enne, avertissant que cette d\u00e9cision a d\u00e9stabilis\u00e9 les op\u00e9rateurs qui exp\u00e9dient chaque ann\u00e9e vers l\u2019Europe des marchandises d\u2019une valeur de plus d\u2019un milliard de dollars.<\/p>\n<p>Dans un communiqu\u00e9 adress\u00e9 aux m\u00e9dias, le ministre du Commerce, Lee Kinyanjui, a indiqu\u00e9 que la d\u00e9cision du 24 novembre, rendue dans le cadre d\u2019une plainte d\u00e9pos\u00e9e par l\u2019organisation non gouvernementale Centre for Law, Economics and Policy on East African Integration, avait cr\u00e9\u00e9 une \u00ab incertitude \u00bb pour les entreprises k\u00e9nyanes qui d\u00e9pendent du march\u00e9 europ\u00e9en.<\/p>\n<p>L\u2019affaire restera pendante devant la juridiction r\u00e9gionale pendant que le gouvernement cherche \u00e0 faire annuler la suspension.<\/p>\n<p>Kinyanjui a d\u00e9crit l\u2019APE Kenya\u2013UE comme une pierre angulaire de la croissance des exportations du pays et une source de revenus essentielle pour de nombreux m\u00e9nages, soulignant que l\u2019accord soutient plus largement les plans de d\u00e9veloppement et de cr\u00e9ation d\u2019emplois du gouvernement.<\/p>\n<p>Il a pr\u00e9cis\u00e9 que l\u2019an dernier, le Kenya avait export\u00e9 vers l\u2019UE pour une valeur de 1,56 milliard de dollars de marchandises, tandis que les importations en provenance du bloc s\u2019\u00e9levaient \u00e0 environ 2,09 milliards de dollars.<\/p>\n<p>Le ministre a insist\u00e9 sur le fait que, malgr\u00e9 l\u2019injonction, les exportateurs k\u00e9nyans \u00ab continueraient d\u2019acc\u00e9der au march\u00e9 de l\u2019UE \u00bb.<\/p>\n<p>\u00ab L\u2019APE Kenya\u2013UE est la bou\u00e9e de sauvetage de nos exportations en plein essor et une source de subsistance pour une large majorit\u00e9 des K\u00e9nyans \u00bb, a d\u00e9clar\u00e9 Kinyanjui.<\/p>\n<p>\u00ab Nous souhaitons confirmer \u00e0 tous les K\u00e9nyans et \u00e0 nos partenaires commerciaux que le Kenya continuera \u00e0 commercer avec l\u2019UE, et que des mesures sont prises pour garantir la continuit\u00e9, la pr\u00e9visibilit\u00e9 et la protection de nos accords commerciaux existants. \u00bb<\/p>\n<p>Selon le communiqu\u00e9, le minist\u00e8re, en coordination avec le bureau du procureur g\u00e9n\u00e9ral, a d\u00e9j\u00e0 engag\u00e9 des proc\u00e9dures d\u2019appel afin d\u2019obtenir r\u00e9paration et la lev\u00e9e des mesures d\u2019injonction, pour que la mise en \u0153uvre de l\u2019APE puisse reprendre pendant que l\u2019affaire est examin\u00e9e et tranch\u00e9e par la Cour.<\/p>\n<p>Kinyanjui a ajout\u00e9 que Nairobi consulterait \u00e9galement les autres \u00c9tats partenaires de la Communaut\u00e9 d\u2019Afrique de l\u2019Est (CAE) sur l\u2019interpr\u00e9tation de l\u2019article 37 du protocole de la CAE, faisant valoir que cette disposition vise \u00e0 promouvoir la transparence dans les accords commerciaux ext\u00e9rieurs plut\u00f4t qu\u2019\u00e0 bloquer des d\u00e9cisions commerciales souveraines.<\/p>\n<p>Il a averti que le fait de transformer cet article en un outil de contentieux fr\u00e9quent risquerait de r\u00e9duire la marge de man\u0153uvre politique et de faire appara\u00eetre la r\u00e9gion comme hostile aux investissements.<\/p>\n<p>* Traduit de l&rsquo;anglais par Serap Dogansoy<\/p>\n<p>                            &#13;<br \/>\n                                <a href=\"https:\/\/www.aa.com.tr\/fr\/p\/abonnement\/1001\" target=\"_blank\" style=\"font-size:12px; color:#444; text-decoration:none;\" rel=\"noopener\">&#13;<br \/>\n                                    Seulement une partie des d\u00e9p\u00eaches, que l&rsquo;Agence Anadolu diffuse \u00e0 ses abonn\u00e9s via le Syst\u00e8me de Diffusion interne (HAS), est diffus\u00e9e sur le site de l&rsquo;AA, de mani\u00e8re r\u00e9sum\u00e9e. <b style=\"color:#1897F7\">Contactez-nous s&rsquo;il vous pla\u00eet pour vous abonner.<\/b>&#13;<br \/>\n                                <\/a>&#13;<\/p>\n","protected":false},"excerpt":{"rendered":"AA \/ Kenya \/ Andrew Wasike Le Kenya a annonc\u00e9 mercredi qu\u2019il contestera une d\u00e9cision de la Cour&hellip;\n","protected":false},"author":2,"featured_media":561820,"comment_status":"","ping_status":"","sticky":false,"template":"","format":"standard","meta":{"footnotes":""},"categories":[1586],"tags":[67831,11,1785,67832,67833,33,1777,674,1779,1011,27,8557,12,25,1778,67316,364],"class_list":{"0":"post-561819","1":"post","2":"type-post","3":"status-publish","4":"format-standard","5":"has-post-thumbnail","7":"category-europe","8":"tag-accord-de-partenariat-conomique","9":"tag-actualites","10":"tag-anadolu-ajansi","11":"tag-ape-kenya-ue","12":"tag-cour-de-justice-de-lafrique-de-lest","13":"tag-economie","14":"tag-eu","15":"tag-europe","16":"tag-european-union","17":"tag-fr","18":"tag-france","19":"tag-kenya","20":"tag-news","21":"tag-republique-francaise","22":"tag-ue","23":"tag-ue-union-europenne","24":"tag-union-europeenne"},"share_on_mastodon":{"url":"https:\/\/pubeurope.com\/@fr\/115620623502588852","error":""},"_links":{"self":[{"href":"https:\/\/www.europesays.com\/fr\/wp-json\/wp\/v2\/posts\/561819","targetHints":{"allow":["GET"]}}],"collection":[{"href":"https:\/\/www.europesays.com\/fr\/wp-json\/wp\/v2\/posts"}],"about":[{"href":"https:\/\/www.europesays.com\/fr\/wp-json\/wp\/v2\/types\/post"}],"author":[{"embeddable":true,"href":"https:\/\/www.europesays.com\/fr\/wp-json\/wp\/v2\/users\/2"}],"replies":[{"embeddable":true,"href":"https:\/\/www.europesays.com\/fr\/wp-json\/wp\/v2\/comments?post=561819"}],"version-history":[{"count":0,"href":"https:\/\/www.europesays.com\/fr\/wp-json\/wp\/v2\/posts\/561819\/revisions"}],"wp:featuredmedia":[{"embeddable":true,"href":"https:\/\/www.europesays.com\/fr\/wp-json\/wp\/v2\/media\/561820"}],"wp:attachment":[{"href":"https:\/\/www.europesays.com\/fr\/wp-json\/wp\/v2\/media?parent=561819"}],"wp:term":[{"taxonomy":"category","embeddable":true,"href":"https:\/\/www.europesays.com\/fr\/wp-json\/wp\/v2\/categories?post=561819"},{"taxonomy":"post_tag","embeddable":true,"href":"https:\/\/www.europesays.com\/fr\/wp-json\/wp\/v2\/tags?post=561819"}],"curies":[{"name":"wp","href":"https:\/\/api.w.org\/{rel}","templated":true}]}}