{"id":561833,"date":"2025-11-27T08:14:20","date_gmt":"2025-11-27T08:14:20","guid":{"rendered":"https:\/\/www.europesays.com\/fr\/561833\/"},"modified":"2025-11-27T08:14:20","modified_gmt":"2025-11-27T08:14:20","slug":"les-conseils-de-bardet-a-seixas-un-prodige-predestine-aux-sommets-sports","status":"publish","type":"post","link":"https:\/\/www.europesays.com\/fr\/561833\/","title":{"rendered":"Les conseils de Bardet \u00e0 Seixas, un prodige \u00ab\u00a0pr\u00e9destin\u00e9\u00a0aux sommets \u00bb : Sports"},"content":{"rendered":"<p class=\"date\">\n                                                            Paul Rouget, Media365 : publi\u00e9 le mercredi 26 novembre 2025 \u00e0 16h35\n                                                    <\/p>\n<p>Interrog\u00e9 sur une \u00e9ventuelle participation de Paul Seixas (19 ans) au prochain Tour de France, le n\u00e9o-retrait\u00e9 Romain Bardet a livr\u00e9 quelques pr\u00e9cieux conseils.<\/p>\n<p>A l&rsquo;issue d&rsquo;une premi\u00e8re saison professionnelle conclue en beaut\u00e9 le mois dernier avec <a href=\"https:\/\/sports.orange.fr\/cyclisme\/article\/seixas-du-jamais-vu-depuis-1917-exclu-CNT000002laZPY.html\" target=\"_blank\" rel=\"noopener\">une 7e place historique sur le Tour de Lombardie<\/a>, apr\u00e8s avoir d\u00e9croch\u00e9 une m\u00e9daille d&rsquo;argent lors du contre-la-montre en relais mixte des Mondiaux, puis <a href=\"https:\/\/sports.orange.fr\/cyclisme\/article\/championnats-d-europe-seixas-voeckler-bluffe-mais-pas-etonne-CNT000002l4i5Y.html\" target=\"_blank\" rel=\"noopener\">le bronze, derri\u00e8re Tadej Pogacar et Remco Evenepoel, au championnat d&rsquo;Europe<\/a>, Paul Seixas suscite un enthousiasme d\u00e9bordant.<\/p>\n<p>A tel point que beaucoup veulent d\u00e9j\u00e0 voir <a href=\"https:\/\/sports.orange.fr\/cyclisme\/tour-de-france\/les-francais\/article\/tour-de-france-vingegaard-previent-seixas-exclu-CNT000002lhGPn.html\" target=\"_blank\" rel=\"noopener\">le jeune Lyonnais (19 ans) de Decathlon-AG2R La Mondiale align\u00e9 sur le prochain Tour de France<\/a>. Et alors que Bernard Hinault, qui pr\u00e9f\u00e9rerait d&rsquo;abord le voir \u00ab\u00a0se faire les dents\u00a0\u00bb sur le Giro ou la Vuelta, n&rsquo;est donc pas de cet avis, un n\u00e9o-retrait\u00e9 a aussi \u00e9t\u00e9 interrog\u00e9 sur le sujet. Romain Bardet, qui a raccroch\u00e9 apr\u00e8s le Dauphin\u00e9, rappelle d&rsquo;abord qu&rsquo;\u00ab\u00a0il faut garder en t\u00eate qu&rsquo;une carri\u00e8re peut para\u00eetre courte, mais c&rsquo;est long \u00e0 la fois.\u00a0\u00bb<\/p>\n<p>\u00ab\u00a0Il y a un emballement qui m&rsquo;inqui\u00e8te un petit peu\u00a0\u00bb<\/p>\n<p>\u00ab\u00a0Bien loin de moi l&rsquo;id\u00e9e de donner des conseils \u00e0 qui que ce soit mais qu&rsquo;il faut envisager des plans de carri\u00e8re, poursuit, aupr\u00e8s du Dauphin\u00e9, <a href=\"https:\/\/sports.orange.fr\/cyclisme\/article\/bardet-je-ne-m-entraine-plus-je-roule-exclu-CNT000002l9pGw.html\" target=\"_blank\" rel=\"noopener\">celui qui s&rsquo;est mis, avec succ\u00e8s au gravel<\/a>. Et le plus dur, en v\u00e9lo, c&rsquo;est aussi de conserver ce feu int\u00e9rieur, cette insouciance, cette envie. Cette flamme qui brille en nous et qui nous prend aussi beaucoup en retour. On le voit avec (Tadej) Pogacar et ce qu&rsquo;il commence \u00e0 exprimer par rapport au Tour de France. Au-del\u00e0 de la pure performance physique et de la capacit\u00e9 \u00e0 progresser chaque ann\u00e9e, c&rsquo;est garder ce feu int\u00e9rieur pour envisager \u00e0 ce que Paul (Seixas) atteigne les sommets auxquels il est pr\u00e9destin\u00e9. \u00bb<\/p>\n<p>Avant de dresser un constat lucide sur l&rsquo;\u00e9volution de son sport : \u00ab Il y a un emballement qui m&rsquo;inqui\u00e8te un petit peu dans toute la dimension hyper dure que cela impose aux jeunes athl\u00e8tes. Maintenant, pour passer professionnel, les jeunes sont oblig\u00e9s d&rsquo;avoir un niveau d&rsquo;exigence qui est tellement \u00e9lev\u00e9 par rapport \u00e0 ma g\u00e9n\u00e9ration, o\u00f9 nous \u00e9tions vraiment amateurs dans la d\u00e9marche. Aujourd&rsquo;hui, acc\u00e9der aux rangs professionnels demande un engagement total. \u00bb Et de regretter que \u00ab cette facette-l\u00e0, avec les contraintes mentales qui en d\u00e9coulent, peut sur le long terme affaiblir un petit peu la motivation. \u00bb<\/p>\n","protected":false},"excerpt":{"rendered":"Paul Rouget, Media365 : publi\u00e9 le mercredi 26 novembre 2025 \u00e0 16h35 Interrog\u00e9 sur une \u00e9ventuelle participation de&hellip;\n","protected":false},"author":2,"featured_media":561834,"comment_status":"","ping_status":"","sticky":false,"template":"","format":"standard","meta":{"footnotes":""},"categories":[1411],"tags":[1154,207,1011,27,60],"class_list":{"0":"post-561833","1":"post","2":"type-post","3":"status-publish","4":"format-standard","5":"has-post-thumbnail","7":"category-cyclisme","8":"tag-cycling","9":"tag-cyclisme","10":"tag-fr","11":"tag-france","12":"tag-sports"},"share_on_mastodon":{"url":"https:\/\/pubeurope.com\/@fr\/115620666733456265","error":""},"_links":{"self":[{"href":"https:\/\/www.europesays.com\/fr\/wp-json\/wp\/v2\/posts\/561833","targetHints":{"allow":["GET"]}}],"collection":[{"href":"https:\/\/www.europesays.com\/fr\/wp-json\/wp\/v2\/posts"}],"about":[{"href":"https:\/\/www.europesays.com\/fr\/wp-json\/wp\/v2\/types\/post"}],"author":[{"embeddable":true,"href":"https:\/\/www.europesays.com\/fr\/wp-json\/wp\/v2\/users\/2"}],"replies":[{"embeddable":true,"href":"https:\/\/www.europesays.com\/fr\/wp-json\/wp\/v2\/comments?post=561833"}],"version-history":[{"count":0,"href":"https:\/\/www.europesays.com\/fr\/wp-json\/wp\/v2\/posts\/561833\/revisions"}],"wp:featuredmedia":[{"embeddable":true,"href":"https:\/\/www.europesays.com\/fr\/wp-json\/wp\/v2\/media\/561834"}],"wp:attachment":[{"href":"https:\/\/www.europesays.com\/fr\/wp-json\/wp\/v2\/media?parent=561833"}],"wp:term":[{"taxonomy":"category","embeddable":true,"href":"https:\/\/www.europesays.com\/fr\/wp-json\/wp\/v2\/categories?post=561833"},{"taxonomy":"post_tag","embeddable":true,"href":"https:\/\/www.europesays.com\/fr\/wp-json\/wp\/v2\/tags?post=561833"}],"curies":[{"name":"wp","href":"https:\/\/api.w.org\/{rel}","templated":true}]}}