{"id":561841,"date":"2025-11-27T08:20:44","date_gmt":"2025-11-27T08:20:44","guid":{"rendered":"https:\/\/www.europesays.com\/fr\/561841\/"},"modified":"2025-11-27T08:20:44","modified_gmt":"2025-11-27T08:20:44","slug":"on-ne-lavait-pas-tres-bien-accueilli","status":"publish","type":"post","link":"https:\/\/www.europesays.com\/fr\/561841\/","title":{"rendered":"On ne l&rsquo;avait pas tr\u00e8s bien accueilli"},"content":{"rendered":"<p>Au cours de la quotidienne de la Star Academy diffus\u00e9e ce mercredi 29 novembre, L\u00e9a a d\u00e9plor\u00e9 le mauvais comportement des \u00e9l\u00e8ves vis-\u00e0-vis de Ladji Doucour\u00e9 lors des derniers cours de sport.<\/p>\n<p>\u00c0 la Star Academy, le mardi rime avec sport. Les \u00e9l\u00e8ves sont suivis par un champion du monde pour garder la forme et se pr\u00e9parer au rythme intense de la tourn\u00e9e \u00e0 venir. Ladji Doucour\u00e9 prend tr\u00e8s \u00e0 c\u0153ur son r\u00f4le de professeur et tente &#8211; particuli\u00e8rement cette saison &#8211; d&rsquo;apporter des surprises dans ses cours. Les candidats ont ainsi eu la chance de se faire coacher par <a href=\"https:\/\/www.programme-tv.net\/news\/tv\/390633-ladji-doucoure-star-academy-revele-quune-star-du-football-va-rencontrer-les-eleves-au-chateau\/\" data-api-deeplink=\"teleloisirs:\/\/news\/390633\" target=\"_blank\" rel=\"noopener\">Laure Boulleau<\/a>, <a href=\"https:\/\/www.programme-tv.net\/news\/tv\/391875-je-ne-m-attendais-pas-a-autant-d-engouement-julien-lieb-star-academy-invite-au-chateau-ce-cadeau-surprenant-qu-il-a-offert-aux-eleves\/\" data-api-deeplink=\"teleloisirs:\/\/news\/391875\" target=\"_blank\" rel=\"noopener\">Julien Lieb<\/a> ou encore <a href=\"https:\/\/www.programme-tv.net\/news\/tv\/391424-oh-je-suis-comme-un-fou-tibo-inshape-debarque-par-surprise-au-chateau-de-la-star-academy-pour-un-cours-de-sport\/\" data-api-deeplink=\"teleloisirs:\/\/news\/391424\" target=\"_blank\" rel=\"noopener\">Tibo InShape<\/a> en l&rsquo;espace d&rsquo;un mois. Toutefois, le sp\u00e9cialiste du 110 m\u00e8tres haie fait face \u00e0 des apprentis fain\u00e9ants ces derniers jours. Plusieurs sont, en effet, arriv\u00e9s \u00ab\u00a0pas tr\u00e8s r\u00e9veill\u00e9s\u00a0\u00bb lors de la session d&rsquo;acrosport du 19\u00a0novembre et ne s&rsquo;en sont clairement pas cach\u00e9s. Jonglant entre les b\u00e2illements des uns et le manque d&rsquo;entrain des autres, l&rsquo;athl\u00e8te a fait mine de ne rien voir et s&rsquo;est montr\u00e9 encourageant. Mais<a href=\"https:\/\/www.programme-tv.net\/news\/tv\/392456-je-me-suis-toujours-interdit-de-ladji-doucoure-star-academy-furieux-contre-les-eleves-nommes-de-la-semaine-il-leur-passe-un-savon\/\" data-api-deeplink=\"teleloisirs:\/\/news\/392456\" target=\"_blank\" rel=\"noopener\"> l&rsquo;attitude des trois nomm\u00e9s &#8211; qui \u00e9taient sur le point de s\u00e9cher un entra\u00eenement afin de prolonger leur nuit <\/a>&#8211; a franchement d\u00e9pit\u00e9 le quadrag\u00e9naire.<\/p>\n<p>Une semaine apr\u00e8s cet \u00e9pisode d\u00e9cevant, Ladji Doucour\u00e9 a fait son retour au ch\u00e2teau, une fois encore, avec un accompagnant comme ont pu le suivre les t\u00e9l\u00e9spectateurs de TF1 dans la quotidienne diffus\u00e9e ce mercredi 26\u00a0novembre \u00e0 partir de 17h30. Entour\u00e9 d&rsquo;un grimpeur professionnel, le sportif a introduit les r\u00e8gles de cette classe<a href=\"https:\/\/www.programme-tv.net\/news\/tv\/392644-michael-goldman-star-academy-2025-annonce-les-regles-des-evaluations-de-la-semaine-des-destins-lies\/\" data-api-deeplink=\"teleloisirs:\/\/news\/392644\" target=\"_blank\" rel=\"noopener\"> sp\u00e9ciale \u00ab\u00a0destins li\u00e9s\u00a0\u00bb<\/a> et a tr\u00e8s surpris de l&rsquo;accueil plus jovial que lui ont r\u00e9serv\u00e9 Th\u00e9o P., Ambre et leurs camarades. \u00ab\u00a0\u00c7a change, j&rsquo;en profite ! D&rsquo;habitude quand je viens, ils sont comme \u00e7a, mains dans les poches et je suis d\u00e9\u00e7u. <b>Et l\u00e0, ils sont venus en courant donc je suis assez content. C&rsquo;est qu&rsquo;ils sont remotiv\u00e9s<\/b>\u00ab\u00a0, a d\u00e9cr\u00e9t\u00e9 le coach.<\/p>\n<p>L\u00e9a et Victor (Star Academy) reconnaissent le mauvais comportement des \u00e9l\u00e8ves lors du dernier cours de Ladji Doucour\u00e9<\/p>\n<p>Au confessionnal avec Victor, <a href=\"https:\/\/www.programme-tv.net\/news\/tv\/392636-on-ne-verra-plus-en-larmes-au-debrief-lea-star-academy-2025-revient-sur-son-duo-avec-camille-lellouche\/\" data-api-deeplink=\"teleloisirs:\/\/news\/392636\" target=\"_blank\" rel=\"noopener\">L\u00e9a<\/a> a reconnu face cam\u00e9ra : <b>\u00ab\u00a0C&rsquo;est vrai qu&rsquo;on ne l&rsquo;avait pas tr\u00e8s bien accueilli la derni\u00e8re fois, le matin. On s&rsquo;est tous sentis trop mal\u00a0\u00bb<\/b>. Et <a href=\"https:\/\/www.programme-tv.net\/news\/tv\/392781-la-meuf-desesperee-victor-star-academy-sans-pincettes-il-debriefe-son-evaluation-en-duo-avec-lea\/\" data-api-deeplink=\"teleloisirs:\/\/news\/392781\" target=\"_blank\" rel=\"noopener\">son bin\u00f4me <\/a>de compl\u00e9ter justement : \u00ab\u00a0C&rsquo;est notre fa\u00e7on \u00e0 nous de lui montrer qu&rsquo;on est tout aussi excit\u00e9s de participer \u00e0 son cours qu&rsquo;aux autres, on veut lui faire plaisir\u00a0\u00bb. Objectif r\u00e9ussi : les sourires n&rsquo;ont pas quitt\u00e9 le visage des acad\u00e9miciens&#8230; et de leur mentor !<\/p>\n","protected":false},"excerpt":{"rendered":"Au cours de la quotidienne de la Star Academy diffus\u00e9e ce mercredi 29 novembre, L\u00e9a a d\u00e9plor\u00e9 le&hellip;\n","protected":false},"author":2,"featured_media":561842,"comment_status":"","ping_status":"","sticky":false,"template":"","format":"standard","meta":{"footnotes":""},"categories":[1356],"tags":[244,58,59,1011,27,67834,66789,5095,252,199,1364],"class_list":{"0":"post-561841","1":"post","2":"type-post","3":"status-publish","4":"format-standard","5":"has-post-thumbnail","7":"category-television","8":"tag-commentaire","9":"tag-divertissement","10":"tag-entertainment","11":"tag-fr","12":"tag-france","13":"tag-ladji-doucouru00e9","14":"tag-lu00e9a-star-academy-2025","15":"tag-star-academy","16":"tag-television","17":"tag-tf1","18":"tag-tv"},"share_on_mastodon":{"url":"https:\/\/pubeurope.com\/@fr\/115620690327719011","error":""},"_links":{"self":[{"href":"https:\/\/www.europesays.com\/fr\/wp-json\/wp\/v2\/posts\/561841","targetHints":{"allow":["GET"]}}],"collection":[{"href":"https:\/\/www.europesays.com\/fr\/wp-json\/wp\/v2\/posts"}],"about":[{"href":"https:\/\/www.europesays.com\/fr\/wp-json\/wp\/v2\/types\/post"}],"author":[{"embeddable":true,"href":"https:\/\/www.europesays.com\/fr\/wp-json\/wp\/v2\/users\/2"}],"replies":[{"embeddable":true,"href":"https:\/\/www.europesays.com\/fr\/wp-json\/wp\/v2\/comments?post=561841"}],"version-history":[{"count":0,"href":"https:\/\/www.europesays.com\/fr\/wp-json\/wp\/v2\/posts\/561841\/revisions"}],"wp:featuredmedia":[{"embeddable":true,"href":"https:\/\/www.europesays.com\/fr\/wp-json\/wp\/v2\/media\/561842"}],"wp:attachment":[{"href":"https:\/\/www.europesays.com\/fr\/wp-json\/wp\/v2\/media?parent=561841"}],"wp:term":[{"taxonomy":"category","embeddable":true,"href":"https:\/\/www.europesays.com\/fr\/wp-json\/wp\/v2\/categories?post=561841"},{"taxonomy":"post_tag","embeddable":true,"href":"https:\/\/www.europesays.com\/fr\/wp-json\/wp\/v2\/tags?post=561841"}],"curies":[{"name":"wp","href":"https:\/\/api.w.org\/{rel}","templated":true}]}}