{"id":561843,"date":"2025-11-27T08:21:12","date_gmt":"2025-11-27T08:21:12","guid":{"rendered":"https:\/\/www.europesays.com\/fr\/561843\/"},"modified":"2025-11-27T08:21:12","modified_gmt":"2025-11-27T08:21:12","slug":"ces-quinze-derniers-mois-ont-ete-extremement-difficiles-devenu-presque-aveugle-elton-john-donne-de-ses-nouvelles","status":"publish","type":"post","link":"https:\/\/www.europesays.com\/fr\/561843\/","title":{"rendered":"\u00ab\u00a0Ces quinze derniers mois ont \u00e9t\u00e9 extr\u00eamement difficiles\u00a0\u00bb : devenu presque aveugle, Elton John donne de ses nouvelles"},"content":{"rendered":"<p class=\"mb-4 text-lg md:leading-8 break-words\">Fort d\u2019une carri\u00e8re que l\u2019on ne pr\u00e9sente plus, Elton John s\u2019est impos\u00e9 comme l\u2019une des stars les plus engag\u00e9es et vocales de sa g\u00e9n\u00e9ration, aussi bien pour ses combats que pour ceux des autres. Malheureusement, en 2023, le chanteur disait au revoir \u00e0 la sc\u00e8ne lors d\u2019une tourn\u00e9e d\u2019adieux particuli\u00e8rement \u00e9mouvante, bousculant sa carri\u00e8re \u00e0 cause de soucis de sant\u00e9 importants. Parmi eux : une infection oculaire qui a laiss\u00e9 l\u2019artiste presque aveugle. Un changement de vie difficile pour Elton John, qui s\u2019en confiait dans les colonnes de Variety le mardi 25 novembre 2025, r\u00e9v\u00e9lant que les derniers mois avaient \u00e9t\u00e9 particuli\u00e8rement \u00e9prouvants pour lui.<\/p>\n<p class=\"mb-4 text-lg md:leading-8 break-words\">\u00ab\u00a0C&rsquo;est terrible\u00a0\u00bb, confiait-il \u00e0 nos confr\u00e8res, pr\u00e9cisant : \u00ab\u00a0J&rsquo;ai perdu mon \u0153il droit et mon \u0153il gauche est tr\u00e8s faible. Ces quinze derniers mois ont \u00e9t\u00e9 extr\u00eamement difficiles, car je ne pouvais rien voir, rien regarder, rien lire\u00a0\u00bb. Forc\u00e9 de faire preuve de r\u00e9silience, le mari de David Furnish trouvait tout de m\u00eame du positif \u00e0 sa situation. \u00ab\u00a0J&rsquo;ai eu une vie incroyable, et il y a de l&rsquo;espoir. Je dois juste \u00eatre patient et esp\u00e9rer que la science finira par me gu\u00e9rir. Une fois que j&rsquo;aurai trouv\u00e9 une solution, tout ira bien\u00a0\u00bb, terminait-il. Reste \u00e0 savoir s\u2019il r\u00e9ussira \u00e0 soigner sa c\u00e9cit\u00e9.<\/p>\n<p class=\"mb-4 text-lg md:leading-8 break-words\">Si sa maladie a profond\u00e9ment touch\u00e9 sa vue, l\u2019obligeant \u00e0 repenser son quotidien, Elton John a choisi de continuer \u00e0 trouver du positif dans son malheur. \u00ab\u00a0J&rsquo;ai vraiment beaucoup de chance. Cela m&rsquo;aide, ainsi que la Fondation contre le sida, car quand on (&#8230;)<\/p>\n<p class=\"mb-4 text-lg md:leading-8 break-words\">(&#8230;) <a data-i13n=\"cpos:1;pos:1\" href=\"https:\/\/www.femmeactuelle.fr\/actu\/news-actu\/ces-quinze-derniers-mois-ont-ete-extremement-difficiles-devenu-presque-aveugle-elton-john-donne-de-ses-nouvelles-2201512\" rel=\"nofollow noopener\" target=\"_blank\" data-ylk=\"slk:Cliquez ici pour voir la suite;cpos:1;pos:1;elm:context_link;itc:0;sec:content-canvas\" class=\"link \">Cliquez ici pour voir la suite<\/a><\/p>\n<p class=\"mb-4 text-lg md:leading-8 break-words\"><a data-i13n=\"cpos:2;pos:1\" href=\"https:\/\/www.femmeactuelle.fr\/actu\/news-actu\/j-en-ai-pour-3-mois-christine-bravo-donne-de-ses-nouvelles-apres-avoir-ete-alitee-pendant-des-semaines-2176146\" rel=\"nofollow noopener\" target=\"_blank\" data-ylk=\"slk:&quot;J&#039;en ai pour 3 mois&quot;, Christine Bravo donne de ses nouvelles apr\u00e8s avoir \u00e9t\u00e9 alit\u00e9e pendant des semaines;cpos:2;pos:1;elm:context_link;itc:0;sec:content-canvas\" class=\"link \">\u00ab\u00a0J&rsquo;en ai pour 3 mois\u00a0\u00bb, Christine Bravo donne de ses nouvelles apr\u00e8s avoir \u00e9t\u00e9 alit\u00e9e pendant des semaines<\/a><br \/><a data-i13n=\"cpos:3;pos:1\" href=\"https:\/\/www.femmeactuelle.fr\/actu\/news-actu\/elle-va-mieux-un-proche-d-isabelle-nanty-donne-de-ses-nouvelles-deux-mois-apres-son-accident-de-voiture-2200114\" rel=\"nofollow noopener\" target=\"_blank\" data-ylk=\"slk:&quot;Elle va mieux&quot; : un proche d&#039;Isabelle Nanty donne de ses nouvelles, deux mois apr\u00e8s son accident de voiture;cpos:3;pos:1;elm:context_link;itc:0;sec:content-canvas\" class=\"link \">\u00ab\u00a0Elle va mieux\u00a0\u00bb : un proche d&rsquo;Isabelle Nanty donne de ses nouvelles, deux mois apr\u00e8s son accident de voiture<\/a><br \/><a data-i13n=\"cpos:4;pos:1\" href=\"https:\/\/www.femmeactuelle.fr\/actu\/news-actu\/elle-vivait-un-drame-les-derniers-mois-difficiles-de-marion-game-racontes-par-sophie-darel-sa-partenaire-dans-scenes-de-menages-2170481\" rel=\"nofollow noopener\" target=\"_blank\" data-ylk=\"slk:&quot;Elle vivait un drame&quot; : les derniers mois difficiles de Marion Game racont\u00e9s par Sophie Darel, sa partenaire dans &quot;Sc\u00e8nes de m\u00e9nages&quot;;cpos:4;pos:1;elm:context_link;itc:0;sec:content-canvas\" class=\"link \">\u00ab\u00a0Elle vivait un drame\u00a0\u00bb : les derniers mois difficiles de Marion Game racont\u00e9s par Sophie Darel, sa partenaire dans \u00ab\u00a0Sc\u00e8nes de m\u00e9nages\u00a0\u00bb<\/a><br \/><a data-i13n=\"cpos:5;pos:1\" href=\"https:\/\/www.femmeactuelle.fr\/actu\/news-actu\/elton-john-revele-avoir-perdu-la-vue-dun-oeil-suite-a-une-grave-infection-2180889\" rel=\"nofollow noopener\" target=\"_blank\" data-ylk=\"slk:Elton John r\u00e9v\u00e8le avoir perdu la vue d\u2019un \u0153il suite \u00e0 \u201cune grave infection\u201d;cpos:5;pos:1;elm:context_link;itc:0;sec:content-canvas\" class=\"link \">Elton John r\u00e9v\u00e8le avoir perdu la vue d\u2019un \u0153il suite \u00e0 \u201cune grave infection\u201d<\/a><br \/><a data-i13n=\"cpos:6;pos:1\" href=\"https:\/\/www.femmeactuelle.fr\/actu\/news-actu\/mort-d-emile-de-nouvelles-expertises-adn-ont-ete-demandees-2187160\" rel=\"nofollow noopener\" target=\"_blank\" data-ylk=\"slk:Mort d&#039;\u00c9mile : de nouvelles expertises ADN ont \u00e9t\u00e9 demand\u00e9es;cpos:6;pos:1;elm:context_link;itc:0;sec:content-canvas\" class=\"link \">Mort d&rsquo;\u00c9mile : de nouvelles expertises ADN ont \u00e9t\u00e9 demand\u00e9es<\/a><\/p>\n","protected":false},"excerpt":{"rendered":"Fort d\u2019une carri\u00e8re que l\u2019on ne pr\u00e9sente plus, Elton John s\u2019est impos\u00e9 comme l\u2019une des stars les plus&hellip;\n","protected":false},"author":2,"featured_media":561844,"comment_status":"","ping_status":"","sticky":false,"template":"","format":"standard","meta":{"footnotes":""},"categories":[1355],"tags":[3508,58,3509,59,1011,27,1361,873],"class_list":{"0":"post-561843","1":"post","2":"type-post","3":"status-publish","4":"format-standard","5":"has-post-thumbnail","7":"category-musique","8":"tag-david-furnish","9":"tag-divertissement","10":"tag-elton-john","11":"tag-entertainment","12":"tag-fr","13":"tag-france","14":"tag-music","15":"tag-musique"},"share_on_mastodon":{"url":"https:\/\/pubeurope.com\/@fr\/115620694324994229","error":""},"_links":{"self":[{"href":"https:\/\/www.europesays.com\/fr\/wp-json\/wp\/v2\/posts\/561843","targetHints":{"allow":["GET"]}}],"collection":[{"href":"https:\/\/www.europesays.com\/fr\/wp-json\/wp\/v2\/posts"}],"about":[{"href":"https:\/\/www.europesays.com\/fr\/wp-json\/wp\/v2\/types\/post"}],"author":[{"embeddable":true,"href":"https:\/\/www.europesays.com\/fr\/wp-json\/wp\/v2\/users\/2"}],"replies":[{"embeddable":true,"href":"https:\/\/www.europesays.com\/fr\/wp-json\/wp\/v2\/comments?post=561843"}],"version-history":[{"count":0,"href":"https:\/\/www.europesays.com\/fr\/wp-json\/wp\/v2\/posts\/561843\/revisions"}],"wp:featuredmedia":[{"embeddable":true,"href":"https:\/\/www.europesays.com\/fr\/wp-json\/wp\/v2\/media\/561844"}],"wp:attachment":[{"href":"https:\/\/www.europesays.com\/fr\/wp-json\/wp\/v2\/media?parent=561843"}],"wp:term":[{"taxonomy":"category","embeddable":true,"href":"https:\/\/www.europesays.com\/fr\/wp-json\/wp\/v2\/categories?post=561843"},{"taxonomy":"post_tag","embeddable":true,"href":"https:\/\/www.europesays.com\/fr\/wp-json\/wp\/v2\/tags?post=561843"}],"curies":[{"name":"wp","href":"https:\/\/api.w.org\/{rel}","templated":true}]}}