{"id":561847,"date":"2025-11-27T08:23:19","date_gmt":"2025-11-27T08:23:19","guid":{"rendered":"https:\/\/www.europesays.com\/fr\/561847\/"},"modified":"2025-11-27T08:23:19","modified_gmt":"2025-11-27T08:23:19","slug":"je-nose-meme-plus-appeler-mon-oncologue","status":"publish","type":"post","link":"https:\/\/www.europesays.com\/fr\/561847\/","title":{"rendered":"\u00ab\u00a0Je n\u2019ose m\u00eame plus appeler mon oncologue\u00a0\u00bb"},"content":{"rendered":"<p>Tousser est un acte banal que nous r\u00e9p\u00e9tons plusieurs fois par jour lorsque nos voies respiratoires sont irrit\u00e9es. Jean-Marc, Alsacien de 65 ans, a commenc\u00e9 \u00e0 s\u2019inqui\u00e9ter lorsqu\u2019en juin\u00a02023, il a pris de s\u00e9v\u00e8res quintes de toux qui ne passaient pas. Sportif de nature, il se retrouve inhabituellement essouffl\u00e9 apr\u00e8s des randonn\u00e9es et des sorties \u00e0 v\u00e9lo. Il consulte son m\u00e9decin, qui lui fait passer un scanner permettant de d\u00e9couvrir un \u00e9panchement pleural (une accumulation de liquide dans les poumons) puis une IRM d\u00e9tectant un liposarcome. \u00ab\u00a0Je n\u2019avais aucune id\u00e9e de ce que cela pouvait \u00eatre et le m\u00e9decin qui m\u2019a annonc\u00e9 la nouvelle m\u2019a dit qu\u2019il n\u2019avait jamais vu \u00e7a\u00a0\u00bb, se rem\u00e9more Jean-Marc. \u00ab\u00a0On m\u2019a juste expliqu\u00e9 que c\u2019\u00e9tait canc\u00e9reux, mais pas invasif.\u00a0\u00bb<\/p>\n<p>Un liposarcome est un <a href=\"https:\/\/www.leprogres.fr\/social\/2022\/11\/28\/travailler-avec-un-cancer-un-defi-pour-salaries-et-entreprises\" target=\"_blank\" rel=\"nofollow noopener\">cancer rare<\/a> qui affecte les tissus mous du corps. Il y a entre\u00a03\u00a0000\u00a0et 4\u00a0000 nouveaux cas chaque ann\u00e9e. Il existe plus de 50 types de sarcomes des tissus mous. Dans le cas de Jean-Marc, c\u2019est un liposarcome des tissus mous dans la cage thoracique, encore plus inhabituel. Tr\u00e8s vite, il passe sur la table d\u2019op\u00e9ration mais le chirurgien n\u2019arrive pas \u00e0 retirer la masse graisseuse, d\u00e9j\u00e0 bien d\u00e9velopp\u00e9e, situ\u00e9e dans sa cage thoracique. Comme pour beaucoup de cas de cancer, il a ensuite d\u00fb suivre plusieurs s\u00e9ances de chimioth\u00e9rapie. \u00ab\u00a0L\u2019oncologue m\u2019avait pr\u00e9venu\u00a0: mon pronostic vital \u00e9tait engag\u00e9. J\u2019ai demand\u00e9 aux m\u00e9decins combien de temps il me restait, ils ne savaient pas me r\u00e9pondre\u00a0\u00bb, se souvient douloureusement l\u2019Alsacien. \u00ab\u00a0Au d\u00e9but, j\u2019\u00e9tais dans le d\u00e9ni, je n\u2019acceptais pas la maladie, je ne ressentais rien. Et puis au fil des mois, j\u2019ai commenc\u00e9 \u00e0 m\u2019affaiblir, je ne pouvais plus me regarder dans le miroir\u00a0\u00bb, poursuit-il.<\/p>\n<p>Heureusement, apr\u00e8s plusieurs s\u00e9ances de chimioth\u00e9rapie et de radioth\u00e9rapie jusqu\u2019en mars\u00a02024, la tumeur, si elle n\u2019a pas pu \u00eatre \u00e9radiqu\u00e9e, a \u00e9t\u00e9 stabilis\u00e9e et ne grossit plus. Mais Jean-Marc n\u2019est pas sorti indemne de ces mois intensifs de soins. Une fois par mois, il doit r\u00e9aliser une ponction pleurale \u00e0 l\u2019h\u00f4pital pour enlever le liquide pr\u00e9sent dans ses poumons et faire un scanner tous les trois mois pour surveiller la taille de la tumeur. Il le sait, il n\u2019est pas gu\u00e9ri et apprend \u00e0 vivre avec sa maladie et les effets secondaires qui vont avec. \u00ab\u00a0Je suis toujours tr\u00e8s essouffl\u00e9, fatigu\u00e9. J\u2019ai perdu une quinzaine de kilos depuis la chimioth\u00e9rapie et la masse musculaire qui va avec, je n\u2019ai plus la sensation de faim. J\u2019ai aussi des probl\u00e8mes de sommeil, des insomnies, des crises d\u2019angoisse li\u00e9es \u00e0 la maladie\u00a0\u00bb, \u00e9num\u00e8re-t-il.<\/p>\n<p>  Une angoisse avant chaque scanner<\/p>\n<p>Ce cancer rare est entour\u00e9 de beaucoup de zones d\u2019ombre pour le corps m\u00e9dical comme pour Jean-Marc, malgr\u00e9 l\u2019avis de plusieurs sp\u00e9cialistes. \u00ab\u00a0Pour l\u2019instant, on ne peut pas l\u2019\u00e9radiquer. Je suis oblig\u00e9 de vivre avec mes probl\u00e8mes respiratoires, entre autres, car il n\u2019y a pas de solutions. On ne sait pas comment cette maladie peut \u00e9voluer, ni comment elle est arriv\u00e9e. Ce n\u2019est pas g\u00e9n\u00e9tique, ce n\u2019est pas h\u00e9r\u00e9ditaire\u00a0\u00bb, d\u00e9veloppe-t-il. Un flou m\u00e9dical qui touche fortement son quotidien. \u00c0 la retraite depuis la fin de l\u2019ann\u00e9e 2019, entre le Covid-19 et sa maladie, ses projets ont avort\u00e9. \u00ab\u00a0Je projetais de faire les ch\u00e2teaux de la Loire, des chemins de randonn\u00e9e. Aujourd\u2019hui, tout est tomb\u00e9 \u00e0 l\u2019eau, je ne peux pas marcher plus de cinq kilom\u00e8tres, je suis extr\u00eamement essouffl\u00e9. Avant, je pouvais facilement en faire 20. M\u00eame les trajets en transport sont longs et difficilement g\u00e9rables. Ma retraite s\u2019est arr\u00eat\u00e9e le 17\u00a0juillet 2023, le jour o\u00f9 j\u2019ai appris ma maladie\u00a0\u00bb, regrette-t-il.<\/p>\n<p>Le plus difficile\u00a0? L\u2019incertitude. \u00ab\u00a0Avant chaque scanner, c\u2019est un stress immense, je sais qu\u2019\u00e0 tout moment, le liposarcome peut grossir. C\u2019est un peu comme avoir une \u00e9p\u00e9e de Damocl\u00e8s au-dessus de la t\u00eate. Une autre chimioth\u00e9rapie avait un temps \u00e9t\u00e9 \u00e9voqu\u00e9e. Je n\u2019ose m\u00eame pas appeler mon oncologue de peur de ce qu\u2019on pourrait m\u2019annoncer\u00a0\u00bb, d\u00e9crit-il. S\u2019il continue une vie normale en apparence, son quotidien n\u2019est plus le m\u00eame\u00a0: \u00ab\u00a0D\u00e8s que j\u2019essaye de faire une activit\u00e9, m\u00eame du bricolage, je fatigue tr\u00e8s vite, j\u2019ai des douleurs dans le dos, dans les bras.\u00a0\u00bb<\/p>\n<p>Contrairement \u00e0 d\u2019autres maladies plus communes, les cas de liposarcome des tissus mous dans la cage thoracique \u00e9tant peu r\u00e9pandus, Jean-Marc ne peut pas \u00e9changer avec d\u2019autres personnes souffrant de la m\u00eame chose. \u00ab\u00a0Je vois bien une psychologue, mais ce n\u2019est pas la m\u00eame chose. Je pense que \u00e7a me ferait du bien de pouvoir parler avec des personnes qui traversent la m\u00eame chose que moi\u00a0\u00bb, confie-t-il. Il garde quand m\u00eame espoir qu\u2019une technique m\u00e9dicale puisse le soulager et lui permettre de profiter pleinement de sa retraite. \u00ab\u00a0Je n\u2019ai que 65 ans\u00a0!\u00a0\u00bb, dit-il en gardant le sourire.<\/p>\n","protected":false},"excerpt":{"rendered":"Tousser est un acte banal que nous r\u00e9p\u00e9tons plusieurs fois par jour lorsque nos voies respiratoires sont irrit\u00e9es.&hellip;\n","protected":false},"author":2,"featured_media":561848,"comment_status":"","ping_status":"","sticky":false,"template":"","format":"standard","meta":{"footnotes":""},"categories":[10],"tags":[107,1011,27,329,72,1031,15108,71,104],"class_list":{"0":"post-561847","1":"post","2":"type-post","3":"status-publish","4":"format-standard","5":"has-post-thumbnail","7":"category-sante","8":"tag-fil-info","9":"tag-fr","10":"tag-france","11":"tag-france-monde","12":"tag-health","13":"tag-magazine","14":"tag-magazine-lifestyle","15":"tag-sante","16":"tag-societe"},"share_on_mastodon":{"url":"https:\/\/pubeurope.com\/@fr\/115620702159566575","error":""},"_links":{"self":[{"href":"https:\/\/www.europesays.com\/fr\/wp-json\/wp\/v2\/posts\/561847","targetHints":{"allow":["GET"]}}],"collection":[{"href":"https:\/\/www.europesays.com\/fr\/wp-json\/wp\/v2\/posts"}],"about":[{"href":"https:\/\/www.europesays.com\/fr\/wp-json\/wp\/v2\/types\/post"}],"author":[{"embeddable":true,"href":"https:\/\/www.europesays.com\/fr\/wp-json\/wp\/v2\/users\/2"}],"replies":[{"embeddable":true,"href":"https:\/\/www.europesays.com\/fr\/wp-json\/wp\/v2\/comments?post=561847"}],"version-history":[{"count":0,"href":"https:\/\/www.europesays.com\/fr\/wp-json\/wp\/v2\/posts\/561847\/revisions"}],"wp:featuredmedia":[{"embeddable":true,"href":"https:\/\/www.europesays.com\/fr\/wp-json\/wp\/v2\/media\/561848"}],"wp:attachment":[{"href":"https:\/\/www.europesays.com\/fr\/wp-json\/wp\/v2\/media?parent=561847"}],"wp:term":[{"taxonomy":"category","embeddable":true,"href":"https:\/\/www.europesays.com\/fr\/wp-json\/wp\/v2\/categories?post=561847"},{"taxonomy":"post_tag","embeddable":true,"href":"https:\/\/www.europesays.com\/fr\/wp-json\/wp\/v2\/tags?post=561847"}],"curies":[{"name":"wp","href":"https:\/\/api.w.org\/{rel}","templated":true}]}}