{"id":56185,"date":"2025-04-27T06:27:18","date_gmt":"2025-04-27T06:27:18","guid":{"rendered":"https:\/\/www.europesays.com\/fr\/56185\/"},"modified":"2025-04-27T06:27:18","modified_gmt":"2025-04-27T06:27:18","slug":"noyal-chatillon-sur-seiche-bouge-pour-ta-sante-un-rendez-vous-dimanche-matin","status":"publish","type":"post","link":"https:\/\/www.europesays.com\/fr\/56185\/","title":{"rendered":"Noyal-Ch\u00e2tillon-sur-Seiche. Bouge pour ta sant\u00e9\u00a0: un rendez-vous dimanche matin"},"content":{"rendered":"<p>Dimanche, \u00e0 l\u2019espace Louis-Texier, de 9\u00a0h\u00a030 \u00e0 13\u00a0h, la CPTS (Communaut\u00e9 professionnelle territoriale de sant\u00e9) de la Seiche organise une matin\u00e9e rencontre gratuite et ouverte \u00e0 tous avec les acteurs de l\u2019Apa (Activit\u00e9 physique adapt\u00e9e) locale.<\/p>\n<p>Flora Noblet, charg\u00e9e de communication et gestion administrative et Ana Kerarvran, charg\u00e9e de pr\u00e9vention et coordination des soins, toutes deux salari\u00e9es de la CPTS, pr\u00e9sentent et d\u00e9taillent le programme de cette matin\u00e9e\u00a0:<strong> \u00ab\u00a0Cette premi\u00e8re session a pour objectif de cr\u00e9er un espace de rencontre entre les acteurs de l\u2019Apa locale et les habitants des communes.<\/strong><strong> C<\/strong><strong>et \u00e9v\u00e9nement permettra de d\u00e9couvrir les bienfaits de l\u2019Apa \u00e0 travers des stands, des conf\u00e9rences et des ateliers anim\u00e9s par des acteurs locaux.\u00a0\u00bb<\/strong> Trois conf\u00e9rences d\u2019une dur\u00e9e de 30\u00a0minutes chacune, seront anim\u00e9es par la docteure Sophie Cha, m\u00e9decin biologiste et titulaire d\u2019une capacit\u00e9 en m\u00e9decine du sport.<\/p>\n<p><strong>Renseignements<\/strong>\u00a0: site internet : www.cptsdelaseiche.fr<\/p>\n<p>\u00a0<\/p>\n","protected":false},"excerpt":{"rendered":"Dimanche, \u00e0 l\u2019espace Louis-Texier, de 9\u00a0h\u00a030 \u00e0 13\u00a0h, la CPTS (Communaut\u00e9 professionnelle territoriale de sant\u00e9) de la Seiche&hellip;\n","protected":false},"author":2,"featured_media":56186,"comment_status":"","ping_status":"","sticky":false,"template":"","format":"standard","meta":{"footnotes":""},"categories":[2821],"tags":[1111,11,15143,829,6664,1777,674,1011,27,4659,12,15142,12407,584,25,71],"class_list":{"0":"post-56185","1":"post","2":"type-post","3":"status-publish","4":"format-standard","5":"has-post-thumbnail","7":"category-rennes","8":"tag-actu","9":"tag-actualites","10":"tag-bouge","11":"tag-bretagne","12":"tag-dimanche","13":"tag-eu","14":"tag-europe","15":"tag-fr","16":"tag-france","17":"tag-matin","18":"tag-news","19":"tag-noyal-chatillon-sur-seiche","20":"tag-rendez-vous","21":"tag-rennes","22":"tag-republique-francaise","23":"tag-sante"},"share_on_mastodon":{"url":"https:\/\/pubeurope.com\/@fr\/114408511558195070","error":""},"_links":{"self":[{"href":"https:\/\/www.europesays.com\/fr\/wp-json\/wp\/v2\/posts\/56185","targetHints":{"allow":["GET"]}}],"collection":[{"href":"https:\/\/www.europesays.com\/fr\/wp-json\/wp\/v2\/posts"}],"about":[{"href":"https:\/\/www.europesays.com\/fr\/wp-json\/wp\/v2\/types\/post"}],"author":[{"embeddable":true,"href":"https:\/\/www.europesays.com\/fr\/wp-json\/wp\/v2\/users\/2"}],"replies":[{"embeddable":true,"href":"https:\/\/www.europesays.com\/fr\/wp-json\/wp\/v2\/comments?post=56185"}],"version-history":[{"count":0,"href":"https:\/\/www.europesays.com\/fr\/wp-json\/wp\/v2\/posts\/56185\/revisions"}],"wp:featuredmedia":[{"embeddable":true,"href":"https:\/\/www.europesays.com\/fr\/wp-json\/wp\/v2\/media\/56186"}],"wp:attachment":[{"href":"https:\/\/www.europesays.com\/fr\/wp-json\/wp\/v2\/media?parent=56185"}],"wp:term":[{"taxonomy":"category","embeddable":true,"href":"https:\/\/www.europesays.com\/fr\/wp-json\/wp\/v2\/categories?post=56185"},{"taxonomy":"post_tag","embeddable":true,"href":"https:\/\/www.europesays.com\/fr\/wp-json\/wp\/v2\/tags?post=56185"}],"curies":[{"name":"wp","href":"https:\/\/api.w.org\/{rel}","templated":true}]}}