{"id":561857,"date":"2025-11-27T08:28:12","date_gmt":"2025-11-27T08:28:12","guid":{"rendered":"https:\/\/www.europesays.com\/fr\/561857\/"},"modified":"2025-11-27T08:28:12","modified_gmt":"2025-11-27T08:28:12","slug":"a-hong-kong-au-moins-55-morts-dans-le-pire-incendie-depuis-des-decennies-actualites","status":"publish","type":"post","link":"https:\/\/www.europesays.com\/fr\/561857\/","title":{"rendered":"A Hong Kong, au moins 55 morts dans le pire incendie depuis des d\u00e9cennies : Actualit\u00e9s"},"content":{"rendered":"<p class=\"lead \">Les secours continuent jeudi \u00e0 combattre les flammes et \u00e0 rechercher plus de 250 disparus dans un ensemble de gratte-ciel de Hong Kong ravag\u00e9 par un incendie qui a fait au moins 55 morts, le pire qu&rsquo;ait connu la place financi\u00e8re asiatique depuis des d\u00e9cennies.<\/p>\n<p class=\"lead \">L&rsquo;incendie est \u00e0 pr\u00e9sent \u00e9teint dans quatre des sept tours touch\u00e9es par les flammes et sous contr\u00f4le dans trois autres, ont indiqu\u00e9 les pompiers \u00e0 la presse \u00e0 la mi-journ\u00e9e, rehaussant \u00e9galement le bilan \u00e0 55 morts, contre 44 jusqu&rsquo;ici. <\/p>\n<p class=\"lead \">Parmi ces victimes, 51 sont d\u00e9c\u00e9d\u00e9es dans l&rsquo;incendie et quatre \u00e0 l&rsquo;h\u00f4pital, ont pr\u00e9cis\u00e9 les pompiers.<\/p>\n<p class=\"lead \"> Une impressionnante cha\u00eene de solidarit\u00e9 de centaines de personnes s&rsquo;est mise en place spontan\u00e9ment autour du complexe immobilier Wang Fuk Court, un ensemble de huit immeubles de 31 \u00e9tages en cours de r\u00e9novation, ont constat\u00e9 des journalistes de l&rsquo;AFP.<\/p>\n<p class=\"lead \">\u00ab\u00a0C&rsquo;est vraiment touchant. L&rsquo;esprit de Hong Kong, c&rsquo;est que quand quelqu&rsquo;un est en difficult\u00e9, tout le monde lui apporte son soutien\u00a0\u00bb, se r\u00e9jouit Stone Ngai, 38 ans, l&rsquo;un des organisateurs d&rsquo;un poste de secours improvis\u00e9.<\/p>\n<p class=\"lead \">Le dirigeant de Hong Kong, John Lee, parlait t\u00f4t jeudi matin de 279 personnes manquant toujours \u00e0 l&rsquo;appel. Les secours ont cependant indiqu\u00e9 ult\u00e9rieurement avoir localis\u00e9 certains des disparus.<\/p>\n<p class=\"lead \">Les policiers cherchent \u00e0 savoir comment les gratte-ciel ont pu se retrouver mercredi la proie de gigantesques flammes d\u00e9gageant un impressionnant nuage noir au-dessus de ce territoire r\u00e9put\u00e9 parmi les plus dens\u00e9ment peupl\u00e9s au monde.<\/p>\n<p class=\"lead \">La police a annonc\u00e9 avoir arr\u00eat\u00e9 trois hommes, apr\u00e8s la d\u00e9couverte de mat\u00e9riaux inflammables abandonn\u00e9s lors de travaux de maintenance qui ont conduit le feu \u00e0 \u00ab\u00a0se propager rapidement\u00a0\u00bb. Ils sont soup\u00e7onn\u00e9s de \u00ab\u00a0grossi\u00e8re n\u00e9gligence\u00a0\u00bb, a dit la police.<\/p>\n<p class=\"lead \">Apr\u00e8s avoir combattu les flammes toute la nuit, les pompiers aspergeaient jeudi les b\u00e2timents qui continuaient \u00e0 fumer.<\/p>\n<p class=\"lead \">L&rsquo;incendie s&rsquo;est d\u00e9clar\u00e9 mercredi peu avant 15H00 (07H00 GMT) dans le district de Tai Po, dans le nord de la ville. Probablement favoris\u00e9 par les \u00e9chafaudages de bambou et les mat\u00e9riaux synth\u00e9tiques employ\u00e9s \u00e0 la r\u00e9novation, le feu a rapidement gagn\u00e9 sept des huit tours de ce complexe inaugur\u00e9 en 1983 et comprenant 1.984 logements.<\/p>\n<p class=\"lead \">Plus de 1.200 personnes ont \u00e9t\u00e9 mobilis\u00e9es pour les op\u00e9rations de secours, selon les autorit\u00e9s de ce territoire \u00e0 statut sp\u00e9cial de la Chine. Un pompier figure parmi les 44 personnes d\u00e9c\u00e9d\u00e9es. Le consulat d&rsquo;Indon\u00e9sie a aussi rapport\u00e9 la mort de deux ressortissants, des employ\u00e9s de maison.<\/p>\n<p class=\"lead \">Un porte-parole du gouvernement a indiqu\u00e9 \u00e0 l&rsquo;AFP que 61 personnes \u00e9taient encore hospitalis\u00e9es, dont 15 dans un \u00e9tat critique.<\/p>\n<p class=\"lead \">Derek Armstrong Chan, directeur adjoint du service de lutte contre les incendies, a soulign\u00e9 la difficult\u00e9 des op\u00e9rations de secours dans des temp\u00e9ratures tr\u00e8s \u00e9lev\u00e9es, et en particulier celle d&rsquo;acc\u00e9der \u00e0 certains \u00e9tages.<\/p>\n<p class=\"lead \">&#8211; \u00ab\u00a0An\u00e9anti\u00a0\u00bb &#8211;<\/p>\n<p class=\"lead \">\u00ab\u00a0Le feu s&rsquo;est propag\u00e9 si vite. J&rsquo;ai vu une lance \u00e0 incendie tenter de sauver plusieurs b\u00e2timents, et j&rsquo;ai trouv\u00e9 cela beaucoup trop lent\u00a0\u00bb, raconte un homme du nom de Suen.<\/p>\n<p class=\"lead \">\u00ab\u00a0On sonnait aux portes, on frappait, on alertait les voisins, on leur disait d&rsquo;\u00e9vacuer\u2026 C&rsquo;\u00e9tait comme \u00e7a qu&rsquo;on vivait la situation\u00a0\u00bb, ajoute-t-il.<\/p>\n<p class=\"lead \">M. Yuen, 65 ans, qui habite l\u00e0 depuis plus de 40 ans, explique que beaucoup de ses voisins \u00e9taient \u00e2g\u00e9s et \u00e0 mobilit\u00e9 r\u00e9duite. \u00ab\u00a0Certaines personnes ignoraient qu&rsquo;il y avait un incendie et ont d\u00fb \u00eatre pr\u00e9venues par t\u00e9l\u00e9phone par leurs voisins\u00a0\u00bb, raconte-t-il. \u00ab\u00a0Je suis an\u00e9anti!\u00a0\u00bb<\/p>\n<p class=\"lead \">Plus de 900 \u00e9vacu\u00e9s ont \u00e9t\u00e9 accueillies dans des abris provisoires, o\u00f9 des volontaires apportaient soutien moral et couvertures.<\/p>\n<p class=\"lead \">Des personnes y sont arriv\u00e9es toute la nuit pour signaler la disparition de membres de leur famille, n&rsquo;arrivant pas \u00e0 les joindre. Certains \u00e9taient assis, h\u00e9b\u00e9t\u00e9s, fixant avec des yeux rougis les \u00e9crans de leurs t\u00e9l\u00e9phones portables, esp\u00e9rant des nouvelles de leurs proches.<\/p>\n<p class=\"lead \">John Lee a annonc\u00e9 jeudi que tous les grands chantiers de r\u00e9novation seraient inspect\u00e9s.<\/p>\n<p class=\"lead \">Les incendies ont longtemps constitu\u00e9 un fl\u00e9au \u00e0 Hong Kong, particuli\u00e8rement dans les quartiers pauvres. Le renforcement des mesures de s\u00e9curit\u00e9 ces derni\u00e8res d\u00e9cennies a permis de les rendre plus rares.<\/p>\n<p class=\"lead \">Cependant, le risque est accru par le fait que Hong Kong, qui compte 7,5 millions d&rsquo;habitants, affiche une densit\u00e9 moyenne de plus de 7.100 habitants au kilom\u00e8tre carr\u00e9. Or ce chiffre est jusqu&rsquo;\u00e0 trois fois sup\u00e9rieure dans les zones les plus urbanis\u00e9es.<\/p>\n<p class=\"lead \">Avec l&rsquo;exigu\u00eft\u00e9 du territoire, les derni\u00e8res d\u00e9cennies ont \u00e9t\u00e9 marqu\u00e9es par la construction d&rsquo;une profusion de tours pouvant compter plus de 50 \u00e9tages.<\/p>\n<p class=\"lead \">Le pr\u00e9sident chinois Xi Jinping a pr\u00e9sent\u00e9 ses condol\u00e9ances aux proches de victimes, et appel\u00e9 \u00e0 tout faire \u00ab\u00a0pour \u00e9teindre l&rsquo;incendie et minimiser les pertes humaines et mat\u00e9rielles\u00a0\u00bb, selon la cha\u00eene publique CCTV.<\/p>\n<p class=\"small font-weight-bold text-gray3 \"> publi\u00e9 le 27 novembre \u00e0 09h06, AFP<\/p>\n<p>                             Partager<\/p>\n","protected":false},"excerpt":{"rendered":"Les secours continuent jeudi \u00e0 combattre les flammes et \u00e0 rechercher plus de 250 disparus dans un ensemble&hellip;\n","protected":false},"author":2,"featured_media":561858,"comment_status":"","ping_status":"","sticky":false,"template":"","format":"standard","meta":{"footnotes":""},"categories":[5],"tags":[11,45124,1771,309,4476,1011,27,8226,1310,14,12,7342,28],"class_list":{"0":"post-561857","1":"post","2":"type-post","3":"status-publish","4":"format-standard","5":"has-post-thumbnail","7":"category-international","8":"tag-actualites","9":"tag-btiment","10":"tag-btp","11":"tag-chine","12":"tag-construction","13":"tag-fr","14":"tag-france","15":"tag-hongkong","16":"tag-incendie","17":"tag-international","18":"tag-news","19":"tag-secours","20":"tag-world"},"share_on_mastodon":{"url":"https:\/\/pubeurope.com\/@fr\/115620721859938784","error":""},"_links":{"self":[{"href":"https:\/\/www.europesays.com\/fr\/wp-json\/wp\/v2\/posts\/561857","targetHints":{"allow":["GET"]}}],"collection":[{"href":"https:\/\/www.europesays.com\/fr\/wp-json\/wp\/v2\/posts"}],"about":[{"href":"https:\/\/www.europesays.com\/fr\/wp-json\/wp\/v2\/types\/post"}],"author":[{"embeddable":true,"href":"https:\/\/www.europesays.com\/fr\/wp-json\/wp\/v2\/users\/2"}],"replies":[{"embeddable":true,"href":"https:\/\/www.europesays.com\/fr\/wp-json\/wp\/v2\/comments?post=561857"}],"version-history":[{"count":0,"href":"https:\/\/www.europesays.com\/fr\/wp-json\/wp\/v2\/posts\/561857\/revisions"}],"wp:featuredmedia":[{"embeddable":true,"href":"https:\/\/www.europesays.com\/fr\/wp-json\/wp\/v2\/media\/561858"}],"wp:attachment":[{"href":"https:\/\/www.europesays.com\/fr\/wp-json\/wp\/v2\/media?parent=561857"}],"wp:term":[{"taxonomy":"category","embeddable":true,"href":"https:\/\/www.europesays.com\/fr\/wp-json\/wp\/v2\/categories?post=561857"},{"taxonomy":"post_tag","embeddable":true,"href":"https:\/\/www.europesays.com\/fr\/wp-json\/wp\/v2\/tags?post=561857"}],"curies":[{"name":"wp","href":"https:\/\/api.w.org\/{rel}","templated":true}]}}