{"id":561861,"date":"2025-11-27T08:30:22","date_gmt":"2025-11-27T08:30:22","guid":{"rendered":"https:\/\/www.europesays.com\/fr\/561861\/"},"modified":"2025-11-27T08:30:22","modified_gmt":"2025-11-27T08:30:22","slug":"les-16-departements-concernes-par-lalerte-meteo-les-risques-sont-importants","status":"publish","type":"post","link":"https:\/\/www.europesays.com\/fr\/561861\/","title":{"rendered":"les 16\u00a0d\u00e9partements concern\u00e9s par l&rsquo;alerte m\u00e9t\u00e9o, les risques sont importants"},"content":{"rendered":"<p class=\"app_entry_lead\">\n<p>                    <a title=\"\" href=\"https:\/\/www.europesays.com\/fr\/wp-content\/uploads\/2025\/11\/83166866.jpg\" class=\"fancy\"><\/p>\n<p>                            <img loading=\"lazy\" decoding=\"async\" src=\"https:\/\/www.europesays.com\/fr\/wp-content\/uploads\/2025\/11\/83166866.jpg\" alt=\"Vigilance neige et verglas\u00a0: les 16\u00a0d\u00e9partements concern\u00e9s par l'alerte m\u00e9t\u00e9o, les risques sont importants\" width=\"1500\" height=\"1000\"\/><\/p>\n<p>                    <\/a><\/p>\n<p>                La neige continue de tomber ce jeudi 27\u00a0novembre. 16\u00a0d\u00e9partements sont encore en vigilance. Les reliefs sont de plus en plus blancs et le risque d&rsquo;avalanches persiste.<\/p>\n<p>Depuis le d\u00e9but de la semaine, la neige tombe en France, particuli\u00e8rement en montagne. Ce jeudi 27 novembre, 16 d\u00e9partements sont encore plac\u00e9s en vigilance par M\u00e9t\u00e9o-France, mais pas exactement les m\u00eames que la veille.\u00a0Si les territoires vosgiens et ceux du Massif central sont toujours concern\u00e9s, les alertes ont \u00e9t\u00e9 lev\u00e9es dans les Alpes et activ\u00e9es dans les Pyr\u00e9n\u00e9es. L&rsquo;Ari\u00e8ge, l&rsquo;Aveyron, le Cantal, la Corr\u00e8ze, la Haute-Corse, la Creuse, le Doubs, la Haute-Garonne, le Jura, la Haute-Loire, le Puy-de-D\u00f4me, les Pyr\u00e9n\u00e9es-Atlantiques, les Hautes-Pyr\u00e9n\u00e9es, la Haute-Sa\u00f4ne, les Vosges et le Territoire de Belfort sont concern\u00e9s.<\/p>\n<p><img loading=\"lazy\" decoding=\"async\" height=\"586\" src=\"https:\/\/www.europesays.com\/fr\/wp-content\/uploads\/2025\/11\/1764232222_979_live.png\" width=\"746\"\/><\/p>\n<p>Selon M\u00e9t\u00e9o France, \u00ab\u00a0quelques flocons\u00a0concernent le Massif central, d\u00e8s 500\u00a0m le matin. Des bruines vergla\u00e7antes n\u2019y sont pas exclues tr\u00e8s localement vers la mi-journ\u00e9e\u00a0\u00bb.\u00a0En Corse, des averses neigeuses se produisent vers 1000 m d&rsquo;altitude. Il fait, par ailleurs, encore tr\u00e8s froid dans le nord-est avec des maximales entre 3 et 7 degr\u00e9s. Il faut faire attention sur les routes suite \u00e0 de possibles brouillards givrants et des chauss\u00e9es glissantes \u00ab\u00a0par formation de verglas routier\u00a0\u00bb. Les minimales sont aussi n\u00e9gatives dans le sud-ouest pr\u00e8s des Pyr\u00e9n\u00e9es, avec entre -4 et -2 degr\u00e9s,\u00a0pouvant provoquer des gel\u00e9es. Vendredi, un redoux est annonc\u00e9\u00a0et ces vigilances devraient \u00eatre lev\u00e9es.<\/p>\n<p>L&rsquo;enneigement des massifs est d\u00e9sormais assez important, surtout dans les Alpes du Nord d\u00e8s 1400 m\u00e8tres, avec entre 85 cm et 1,40 m de neige. Dans les Pyr\u00e9n\u00e9es aussi, la neige s&rsquo;est accumul\u00e9e. Cela met cependant face \u00e0 un risque d&rsquo;avalanches. C&rsquo;est pourquoi 12 d\u00e9partements sont encore plac\u00e9s en vigilance jaune avalanches ce jeudi : la Savoie, la Haute-Savoie, l&rsquo;Is\u00e8re, les Hautes-Alpes, les Alpes-de-Haute-Provence, les Alpes-Maritimes, les Pyr\u00e9n\u00e9es-Orientales, l&rsquo;Ari\u00e8ge, la Haute-Garonne, les Hautes-Pyr\u00e9n\u00e9es,\u00a0les Pyr\u00e9n\u00e9es-Atlantiques et Andorre.<\/p>\n<p>Derni\u00e8res mises \u00e0 jour<\/p>\n<p><a name=\"post1764231628\"\/>09:20 &#8211; Les stations de ski aux anges<\/p>\n<p>Les chutes de neige se sont enchain\u00e9es cette semaine et la montagne est devenue bien blanche. Dans les Alpes du Nord, il y a d\u00e9sormais pr\u00e8s d&rsquo;un m\u00e8tre de neige dans de nombreuses stations. Plusieurs domaines de ski alpin ont m\u00eame d\u00e9cid\u00e9 d&rsquo;avancer leur ouverture \u00e0 ce week-end, notamment en Is\u00e8re. Les premi\u00e8res avaient commenc\u00e9 \u00e0 ouvrir le week-end dernier. La saison commence donc tr\u00e8s bien.<\/p>\n<p><a name=\"post1764231032\"\/>09:10 &#8211; De la neige tombe encore ce jeudi<\/p>\n<p>L&rsquo;\u00e9pisode neigeux n&rsquo;est pas encore termin\u00e9. Ce jeudi, les temp\u00e9ratures sont encore basses notamment dans le nord-est avec des maximales d\u00e9passant rarement les 7 degr\u00e9s et des minimales n\u00e9gatives. Dans le Massif Central et pr\u00e8s des Pyr\u00e9n\u00e9es, il en est de m\u00eame avec des gel\u00e9es. Des flocons tombent donc encore ce jeudi, venant parfaire la belle couche de neige d\u00e9j\u00e0 pr\u00e9sente en montagne. \u00ab\u00a0Un peu de neige tombe sur le Massif central. (&#8230;) Le temps reste plus instable en Corse avec quelques averses passag\u00e8res et un vent de nord-est soufflant entre 60\/70 km\/h. De la neige tombe vers 1000 m sur le relief\u00a0\u00bb, pr\u00e9cise M\u00e9t\u00e9o France.<\/p>\n<p><a name=\"post1764196466\"\/>26\/11\/25\u00a0&#8211; 23:34 &#8211; Ces d\u00e9partements qui ne seront plus en alerte neige-verglas et ceux qui vont l&rsquo;\u00eatre jeudi<\/p>\n<p>Ce jeudi, 17 d\u00e9partements restent en vigilance jaune pour neige et verglas. Mais il ne s&rsquo;agit pas exactement des m\u00eames d\u00e9partements d\u00e9j\u00e0 en alerte ce mercredi. La Haute-Savoie, la Savoie, l&rsquo;Is\u00e8re et la Dr\u00f4me vont en effet repasser en vert, tandis que les Pyr\u00e9n\u00e9es-Atlantiques, les Hautes-Pyr\u00e9n\u00e9es, la Haute-Garonne et l&rsquo;Ari\u00e8ge basculent en vigilance jaune.<\/p>\n","protected":false},"excerpt":{"rendered":"La neige continue de tomber ce jeudi 27\u00a0novembre. 16\u00a0d\u00e9partements sont encore en vigilance. Les reliefs sont de plus&hellip;\n","protected":false},"author":2,"featured_media":561862,"comment_status":"","ping_status":"","sticky":false,"template":"","format":"standard","meta":{"footnotes":""},"categories":[2],"tags":[11,67835,51761,51763,1011,27,12,51767,104],"class_list":{"0":"post-561861","1":"post","2":"type-post","3":"status-publish","4":"format-standard","5":"has-post-thumbnail","7":"category-actualites","8":"tag-actualites","9":"tag-cms-linternaute-9299023","10":"tag-controller-content","11":"tag-format-papier","12":"tag-fr","13":"tag-france","14":"tag-news","15":"tag-parallaxeinfeed","16":"tag-societe"},"share_on_mastodon":{"url":"https:\/\/pubeurope.com\/@fr\/115620730477018541","error":""},"_links":{"self":[{"href":"https:\/\/www.europesays.com\/fr\/wp-json\/wp\/v2\/posts\/561861","targetHints":{"allow":["GET"]}}],"collection":[{"href":"https:\/\/www.europesays.com\/fr\/wp-json\/wp\/v2\/posts"}],"about":[{"href":"https:\/\/www.europesays.com\/fr\/wp-json\/wp\/v2\/types\/post"}],"author":[{"embeddable":true,"href":"https:\/\/www.europesays.com\/fr\/wp-json\/wp\/v2\/users\/2"}],"replies":[{"embeddable":true,"href":"https:\/\/www.europesays.com\/fr\/wp-json\/wp\/v2\/comments?post=561861"}],"version-history":[{"count":0,"href":"https:\/\/www.europesays.com\/fr\/wp-json\/wp\/v2\/posts\/561861\/revisions"}],"wp:featuredmedia":[{"embeddable":true,"href":"https:\/\/www.europesays.com\/fr\/wp-json\/wp\/v2\/media\/561862"}],"wp:attachment":[{"href":"https:\/\/www.europesays.com\/fr\/wp-json\/wp\/v2\/media?parent=561861"}],"wp:term":[{"taxonomy":"category","embeddable":true,"href":"https:\/\/www.europesays.com\/fr\/wp-json\/wp\/v2\/categories?post=561861"},{"taxonomy":"post_tag","embeddable":true,"href":"https:\/\/www.europesays.com\/fr\/wp-json\/wp\/v2\/tags?post=561861"}],"curies":[{"name":"wp","href":"https:\/\/api.w.org\/{rel}","templated":true}]}}