{"id":561863,"date":"2025-11-27T08:31:14","date_gmt":"2025-11-27T08:31:14","guid":{"rendered":"https:\/\/www.europesays.com\/fr\/561863\/"},"modified":"2025-11-27T08:31:14","modified_gmt":"2025-11-27T08:31:14","slug":"un-homme-de-29-ans-tue-renverse-par-une-voiture","status":"publish","type":"post","link":"https:\/\/www.europesays.com\/fr\/561863\/","title":{"rendered":"un homme de 29 ans tu\u00e9 renvers\u00e9 par une voiture"},"content":{"rendered":"<p>                    Par<br \/>\n        <strong><br \/>\n            <a href=\"https:\/\/actu.fr\/auteur\/mathias-souteyrat\" title=\"Consulter tous les articles de Mathias Souteyrat\" target=\"_blank\" rel=\"noopener\">Mathias Souteyrat<\/a><br \/>\n                    <\/strong><\/p>\n<p>        Publi\u00e9 le<\/p>\n<p>            27 nov. 2025 \u00e0 9h07        <\/p>\n<p>Drame sur les routes de la <a href=\"https:\/\/actu.fr\/auvergne-rhone-alpes\/loire_42\" target=\"_blank\" rel=\"noopener\">Loire<\/a>. Dans la nuit du mercredi\u00a026 au jeudi 27\u00a0novembre, vers 3h30 du matin, un pi\u00e9ton \u00e2g\u00e9 de 29 ans, <strong>originaire du Rh\u00f4ne,<\/strong> est mort apr\u00e8s avoir \u00e9t\u00e9 percut\u00e9 par une voiture.<\/p>\n<p class=\" wall-content\">Les faits se sont produits sur la commune de <a href=\"https:\/\/actu.fr\/auvergne-rhone-alpes\/feurs_42094\" target=\"_blank\" rel=\"noopener\">Feurs<\/a> (Loire), pr\u00e8s de <a href=\"https:\/\/actu.fr\/saint-etienne\/\" target=\"_blank\" rel=\"noopener\">Saint-Etienne<\/a>, plus pr\u00e9cis\u00e9ment sur la D1089 route de Boen. La victime a \u00e9t\u00e9 d\u00e9clar\u00e9e d\u00e9c\u00e9d\u00e9e par le m\u00e9decin du SMUR.<\/p>\n<p>Le conducteur de 19 ans n\u00e9gatifs aux d\u00e9pistages<\/p>\n<p class=\" wall-content\">Le conducteur est \u00e2g\u00e9 de 19 ans<strong>. <\/strong>Les d\u00e9pistages <strong>d\u2019alcool\u00e9mie et de stup\u00e9fiants se sont r\u00e9v\u00e9l\u00e9s n\u00e9gatifs<\/strong>, nous pr\u00e9cisent les gendarmes.\u00a0 Quatre autres personnes se sont arr\u00eat\u00e9s pendant l\u2019accident.<\/p>\n<p class=\" wall-content\">L\u2019automobiliste et les t\u00e9moins ont \u00e9t\u00e9 pris en charge par les secours, informent les sapeurs-pompiers lig\u00e9riens.<\/p>\n<p>Cinq personnes prises en charge par les pompiers<\/p>\n<p class=\" wall-content\">La D1089 a \u00e9t\u00e9 coup\u00e9e \u00e0 la circulation le temps de l\u2019intervention.<\/p>\n<p class=\" wall-content\">Les circonstances du drame sont encore floues. Selon la gendarmerie, la victime se trouvait peut-\u00eatre derri\u00e8re la barri\u00e8re de s\u00e9curit\u00e9 ou l\u2019a t-elle franchi au moment o\u00f9 la voiture passait.<\/p>\n<p class=\" wall-content\">Personnalisez votre actualit\u00e9 en ajoutant vos villes et m\u00e9dias en favori avec <a href=\"https:\/\/moncompte.actu.fr\" title=\"D\u00e9couvez Mon Actu\" rel=\"nofollow noopener\" data-trk=\"{&quot;cta&quot;:{&quot;action&quot;:&quot;https:\\\/\\\/moncompte.actu.fr&quot;,&quot;category&quot;:&quot;mon compte&quot;,&quot;from&quot;:&quot;article footer&quot;,&quot;name&quot;:&quot;Mon actu&quot;,&quot;type&quot;:&quot;cta&quot;}}\" target=\"_blank\">Mon Actu<\/a>.<\/p>\n","protected":false},"excerpt":{"rendered":"Par Mathias Souteyrat Publi\u00e9 le 27 nov. 2025 \u00e0 9h07 Drame sur les routes de la Loire. Dans&hellip;\n","protected":false},"author":2,"featured_media":561864,"comment_status":"","ping_status":"","sticky":false,"template":"","format":"standard","meta":{"footnotes":""},"categories":[9653],"tags":[119,1111,11,2430,1777,674,118,1011,27,3381,12,1311,25,4001],"class_list":{"0":"post-561863","1":"post","2":"type-post","3":"status-publish","4":"format-standard","5":"has-post-thumbnail","7":"category-saint-etienne","8":"tag-accident","9":"tag-actu","10":"tag-actualites","11":"tag-auvergne-rhone-alpes","12":"tag-eu","13":"tag-europe","14":"tag-faits-divers","15":"tag-fr","16":"tag-france","17":"tag-gendarmerie","18":"tag-news","19":"tag-pompiers","20":"tag-republique-francaise","21":"tag-saint-etienne"},"share_on_mastodon":{"url":"https:\/\/pubeurope.com\/@fr\/115620733746335653","error":""},"_links":{"self":[{"href":"https:\/\/www.europesays.com\/fr\/wp-json\/wp\/v2\/posts\/561863","targetHints":{"allow":["GET"]}}],"collection":[{"href":"https:\/\/www.europesays.com\/fr\/wp-json\/wp\/v2\/posts"}],"about":[{"href":"https:\/\/www.europesays.com\/fr\/wp-json\/wp\/v2\/types\/post"}],"author":[{"embeddable":true,"href":"https:\/\/www.europesays.com\/fr\/wp-json\/wp\/v2\/users\/2"}],"replies":[{"embeddable":true,"href":"https:\/\/www.europesays.com\/fr\/wp-json\/wp\/v2\/comments?post=561863"}],"version-history":[{"count":0,"href":"https:\/\/www.europesays.com\/fr\/wp-json\/wp\/v2\/posts\/561863\/revisions"}],"wp:featuredmedia":[{"embeddable":true,"href":"https:\/\/www.europesays.com\/fr\/wp-json\/wp\/v2\/media\/561864"}],"wp:attachment":[{"href":"https:\/\/www.europesays.com\/fr\/wp-json\/wp\/v2\/media?parent=561863"}],"wp:term":[{"taxonomy":"category","embeddable":true,"href":"https:\/\/www.europesays.com\/fr\/wp-json\/wp\/v2\/categories?post=561863"},{"taxonomy":"post_tag","embeddable":true,"href":"https:\/\/www.europesays.com\/fr\/wp-json\/wp\/v2\/tags?post=561863"}],"curies":[{"name":"wp","href":"https:\/\/api.w.org\/{rel}","templated":true}]}}