{"id":561875,"date":"2025-11-27T08:37:11","date_gmt":"2025-11-27T08:37:11","guid":{"rendered":"https:\/\/www.europesays.com\/fr\/561875\/"},"modified":"2025-11-27T08:37:11","modified_gmt":"2025-11-27T08:37:11","slug":"violente-intrusion-aux-urgences-une-infirmiere-blessee","status":"publish","type":"post","link":"https:\/\/www.europesays.com\/fr\/561875\/","title":{"rendered":"violente intrusion aux urgences, une infirmi\u00e8re bless\u00e9e"},"content":{"rendered":"<p>                    Par<br \/>\n        <strong><br \/>\n            <a href=\"https:\/\/actu.fr\/auteur\/jm-aubert\" title=\"Consulter tous les articles de Jean-Marc Aubert\" target=\"_blank\" rel=\"noopener\">Jean-Marc Aubert<\/a><br \/>\n                    <\/strong><\/p>\n<p>        Publi\u00e9 le<\/p>\n<p>            27 nov. 2025 \u00e0 9h12<br \/>\n        ; mis \u00e0 jour le 27 nov. 2025 \u00e0 9h24    <\/p>\n<p>Sc\u00e8ne de panique au <strong>CHU de Montpellier<\/strong> : une infirmi\u00e8re \u00e2g\u00e9 de 53 ans a \u00e9t\u00e9 bless\u00e9e, ce mercredi 26 novembre 2025, lors d\u2019une <strong>violente intrusion<\/strong> dans le service des <strong>urgences de l\u2019h\u00f4pital Lapeyronie,\u00a0<\/strong>route de Ganges, \u00e0 <strong>Montpellier.<\/strong><\/p>\n<p class=\" wall-content\">\u00c0 7h30, ce mercredi, quatre individus ont fait irruption dans la salle d\u2019attente, o\u00f9 une rixe a \u00e9clat\u00e9 avec d\u2019autres personnes, impliqu\u00e9es un peu plus t\u00f4t dans la nuit dans une dispute avec une bande rivale sur le parking d\u2019un casino du littoral de l\u2019H\u00e9rault. Un homme bless\u00e9 a \u00e9t\u00e9 transport\u00e9 aux urgences Lapeyronie. Il semble que le quatuor s\u2019\u00e9tant pr\u00e9sent\u00e9 dans le service de la route de Ganges \u00e9tait \u00e0 la recherche de cette victime pour r\u00e9gler des comptes.<\/p>\n<p>    <a href=\"https:\/\/www.google.com\/maps\/embed?pb=!1m18!1m12!1m3!1d7674.501487158378!2d3.8535251264808204!3d43.62724317558384!2m3!1f0!2f0!3f0!3m2!1i1024!2i768!4f13.1!3m3!1m2!1s0x12b6aec219b0bc05%3A0xb381b763dd68d717!2sCentre%20Hospitalier%20Universitaire%20Lapeyronie!5e0!3m2!1sfr!2sfr!4v1764230504069!5m2!1sfr!2sfr\" title=\"Ouvrie le lien\" target=\"_blank\" rel=\"noopener\">Cliquez ici pour visualiser le contenu<\/a><\/p>\n<p class=\" wall-content\">Le personnel soignant de garde aux urgences, dont les m\u00e9decins d\u00e9j\u00e0 tr\u00e8s occup\u00e9s en \u00e9tant au chevet de victimes, renforc\u00e9 par les agents de s\u00e9curit\u00e9 ont \u00e9t\u00e9 contraints de g\u00e9rer la situation confuse jusqu\u2019\u00e0 l\u2019arriv\u00e9e de patrouilles de la police nationale. Les soignants et les agents de s\u00e9curit\u00e9 sont intervenus pour tenter d\u2019interdire aux quatre inconnus de p\u00e9n\u00e9trer dans les urgences, apr\u00e8s leur implication dans la br\u00e8ve rixe dans la salle d\u2019attente. Ils ont alors p\u00e9n\u00e9tr\u00e9 de force, bousculant les soignants et saccageant du mat\u00e9riel et des accessoires, dans le but de retrouver le patient bless\u00e9 dans la nuit et soign\u00e9 dans un box \u00ab\u00a0pour le finir\u00a0\u00bb, selon les agresseurs surexcit\u00e9s et ayant soif de vengeance.<\/p>\n<p class=\" wall-content\">C\u2019est en tentant de les bloquer que l\u2019infirmi\u00e8re de 53 ans a \u00e9t\u00e9 bouscul\u00e9e, chutant lourdement sur son bras droit. Bless\u00e9e et en \u00e9tat de choc, elle a \u00e9t\u00e9 aussit\u00f4t prise en charge par ses coll\u00e8gues des urgences. Elle va d\u00e9poser plainte, ainsi qu\u2019un cadre de sant\u00e9 du CHU.<\/p>\n<p>Vid\u00e9os : en ce moment sur ActuLes auteurs en fuite\u00a0<\/p>\n<p class=\" wall-content\">Les quatre agresseurs finalement repouss\u00e9s vers l\u2019ext\u00e9rieur sont rapidement repartis comme ils \u00e9taient venus, \u00e0 bord d\u2019une voiture. Toujours en fuite ce jeudi, ils sont activement recherch\u00e9s. L\u2019enqu\u00eate est men\u00e9e par le <strong>Service local de police judiciaire<\/strong> -Slpj- de Montpellier qui vont exploiter les bandes des cam\u00e9ras de vid\u00e9osurveillance du CHU et de vid\u00e9o-protection de la Ville de Montpellier.<\/p>\n<p class=\" wall-content\">Personnalisez votre actualit\u00e9 en ajoutant vos villes et m\u00e9dias en favori avec <a href=\"https:\/\/moncompte.actu.fr\" title=\"D\u00e9couvez Mon Actu\" rel=\"nofollow noopener\" data-trk=\"{&quot;cta&quot;:{&quot;action&quot;:&quot;https:\\\/\\\/moncompte.actu.fr&quot;,&quot;category&quot;:&quot;mon compte&quot;,&quot;from&quot;:&quot;article footer&quot;,&quot;name&quot;:&quot;Mon actu&quot;,&quot;type&quot;:&quot;cta&quot;}}\" target=\"_blank\">Mon Actu<\/a>.<\/p>\n","protected":false},"excerpt":{"rendered":"Par Jean-Marc Aubert Publi\u00e9 le 27 nov. 2025 \u00e0 9h12 ; mis \u00e0 jour le 27 nov. 2025&hellip;\n","protected":false},"author":2,"featured_media":379380,"comment_status":"","ping_status":"","sticky":false,"template":"","format":"standard","meta":{"footnotes":""},"categories":[9599],"tags":[1111,11,15154,1777,674,118,1011,27,303,2208,12,2680,1072,25],"class_list":{"0":"post-561875","1":"post","2":"type-post","3":"status-publish","4":"format-standard","5":"has-post-thumbnail","7":"category-montpellier","8":"tag-actu","9":"tag-actualites","10":"tag-chu-de-montpellier","11":"tag-eu","12":"tag-europe","13":"tag-faits-divers","14":"tag-fr","15":"tag-france","16":"tag-justice","17":"tag-montpellier","18":"tag-news","19":"tag-occitanie","20":"tag-police","21":"tag-republique-francaise"},"share_on_mastodon":{"url":"https:\/\/pubeurope.com\/@fr\/115620757256627762","error":""},"_links":{"self":[{"href":"https:\/\/www.europesays.com\/fr\/wp-json\/wp\/v2\/posts\/561875","targetHints":{"allow":["GET"]}}],"collection":[{"href":"https:\/\/www.europesays.com\/fr\/wp-json\/wp\/v2\/posts"}],"about":[{"href":"https:\/\/www.europesays.com\/fr\/wp-json\/wp\/v2\/types\/post"}],"author":[{"embeddable":true,"href":"https:\/\/www.europesays.com\/fr\/wp-json\/wp\/v2\/users\/2"}],"replies":[{"embeddable":true,"href":"https:\/\/www.europesays.com\/fr\/wp-json\/wp\/v2\/comments?post=561875"}],"version-history":[{"count":0,"href":"https:\/\/www.europesays.com\/fr\/wp-json\/wp\/v2\/posts\/561875\/revisions"}],"wp:featuredmedia":[{"embeddable":true,"href":"https:\/\/www.europesays.com\/fr\/wp-json\/wp\/v2\/media\/379380"}],"wp:attachment":[{"href":"https:\/\/www.europesays.com\/fr\/wp-json\/wp\/v2\/media?parent=561875"}],"wp:term":[{"taxonomy":"category","embeddable":true,"href":"https:\/\/www.europesays.com\/fr\/wp-json\/wp\/v2\/categories?post=561875"},{"taxonomy":"post_tag","embeddable":true,"href":"https:\/\/www.europesays.com\/fr\/wp-json\/wp\/v2\/tags?post=561875"}],"curies":[{"name":"wp","href":"https:\/\/api.w.org\/{rel}","templated":true}]}}