{"id":561878,"date":"2025-11-27T08:39:13","date_gmt":"2025-11-27T08:39:13","guid":{"rendered":"https:\/\/www.europesays.com\/fr\/561878\/"},"modified":"2025-11-27T08:39:13","modified_gmt":"2025-11-27T08:39:13","slug":"seine-maritime-a-quelques-mois-des-municipales-quelle-est-lhumeur-des-maires","status":"publish","type":"post","link":"https:\/\/www.europesays.com\/fr\/561878\/","title":{"rendered":"Seine-Maritime. A quelques mois des municipales, quelle est l&rsquo;humeur des maires ?"},"content":{"rendered":"<p>\t\t\t\t\t\t\tPolitique.<\/p>\n<p>\t\t\t\t\tEntre le congr\u00e8s national des maires de France et l&rsquo;assembl\u00e9e g\u00e9n\u00e9rale de l&rsquo;association des d\u00e9partementales des maires (ADM), deux \u00e9lus cauchois \u00e9voquent le contexte national.\t\t\t\t<\/p>\n<p>\n\t\t\t\t\tPubli\u00e9 le<br \/>\n\t\t\t\t\t27\/11\/2025 \u00e0 09h33 &#8211; Par Ghislain Annetta\t\t\t\t\t<\/p>\n<p>\t\t\t\t\t\t\t\t<img decoding=\"async\" class=\"media illustration\" src=\"https:\/\/www.europesays.com\/fr\/wp-content\/uploads\/2025\/11\/1764232753_65_\" width=\"1200\" height=\"578\" loading=\"eager\" fetchpriority=\"high\" alt=\"Seine-Maritime. A quelques mois des municipales, quelle est l'humeur des maires ?\"\/><\/p>\n<p>\t\t\t\t\t\t\t\t\t\t\t\t\t\t\tDenis Merville\u00a0: \u00ab\u00a0L&rsquo;Etat n&rsquo;a jamais accept\u00e9 la d\u00e9centralisation\u00a0\u00bb &#8211; Ghislain ANNETTA<\/p>\n","protected":false},"excerpt":{"rendered":"Politique. Entre le congr\u00e8s national des maires de France et l&rsquo;assembl\u00e9e g\u00e9n\u00e9rale de l&rsquo;association des d\u00e9partementales des maires&hellip;\n","protected":false},"author":2,"featured_media":561879,"comment_status":"","ping_status":"","sticky":false,"template":"","format":"standard","meta":{"footnotes":""},"categories":[9587],"tags":[1111,11,1777,674,1011,27,12,5161,25,9590],"class_list":{"0":"post-561878","1":"post","2":"type-post","3":"status-publish","4":"format-standard","5":"has-post-thumbnail","7":"category-rouen","8":"tag-actu","9":"tag-actualites","10":"tag-eu","11":"tag-europe","12":"tag-fr","13":"tag-france","14":"tag-news","15":"tag-normandie","16":"tag-republique-francaise","17":"tag-rouen"},"share_on_mastodon":{"url":"https:\/\/pubeurope.com\/@fr\/115620765044672345","error":""},"_links":{"self":[{"href":"https:\/\/www.europesays.com\/fr\/wp-json\/wp\/v2\/posts\/561878","targetHints":{"allow":["GET"]}}],"collection":[{"href":"https:\/\/www.europesays.com\/fr\/wp-json\/wp\/v2\/posts"}],"about":[{"href":"https:\/\/www.europesays.com\/fr\/wp-json\/wp\/v2\/types\/post"}],"author":[{"embeddable":true,"href":"https:\/\/www.europesays.com\/fr\/wp-json\/wp\/v2\/users\/2"}],"replies":[{"embeddable":true,"href":"https:\/\/www.europesays.com\/fr\/wp-json\/wp\/v2\/comments?post=561878"}],"version-history":[{"count":0,"href":"https:\/\/www.europesays.com\/fr\/wp-json\/wp\/v2\/posts\/561878\/revisions"}],"wp:featuredmedia":[{"embeddable":true,"href":"https:\/\/www.europesays.com\/fr\/wp-json\/wp\/v2\/media\/561879"}],"wp:attachment":[{"href":"https:\/\/www.europesays.com\/fr\/wp-json\/wp\/v2\/media?parent=561878"}],"wp:term":[{"taxonomy":"category","embeddable":true,"href":"https:\/\/www.europesays.com\/fr\/wp-json\/wp\/v2\/categories?post=561878"},{"taxonomy":"post_tag","embeddable":true,"href":"https:\/\/www.europesays.com\/fr\/wp-json\/wp\/v2\/tags?post=561878"}],"curies":[{"name":"wp","href":"https:\/\/api.w.org\/{rel}","templated":true}]}}