{"id":561880,"date":"2025-11-27T08:42:53","date_gmt":"2025-11-27T08:42:53","guid":{"rendered":"https:\/\/www.europesays.com\/fr\/561880\/"},"modified":"2025-11-27T08:42:53","modified_gmt":"2025-11-27T08:42:53","slug":"grenoble-pourquoi-cette-ligne-de-tram-a-ete-stoppee-une-partie-de-la-matinee","status":"publish","type":"post","link":"https:\/\/www.europesays.com\/fr\/561880\/","title":{"rendered":"Grenoble. Pourquoi cette ligne de tram a \u00e9t\u00e9 stopp\u00e9e une partie de la matin\u00e9e"},"content":{"rendered":"<p>                    Par<br \/>\n        <strong><br \/>\n            <a href=\"https:\/\/actu.fr\/auteur\/redaction-grenoble\" title=\"Consulter tous les articles de R\u00e9daction Grenoble\" rel=\"nofollow noopener\" target=\"_blank\">R\u00e9daction Grenoble<\/a><br \/>\n                    <\/strong><\/p>\n<p>        Publi\u00e9 le<\/p>\n<p>            25 nov. 2025 \u00e0 13h40        <\/p>\n<p>Les usagers de la <strong>ligne de tram B<\/strong> \u00e0 <a href=\"https:\/\/actu.fr\/auvergne-rhone-alpes\/grenoble_38185\" rel=\"nofollow noopener\" target=\"_blank\">Grenoble<\/a> ont peut-\u00eatre patient\u00e9 un peu plus longtemps que d\u2019habitude \u00e0 l\u2019arr\u00eat, mardi 25 novembre au matin.<\/p>\n<p class=\" wall-content\">D\u2019apr\u00e8s M\u2019R\u00e9so, gestionnaire des transports en commun sur l\u2019agglom\u00e9ration grenobloise, les trams de la ligne ont \u00e9t\u00e9 <strong>momentan\u00e9ment stopp\u00e9s<\/strong> peu avant 10h30.<\/p>\n<p>Une voiture sur les voies de tram<\/p>\n<p class=\" wall-content\">En cause : un <strong>v\u00e9hicule s\u2019est enlis\u00e9 sur les voies de tram<\/strong>, \u00e0 proximit\u00e9 de la station Grand Sablon.<\/p>\n<p>    <a href=\"https:\/\/www.google.com\/maps\/embed?pb=!1m18!1m12!1m3!1d1987.9501511989145!2d5.745609226215756!3d45.19952267605479!2m3!1f0!2f0!3f0!3m2!1i1024!2i768!4f13.1!3m3!1m2!1s0x478af4517085091b%3A0x9118e706525764ae!2sGrand%20Sablon!5e0!3m2!1sfr!2sfr!4v1764069782323!5m2!1sfr!2sfr\" title=\"Ouvrie le lien\" rel=\"nofollow noopener\" target=\"_blank\">Cliquez ici pour visualiser le contenu<\/a><\/p>\n<p class=\" wall-content\">Un d\u00e9sagr\u00e9ment vraisemblablement d\u00fb aux <a href=\"https:\/\/actu.fr\/auvergne-rhone-alpes\/saint-pierre-de-chartreuse_38442\/isere-des-violentes-pluies-touchent-ces-communes-meteo-france-alerte_63477360.html\" rel=\"nofollow noopener\" target=\"_blank\">derni\u00e8res grosses pluies<\/a> sur l\u2019Is\u00e8re.<\/p>\n<p class=\" wall-content\">La <strong>reprise progressive du trafic<\/strong> a \u00e9t\u00e9 annonc\u00e9e en fin de matin\u00e9e, mais \u00ab\u00a0la circulation reste perturb\u00e9e et certains trams peuvent \u00eatre ponctuellement limit\u00e9s\u00a0\u00bb, pr\u00e9cise M\u2019R\u00e9so sur son site internet.<\/p>\n<p class=\" wall-content\">Personnalisez votre actualit\u00e9 en ajoutant vos villes et m\u00e9dias en favori avec <a href=\"https:\/\/moncompte.actu.fr\" title=\"D\u00e9couvez Mon Actu\" rel=\"nofollow noopener\" data-trk=\"{&quot;cta&quot;:{&quot;action&quot;:&quot;https:\\\/\\\/moncompte.actu.fr&quot;,&quot;category&quot;:&quot;mon compte&quot;,&quot;from&quot;:&quot;article footer&quot;,&quot;name&quot;:&quot;Mon actu&quot;,&quot;type&quot;:&quot;cta&quot;}}\" target=\"_blank\">Mon Actu<\/a>.<\/p>\n","protected":false},"excerpt":{"rendered":"Par R\u00e9daction Grenoble Publi\u00e9 le 25 nov. 2025 \u00e0 13h40 Les usagers de la ligne de tram B&hellip;\n","protected":false},"author":2,"featured_media":561881,"comment_status":"","ping_status":"","sticky":false,"template":"","format":"standard","meta":{"footnotes":""},"categories":[9566],"tags":[1111,11,2430,1777,674,1011,27,2731,12,25,104,8194],"class_list":{"0":"post-561880","1":"post","2":"type-post","3":"status-publish","4":"format-standard","5":"has-post-thumbnail","7":"category-grenoble","8":"tag-actu","9":"tag-actualites","10":"tag-auvergne-rhone-alpes","11":"tag-eu","12":"tag-europe","13":"tag-fr","14":"tag-france","15":"tag-grenoble","16":"tag-news","17":"tag-republique-francaise","18":"tag-societe","19":"tag-transport-de-lagglomeration-grenobloise-tag"},"share_on_mastodon":{"url":"https:\/\/pubeurope.com\/@fr\/115620780724187985","error":""},"_links":{"self":[{"href":"https:\/\/www.europesays.com\/fr\/wp-json\/wp\/v2\/posts\/561880","targetHints":{"allow":["GET"]}}],"collection":[{"href":"https:\/\/www.europesays.com\/fr\/wp-json\/wp\/v2\/posts"}],"about":[{"href":"https:\/\/www.europesays.com\/fr\/wp-json\/wp\/v2\/types\/post"}],"author":[{"embeddable":true,"href":"https:\/\/www.europesays.com\/fr\/wp-json\/wp\/v2\/users\/2"}],"replies":[{"embeddable":true,"href":"https:\/\/www.europesays.com\/fr\/wp-json\/wp\/v2\/comments?post=561880"}],"version-history":[{"count":0,"href":"https:\/\/www.europesays.com\/fr\/wp-json\/wp\/v2\/posts\/561880\/revisions"}],"wp:featuredmedia":[{"embeddable":true,"href":"https:\/\/www.europesays.com\/fr\/wp-json\/wp\/v2\/media\/561881"}],"wp:attachment":[{"href":"https:\/\/www.europesays.com\/fr\/wp-json\/wp\/v2\/media?parent=561880"}],"wp:term":[{"taxonomy":"category","embeddable":true,"href":"https:\/\/www.europesays.com\/fr\/wp-json\/wp\/v2\/categories?post=561880"},{"taxonomy":"post_tag","embeddable":true,"href":"https:\/\/www.europesays.com\/fr\/wp-json\/wp\/v2\/tags?post=561880"}],"curies":[{"name":"wp","href":"https:\/\/api.w.org\/{rel}","templated":true}]}}