{"id":561882,"date":"2025-11-27T08:44:12","date_gmt":"2025-11-27T08:44:12","guid":{"rendered":"https:\/\/www.europesays.com\/fr\/561882\/"},"modified":"2025-11-27T08:44:12","modified_gmt":"2025-11-27T08:44:12","slug":"eviter-les-fermetures-dentreprises-par-ecueil-de-transmission","status":"publish","type":"post","link":"https:\/\/www.europesays.com\/fr\/561882\/","title":{"rendered":"\u00c9viter les fermetures d\u2019entreprises par \u00e9cueil de transmission"},"content":{"rendered":"<p>La CCI de Grenoble a organis\u00e9 une conf\u00e9rence sur le sujet de la transmission des soci\u00e9t\u00e9s. Une cinquantaine de personnes s\u2019y sont rendues pour avoir des conseils et savoir par quoi commencer.<\/p>\n<p>\u00ab\u00a0Anticiper, pr\u00e9parer, r\u00e9aliser\u00a0: ce sont les trois mots-cl\u00e9s pour la transmission d\u2019entreprise\u00a0\u00bb, indique France Verdegay, charg\u00e9e de mission en transmission d\u2019entreprises \u00e0 la chambre de commerce et d\u2019industrie (CCI) de Grenoble, lors de la conf\u00e9rence annuelle organis\u00e9e par la structure sur la transmission d\u2019entreprise, le 24\u00a0novembre, au World Trade Center, \u00e0 Grenoble. La CCI pr\u00e9cise que 185\u00a0000\u00a0entreprises sont susceptibles d\u2019\u00eatre c\u00e9d\u00e9es par an. L\u2019an dernier, 55\u00a0000 cessions ont \u00e9t\u00e9 r\u00e9alis\u00e9es. \u00ab\u00a071\u00a0% des entreprises sont encore en activit\u00e9 cinq ans apr\u00e8s, contre 51\u00a0% pour une cr\u00e9ation\u00a0\u00bb, ajoute France Verdegay. Une reprise serait donc moins risqu\u00e9e qu\u2019une cr\u00e9ation. Mais, pour qu\u2019une transmission soit r\u00e9ussie, il faut se pr\u00e9parer, id\u00e9alement de deux \u00e0 cinq ans avant la date souhait\u00e9e. \u00ab\u00a0Il faut savoir si le dirigeant est pr\u00eat \u00e0 vendre, sur l\u2019aspect psychologique, savoir ce qu\u2019il va faire apr\u00e8s et se demander s\u2019il en aura les moyens, souligne \u00c9ric Chaloin, \u00e9lu du conseil r\u00e9gional de l\u2019Ordre des experts-comptables. Ensuite, la soci\u00e9t\u00e9 doit \u00eatre bonne \u00e0 vendre, il faut que tout soit carr\u00e9. Les comptes doivent refl\u00e9ter cela. Le repreneur doit arriver \u00e0 se projeter, conna\u00eetre son march\u00e9, son organisation interne, ses besoins d\u2019investissement, etc.\u00a0\u00bb D\u2019o\u00f9 la n\u00e9cessit\u00e9 de r\u00e9fl\u00e9chir sur soi-m\u00eame, d\u2019identifier ses forces et ses faiblesses, mais aussi de trouver des solutions palliatives, \u00ab\u00a0pour que ce soit plus facile \u00e0 vendre ensuite\u00a0\u00bb, pr\u00e9cise \u00c9ric Chaloin. Christian Pomot, ancien dirigeant de Com &amp; Net, l\u2019admet\u00a0: \u00ab\u00a0Je ne savais pas par quel bout commencer. J\u2019\u00e9tais incapable de valoriser mon entreprise. Mais je ne voulais pas qu\u2019elle s\u2019arr\u00eate par \u00e9cueil de la transmission.\u00a0\u00bb Il s\u2019est alors souvenu de la CCI, qui dispose d\u2019un comit\u00e9 d\u2019\u00e9valuation. Des experts-comptables peuvent aussi intervenir, des cabinets<br \/>sp\u00e9cialis\u00e9s en cession\/acquisition, etc.<\/p>\n<p>Regarder tous les contrats<\/p>\n<p>Il faut aussi mettre le nez dans les nombreux contrats, d\u2019assurance, de banques, de travail, etc. L\u2019id\u00e9e\u00a0: v\u00e9rifier que tout est bien dans les clous. \u00ab\u00a0Une SCI peut d\u00e9tenir les locaux de l\u2019entreprise, il faut voir si un bail commercial doit \u00eatre refait pour le remettre dans les prix du march\u00e9, illustre Me\u00a0Sophie Colomb, membre de l\u2019Ordre des avocats du Barreau de Grenoble. Il y a aussi le cas des propri\u00e9t\u00e9s intellectuelles. Le dirigeant peut \u00eatre le propri\u00e9taire du brevet, il faudra alors faire une redevance d\u2019exploitation ou c\u00e9der le brevet \u00e0 l\u2019entreprise. Cela aura une cons\u00e9quence sur le prix de vente.\u00a0\u00bb Lorsqu\u2019un repreneur est trouv\u00e9 et que l\u2019entreprise est c\u00e9d\u00e9e, il faut penser \u00e0 indiquer les conditions d\u2019accompagnement. \u00ab\u00a0J\u2019ai \u00e9t\u00e9 \u00e9tonn\u00e9 de l\u2019importance de toutes les lignes du contrat, affirme Christian Pomot. L\u2019avocat est vraiment important pour ne pas avoir de surprise.\u00a0\u00bb<\/p>\n","protected":false},"excerpt":{"rendered":"La CCI de Grenoble a organis\u00e9 une conf\u00e9rence sur le sujet de la transmission des soci\u00e9t\u00e9s. Une cinquantaine&hellip;\n","protected":false},"author":2,"featured_media":561883,"comment_status":"","ping_status":"","sticky":false,"template":"","format":"standard","meta":{"footnotes":""},"categories":[9566],"tags":[1111,11,2430,1777,674,1011,27,2731,12,25],"class_list":{"0":"post-561882","1":"post","2":"type-post","3":"status-publish","4":"format-standard","5":"has-post-thumbnail","7":"category-grenoble","8":"tag-actu","9":"tag-actualites","10":"tag-auvergne-rhone-alpes","11":"tag-eu","12":"tag-europe","13":"tag-fr","14":"tag-france","15":"tag-grenoble","16":"tag-news","17":"tag-republique-francaise"},"share_on_mastodon":{"url":"https:\/\/pubeurope.com\/@fr\/115620784654908735","error":""},"_links":{"self":[{"href":"https:\/\/www.europesays.com\/fr\/wp-json\/wp\/v2\/posts\/561882","targetHints":{"allow":["GET"]}}],"collection":[{"href":"https:\/\/www.europesays.com\/fr\/wp-json\/wp\/v2\/posts"}],"about":[{"href":"https:\/\/www.europesays.com\/fr\/wp-json\/wp\/v2\/types\/post"}],"author":[{"embeddable":true,"href":"https:\/\/www.europesays.com\/fr\/wp-json\/wp\/v2\/users\/2"}],"replies":[{"embeddable":true,"href":"https:\/\/www.europesays.com\/fr\/wp-json\/wp\/v2\/comments?post=561882"}],"version-history":[{"count":0,"href":"https:\/\/www.europesays.com\/fr\/wp-json\/wp\/v2\/posts\/561882\/revisions"}],"wp:featuredmedia":[{"embeddable":true,"href":"https:\/\/www.europesays.com\/fr\/wp-json\/wp\/v2\/media\/561883"}],"wp:attachment":[{"href":"https:\/\/www.europesays.com\/fr\/wp-json\/wp\/v2\/media?parent=561882"}],"wp:term":[{"taxonomy":"category","embeddable":true,"href":"https:\/\/www.europesays.com\/fr\/wp-json\/wp\/v2\/categories?post=561882"},{"taxonomy":"post_tag","embeddable":true,"href":"https:\/\/www.europesays.com\/fr\/wp-json\/wp\/v2\/tags?post=561882"}],"curies":[{"name":"wp","href":"https:\/\/api.w.org\/{rel}","templated":true}]}}