{"id":561893,"date":"2025-11-27T08:50:12","date_gmt":"2025-11-27T08:50:12","guid":{"rendered":"https:\/\/www.europesays.com\/fr\/561893\/"},"modified":"2025-11-27T08:50:12","modified_gmt":"2025-11-27T08:50:12","slug":"pres-de-nice-un-accident-avec-plusieurs-voitures-sur-la8-des-kilometres-de-bouchons-se-forment","status":"publish","type":"post","link":"https:\/\/www.europesays.com\/fr\/561893\/","title":{"rendered":"Pr\u00e8s de Nice. Un accident avec plusieurs voitures sur l&rsquo;A8, des kilom\u00e8tres de bouchons se forment"},"content":{"rendered":"<p>                    Par<br \/>\n        <strong><br \/>\n            <a href=\"https:\/\/actu.fr\/auteur\/arthur-frand\" title=\"Consulter tous les articles de Arthur Frand\" target=\"_blank\" rel=\"noopener\">Arthur Frand<\/a><br \/>\n                    <\/strong><\/p>\n<p>        Publi\u00e9 le<\/p>\n<p>            27 nov. 2025 \u00e0 9h38<br \/>\n        ; mis \u00e0 jour le 27 nov. 2025 \u00e0 9h41    <\/p>\n<p>Les automobilistes qui partaient au travail vont devoir s\u2019armer de patience. Comme souvent sur <a href=\"https:\/\/actu.fr\/tag\/autoroute-8-a8\" target=\"_blank\" rel=\"noopener\">l\u2019A8<\/a> en ce moment. Ce jeudi 27\u00a0novembre au matin, un <strong>accident s\u2019est produit<\/strong> sur l\u2019autoroute pr\u00e8s de <a href=\"https:\/\/actu.fr\/nice\/\" target=\"_blank\" rel=\"noopener\">Nice<\/a> dans les Alpes-Maritimes, entre <a href=\"https:\/\/actu.fr\/provence-alpes-cote-d-azur\/cagnes-sur-mer_06027\" target=\"_blank\" rel=\"noopener\">Cagnes-sur-Mer<\/a> et <a href=\"https:\/\/actu.fr\/provence-alpes-cote-d-azur\/saint-laurent-du-var_06123\" target=\"_blank\" rel=\"noopener\">Saint-Laurent-du-Var<\/a>, apr\u00e8s la sortie n\u00b049.<\/p>\n<p>    <a href=\"https:\/\/www.google.com\/maps\/embed?pb=!1m18!1m12!1m3!1d5772.410359419071!2d7.186411957924744!3d43.66470242563274!2m3!1f0!2f0!3f0!3m2!1i1024!2i768!4f13.1!3m3!1m2!1s0x12cdd3973e9df56b%3A0xa10d1d4d2226f29e!2sP%C3%A9age%20de%20Cagnes-sur-Mer%20Sortie%20N%C2%B048!5e0!3m2!1sfr!2sfr!4v1764232064205!5m2!1sfr!2sfr\" title=\"Ouvrie le lien\" target=\"_blank\" rel=\"noopener\">Cliquez ici pour visualiser le contenu<\/a><\/p>\n<p class=\" wall-content\">De fait, le trafic routier est paralys\u00e9 sur l\u2019A8, et sur plusieurs kilom\u00e8tres.<\/p>\n<p>Un temps de trajet rallong\u00e9 de 1h30<\/p>\n<p class=\" wall-content\">Cet <a href=\"https:\/\/actu.fr\/tag\/accident\" target=\"_blank\" rel=\"noopener\">accident<\/a> a impliqu\u00e9 plusieurs <strong>v\u00e9hicules l\u00e9gers<\/strong> et un utilitaire ce jeudi matin, aux alentours de 8h30. Dans le sens Italie \u2013 Aix-en-Provence. Il a pour cons\u00e9quence de bloquer deux des trois voies de circulation.<\/p>\n<p class=\" wall-content\">\n<p class=\" wall-content\">Des kilom\u00e8tres de bouchons <strong>se sont form\u00e9s.<\/strong>\u00a0Vinci Autouroutes pr\u00e9cise que le temps de parcours apr\u00e8s la sortie n\u00b049 Saint-Laurent-du-Var est rallong\u00e9 d\u2019environ 1h30.<\/p>\n<p class=\" wall-content\">Il est conseill\u00e9 d\u2019\u00e9viter le secteur si possible.<\/p>\n<p class=\" wall-content\">Personnalisez votre actualit\u00e9 en ajoutant vos villes et m\u00e9dias en favori avec <a href=\"https:\/\/moncompte.actu.fr\" title=\"D\u00e9couvez Mon Actu\" rel=\"nofollow noopener\" data-trk=\"{&quot;cta&quot;:{&quot;action&quot;:&quot;https:\\\/\\\/moncompte.actu.fr&quot;,&quot;category&quot;:&quot;mon compte&quot;,&quot;from&quot;:&quot;article footer&quot;,&quot;name&quot;:&quot;Mon actu&quot;,&quot;type&quot;:&quot;cta&quot;}}\" target=\"_blank\">Mon Actu<\/a>.<\/p>\n","protected":false},"excerpt":{"rendered":"Par Arthur Frand Publi\u00e9 le 27 nov. 2025 \u00e0 9h38 ; mis \u00e0 jour le 27 nov. 2025&hellip;\n","protected":false},"author":2,"featured_media":520237,"comment_status":"","ping_status":"","sticky":false,"template":"","format":"standard","meta":{"footnotes":""},"categories":[2819],"tags":[119,1111,11,5397,3542,1777,674,1011,27,12,2401,882,25,104],"class_list":{"0":"post-561893","1":"post","2":"type-post","3":"status-publish","4":"format-standard","5":"has-post-thumbnail","7":"category-nice","8":"tag-accident","9":"tag-actu","10":"tag-actualites","11":"tag-autoroute-8-a8","12":"tag-circulation","13":"tag-eu","14":"tag-europe","15":"tag-fr","16":"tag-france","17":"tag-news","18":"tag-nice","19":"tag-provence-alpes-cote-dazur","20":"tag-republique-francaise","21":"tag-societe"},"share_on_mastodon":{"url":"https:\/\/pubeurope.com\/@fr\/115620808386462279","error":""},"_links":{"self":[{"href":"https:\/\/www.europesays.com\/fr\/wp-json\/wp\/v2\/posts\/561893","targetHints":{"allow":["GET"]}}],"collection":[{"href":"https:\/\/www.europesays.com\/fr\/wp-json\/wp\/v2\/posts"}],"about":[{"href":"https:\/\/www.europesays.com\/fr\/wp-json\/wp\/v2\/types\/post"}],"author":[{"embeddable":true,"href":"https:\/\/www.europesays.com\/fr\/wp-json\/wp\/v2\/users\/2"}],"replies":[{"embeddable":true,"href":"https:\/\/www.europesays.com\/fr\/wp-json\/wp\/v2\/comments?post=561893"}],"version-history":[{"count":0,"href":"https:\/\/www.europesays.com\/fr\/wp-json\/wp\/v2\/posts\/561893\/revisions"}],"wp:featuredmedia":[{"embeddable":true,"href":"https:\/\/www.europesays.com\/fr\/wp-json\/wp\/v2\/media\/520237"}],"wp:attachment":[{"href":"https:\/\/www.europesays.com\/fr\/wp-json\/wp\/v2\/media?parent=561893"}],"wp:term":[{"taxonomy":"category","embeddable":true,"href":"https:\/\/www.europesays.com\/fr\/wp-json\/wp\/v2\/categories?post=561893"},{"taxonomy":"post_tag","embeddable":true,"href":"https:\/\/www.europesays.com\/fr\/wp-json\/wp\/v2\/tags?post=561893"}],"curies":[{"name":"wp","href":"https:\/\/api.w.org\/{rel}","templated":true}]}}