{"id":561894,"date":"2025-11-27T08:51:15","date_gmt":"2025-11-27T08:51:15","guid":{"rendered":"https:\/\/www.europesays.com\/fr\/561894\/"},"modified":"2025-11-27T08:51:15","modified_gmt":"2025-11-27T08:51:15","slug":"a-nantes-sud-une-asso-pour-faire-son-cinema","status":"publish","type":"post","link":"https:\/\/www.europesays.com\/fr\/561894\/","title":{"rendered":"\u00c0 Nantes Sud, une asso pour faire son cin\u00e9ma"},"content":{"rendered":"<p>Car, pour les trois complices, \u00ab\u00a0l\u2019art permet de se r\u00e9unir, de faire passer un message, de partager sa vision\u00a0\u00bb. Encore faut-il avoir les codes, les cl\u00e9s. Pour cela, QVP, bas\u00e9e dans <a href=\"https:\/\/metropole.nantes.fr\/lieu\/maison-de-quartier-des-confluences\" target=\"_blank\" rel=\"noopener\">la maison de quartier des Confluences<\/a>, s\u2019est donn\u00e9 pour but de rendre la cr\u00e9ation audiovisuelle accessible au plus grand nombre, notamment dans les quartiers populaires, en organisant des ateliers d\u2019\u00e9criture de sc\u00e9narios, par exemple, ou \u00ab\u00a0en encadrant les projets de jeunes qui n\u2019ont pas forc\u00e9ment acc\u00e8s \u00e0 ce genre d\u2019activit\u00e9 et qui ont envie de tourner des web-s\u00e9ries, des courts-m\u00e9trages, des podcasts\u2026 On veut semer des graines, faire na\u00eetre des vocations\u2026 apporter notre pierre \u00e0 l\u2019\u00e9difice\u00a0\u00bb.<\/p>\n<p>Dernier coup est en piste pour participer \u00e0 huit festivals de courts-m\u00e9trages, dont <a href=\"https:\/\/www.premiersplans.org\/fr\" target=\"_blank\" rel=\"noopener\">Premiers plans \u00e0 Angers<\/a>\u00a0: \u00ab\u00a0Nous voulons avoir, d\u00e9j\u00e0, le retour de professionnels . Si nous remportons des prix, cela nous permettra de financer d\u2019autres projets.\u00a0\u00bb\u00a0<br \/>\u00a0<\/p>\n","protected":false},"excerpt":{"rendered":"Car, pour les trois complices, \u00ab\u00a0l\u2019art permet de se r\u00e9unir, de faire passer un message, de partager sa&hellip;\n","protected":false},"author":2,"featured_media":561895,"comment_status":"","ping_status":"","sticky":false,"template":"","format":"standard","meta":{"footnotes":""},"categories":[2818],"tags":[1111,11,1777,674,1011,27,766,12,2636,25],"class_list":{"0":"post-561894","1":"post","2":"type-post","3":"status-publish","4":"format-standard","5":"has-post-thumbnail","7":"category-nantes","8":"tag-actu","9":"tag-actualites","10":"tag-eu","11":"tag-europe","12":"tag-fr","13":"tag-france","14":"tag-nantes","15":"tag-news","16":"tag-pays-de-la-loire","17":"tag-republique-francaise"},"share_on_mastodon":{"url":"https:\/\/pubeurope.com\/@fr\/115620812153874187","error":""},"_links":{"self":[{"href":"https:\/\/www.europesays.com\/fr\/wp-json\/wp\/v2\/posts\/561894","targetHints":{"allow":["GET"]}}],"collection":[{"href":"https:\/\/www.europesays.com\/fr\/wp-json\/wp\/v2\/posts"}],"about":[{"href":"https:\/\/www.europesays.com\/fr\/wp-json\/wp\/v2\/types\/post"}],"author":[{"embeddable":true,"href":"https:\/\/www.europesays.com\/fr\/wp-json\/wp\/v2\/users\/2"}],"replies":[{"embeddable":true,"href":"https:\/\/www.europesays.com\/fr\/wp-json\/wp\/v2\/comments?post=561894"}],"version-history":[{"count":0,"href":"https:\/\/www.europesays.com\/fr\/wp-json\/wp\/v2\/posts\/561894\/revisions"}],"wp:featuredmedia":[{"embeddable":true,"href":"https:\/\/www.europesays.com\/fr\/wp-json\/wp\/v2\/media\/561895"}],"wp:attachment":[{"href":"https:\/\/www.europesays.com\/fr\/wp-json\/wp\/v2\/media?parent=561894"}],"wp:term":[{"taxonomy":"category","embeddable":true,"href":"https:\/\/www.europesays.com\/fr\/wp-json\/wp\/v2\/categories?post=561894"},{"taxonomy":"post_tag","embeddable":true,"href":"https:\/\/www.europesays.com\/fr\/wp-json\/wp\/v2\/tags?post=561894"}],"curies":[{"name":"wp","href":"https:\/\/api.w.org\/{rel}","templated":true}]}}