{"id":561896,"date":"2025-11-27T08:52:24","date_gmt":"2025-11-27T08:52:24","guid":{"rendered":"https:\/\/www.europesays.com\/fr\/561896\/"},"modified":"2025-11-27T08:52:24","modified_gmt":"2025-11-27T08:52:24","slug":"bout-a-bout-pionniere-pour-le-retour-de-la-consigne","status":"publish","type":"post","link":"https:\/\/www.europesays.com\/fr\/561896\/","title":{"rendered":"Bout\u2019 \u00e0 bout\u2019 pionni\u00e8re pour le retour de la consigne"},"content":{"rendered":"<p>2025 est une ann\u00e9e de transition pour Bout\u2019 \u00e0 bout\u2019, l\u2019entreprise nantaise qui a pari\u00e9 sur le retour de la consigne d\u00e8s 2016. A ses d\u00e9buts, elle a constitu\u00e9 un r\u00e9seau de producteurs pour les inciter \u00e0 revenir \u00e0 la consigne sur leurs bouteilles en verre, ainsi qu\u2019un r\u00e9seau de magasins acceptant ces bouteilles r\u00e9employables. Elle se chargeait ensuite de la collecte, du tri, du lavage et de la revente des bouteilles.<\/p>\n<p>Avec l\u2019arriv\u00e9e de l\u2019exp\u00e9rimentation ReUse dans le nord-ouest de la France, en mai dernier, port\u00e9e par Citeo, qui teste \u00e0 grande \u00e9chelle le retour de la consigne pour des grandes marques de la grande distribution, Bout\u2019 \u00e0 bout\u2019 va se recentrer sur la collecte, le tri et le lavage. \u00ab\u00a0Avec une fili\u00e8re de r\u00e9emploi nationale qui tourne bien, les producteurs ont tout int\u00e9r\u00eat \u00e0 passer toutes leurs bouteilles en verre en r\u00e9emploi, explique Yann Priou, directeur g\u00e9n\u00e9ral. C\u2019\u00e9tait notre objectif, nous avons mis beaucoup d\u2019\u00e9nergie pendant plus de 2 ans avec d\u2019autres acteurs de la fili\u00e8re pour monter ce projet ReUse.\u00a0\u00bb<\/p>\n","protected":false},"excerpt":{"rendered":"2025 est une ann\u00e9e de transition pour Bout\u2019 \u00e0 bout\u2019, l\u2019entreprise nantaise qui a pari\u00e9 sur le retour&hellip;\n","protected":false},"author":2,"featured_media":561897,"comment_status":"","ping_status":"","sticky":false,"template":"","format":"standard","meta":{"footnotes":""},"categories":[2818],"tags":[1111,11,1777,674,1011,27,766,12,2636,25],"class_list":{"0":"post-561896","1":"post","2":"type-post","3":"status-publish","4":"format-standard","5":"has-post-thumbnail","7":"category-nantes","8":"tag-actu","9":"tag-actualites","10":"tag-eu","11":"tag-europe","12":"tag-fr","13":"tag-france","14":"tag-nantes","15":"tag-news","16":"tag-pays-de-la-loire","17":"tag-republique-francaise"},"share_on_mastodon":{"url":"https:\/\/pubeurope.com\/@fr\/115620816404995139","error":""},"_links":{"self":[{"href":"https:\/\/www.europesays.com\/fr\/wp-json\/wp\/v2\/posts\/561896","targetHints":{"allow":["GET"]}}],"collection":[{"href":"https:\/\/www.europesays.com\/fr\/wp-json\/wp\/v2\/posts"}],"about":[{"href":"https:\/\/www.europesays.com\/fr\/wp-json\/wp\/v2\/types\/post"}],"author":[{"embeddable":true,"href":"https:\/\/www.europesays.com\/fr\/wp-json\/wp\/v2\/users\/2"}],"replies":[{"embeddable":true,"href":"https:\/\/www.europesays.com\/fr\/wp-json\/wp\/v2\/comments?post=561896"}],"version-history":[{"count":0,"href":"https:\/\/www.europesays.com\/fr\/wp-json\/wp\/v2\/posts\/561896\/revisions"}],"wp:featuredmedia":[{"embeddable":true,"href":"https:\/\/www.europesays.com\/fr\/wp-json\/wp\/v2\/media\/561897"}],"wp:attachment":[{"href":"https:\/\/www.europesays.com\/fr\/wp-json\/wp\/v2\/media?parent=561896"}],"wp:term":[{"taxonomy":"category","embeddable":true,"href":"https:\/\/www.europesays.com\/fr\/wp-json\/wp\/v2\/categories?post=561896"},{"taxonomy":"post_tag","embeddable":true,"href":"https:\/\/www.europesays.com\/fr\/wp-json\/wp\/v2\/tags?post=561896"}],"curies":[{"name":"wp","href":"https:\/\/api.w.org\/{rel}","templated":true}]}}