{"id":561898,"date":"2025-11-27T08:53:29","date_gmt":"2025-11-27T08:53:29","guid":{"rendered":"https:\/\/www.europesays.com\/fr\/561898\/"},"modified":"2025-11-27T08:53:29","modified_gmt":"2025-11-27T08:53:29","slug":"le-festival-odp-talence-devoile-sa-programmation-explosive","status":"publish","type":"post","link":"https:\/\/www.europesays.com\/fr\/561898\/","title":{"rendered":"Le festival ODP Talence d\u00e9voile sa programmation explosive !"},"content":{"rendered":"<p>Apr\u00e8s avoir annonc\u00e9 la venue exceptionnelle de Jean-Louis Aubert, ancien membre du mythique groupe T\u00e9l\u00e9phone, le festival ODP Talence vient de lever le voile sur l\u2019ensemble des artistes qui se produiront pour soutenir l\u2019\u0152uvre des Pupilles et faire vibrer la sc\u00e8ne du parc Peixotto. Une chose est s\u00fbre : cette 11e \u00e9dition s\u2019annonce inoubliable !<\/p>\n<p>Jeudi : une premi\u00e8re journ\u00e9e pour (re)d\u00e9couvrir des p\u00e9pites fran\u00e7aises<\/p>\n<p style=\"font-size:16px\">Si tu connais bien <strong><a href=\"https:\/\/festival-odp.billetterie-event.fr\/home\" target=\"_blank\" rel=\"noreferrer noopener\">ODP Talence<\/a><\/strong>, tu te souviens sans doute que <strong>Ben Mazu\u00e9<\/strong> et <strong>Styleto <\/strong>\u00e9taient programm\u00e9s lors de <strong>la 10e \u00e9dition<\/strong>, finalement perturb\u00e9e par les intemp\u00e9ries. Bonne nouvelle : <strong>les deux artistes reviennent cette ann\u00e9e<\/strong> pour rencontrer enfin le public dans les meilleures conditions !<\/p>\n<p style=\"font-size:16px\"><strong>Styleto<\/strong>, jeune artiste p\u00e9tillante dont la pop color\u00e9e et les m\u00e9lodies \u00e9nergiques ne cessent de s\u00e9duire. Apr\u00e8s une premi\u00e8re tourn\u00e9e compl\u00e8te et <strong>un Olympia sold-out<\/strong>, 2026 s\u2019annonce comme l\u2019ann\u00e9e parfaite pour la d\u00e9couvrir sur sc\u00e8ne. Tu retrouveras aussi <strong>Ben Mazu\u00e9<\/strong>, auteur-compositeur-interpr\u00e8te au talent reconnu, pr\u00e9sentera son nouvel album Famille, un projet intime o\u00f9 il aborde avec finesse des th\u00e8mes universels : l\u2019amour, les liens, les relations qui nous fa\u00e7onnent. De quoi toucher en plein c\u0153ur les festivaliers. <\/p>\n<p><img fetchpriority=\"high\" decoding=\"async\" width=\"1024\" height=\"871\" data-id=\"86821\" src=\"https:\/\/www.europesays.com\/fr\/wp-content\/uploads\/2025\/11\/image-228-1024x871.png\" alt=\"\" class=\"wp-image-86821\"  \/>\u00a9Romain Rigal<\/p>\n<p><img loading=\"lazy\" decoding=\"async\" width=\"1024\" height=\"1024\" data-id=\"86819\" src=\"https:\/\/www.europesays.com\/fr\/wp-content\/uploads\/2025\/11\/Styleto-Fille-lacrymal-1024x1024.jpg\" alt=\"\" class=\"wp-image-86819\"  \/><\/p>\n<p style=\"font-size:16px\">Autre moment fort : la venue de <strong>Louane<\/strong>. R\u00e9v\u00e9l\u00e9e \u00e0 ses 16 ans et devenue incontournable de la sc\u00e8ne fran\u00e7aise, elle partagera les titres de son dernier projet Solo. Sa voix touchante et ses textes sensibles promettent un concert plein d\u2019\u00e9motion.<\/p>\n<p><img loading=\"lazy\" decoding=\"async\" width=\"684\" height=\"1024\" src=\"https:\/\/www.europesays.com\/fr\/wp-content\/uploads\/2025\/11\/Louane-2-@Damien-Krisl-684x1024.png\" alt=\"\" class=\"wp-image-86866\" style=\"width:406px;height:auto\"  \/>@Damien-Krisl<\/p>\n<p>Vendredi : une soir\u00e9e \u00e9clectique pour te faire danser<\/p>\n<p style=\"font-size:16px\">Apr\u00e8s une ouverture qui aura lanc\u00e9 le festival comme il se doit, la soir\u00e9e du <a href=\"https:\/\/festival-odp.billetterie-event.fr\/home\" target=\"_blank\" rel=\"noreferrer noopener\">vendredi <\/a>t\u2019invite \u00e0 une immersion musicale haute en \u00e9nergie.<\/p>\n<p style=\"font-size:16px\">On commencera avec <strong>Luiza<\/strong>, artiste lumineuse r\u00e9v\u00e9l\u00e9e par son titre \u00ab Soleil Bleu \u00bb, d\u00e9j\u00e0 impossible \u00e0 manquer dans tes playlists. Place ensuite au duo <strong>Calema<\/strong>, dont les sonorit\u00e9s m\u00ealent afrobeat, pop et influences portugaises. Leurs m\u00e9lodies sinc\u00e8res et f\u00e9d\u00e9ratrices, chant\u00e9es en portugais, touchent des millions de fans, et les festivaliers de Talence ne feront pas exception.<\/p>\n<p><img loading=\"lazy\" decoding=\"async\" width=\"576\" height=\"1024\" data-id=\"86803\" src=\"https:\/\/www.europesays.com\/fr\/wp-content\/uploads\/2025\/11\/1080x1920-A-utiliser-PRIO-L1330196-\u00a9Emma-Birski-576x1024.jpg\" alt=\"\" class=\"wp-image-86803\"  \/>\u00a9Emma-Birski<\/p>\n<p><img loading=\"lazy\" decoding=\"async\" width=\"683\" height=\"1024\" data-id=\"86907\" src=\"https:\/\/www.europesays.com\/fr\/wp-content\/uploads\/2025\/11\/WhatsApp-Image-2025-11-27-a-09.08.32_ce0bfd74-683x1024.jpg\" alt=\"\" class=\"wp-image-86907\"  \/><\/p>\n<p style=\"font-size:16px\"><strong>Christophe Ma\u00e9<\/strong> prendra ensuite le relais pour un <strong>set pop-folk<\/strong> chaleureux, parfait pour reprendre en ch\u0153ur ses titres incontournables et red\u00e9couvrir un artiste g\u00e9n\u00e9reux, toujours proche de son public. Puis <strong>Yann Muller<\/strong> cl\u00f4turera la soir\u00e9e ! Producteur et DJ, Yann Muller a conquis les r\u00e9seaux et les sc\u00e8nes avec ses mixes solaires, entre reprises pop, influences house et subtils arrangements acoustiques.<\/p>\n<p><img loading=\"lazy\" decoding=\"async\" width=\"1024\" height=\"1024\" data-id=\"86806\" src=\"https:\/\/www.europesays.com\/fr\/wp-content\/uploads\/2025\/11\/Christophe-Mae_2026_visuelweb_salle_800x800_AA-1024x1024.jpg\" alt=\"\" class=\"wp-image-86806\"  \/><strong>Christophe Ma\u00e9<\/strong> prendra ensuite le relais pour un <strong>set pop-folk<\/strong> chaleureux, parfait pour reprendre en ch\u0153ur ses titres incontournables<\/p>\n<p><img loading=\"lazy\" decoding=\"async\" width=\"683\" height=\"1024\" data-id=\"86817\" src=\"https:\/\/www.europesays.com\/fr\/wp-content\/uploads\/2025\/11\/Photo-10-07-2025-14-15-15-1-683x1024.jpg\" alt=\"\" class=\"wp-image-86817\"  \/><strong>Yann Muller<\/strong> cl\u00f4turera la soir\u00e9e ! Producteur et DJ, Yann Muller a conquis les r\u00e9seaux et les sc\u00e8nes avec ses mixes solaires, entre reprises pop<\/p>\n<p>Samedi : une soir\u00e9e d\u2019anthologie<\/p>\n<p style=\"font-size:16px\">Le samedi, <a href=\"https:\/\/festival-odp.billetterie-event.fr\/home\" target=\"_blank\" rel=\"noreferrer noopener\">ODP Talence<\/a> te r\u00e9serve une programmation puissante et charg\u00e9e d\u2019\u00e9motion.<\/p>\n<p style=\"font-size:16px\"><strong>Jean-Louis Aubert<\/strong> sera la t\u00eate d\u2019affiche pour cette soir\u00e9e ! Figure embl\u00e9matique du rock fran\u00e7ais. L\u2019artiste reprendra ses titres incontournables et pr\u00e9sentera son dernier projet, PAFINITOUR, d\u00e9j\u00e0 acclam\u00e9. Une prestation \u00e0 ne surtout pas manquer !<\/p>\n<p><img loading=\"lazy\" decoding=\"async\" width=\"709\" height=\"1024\" src=\"https:\/\/www.europesays.com\/fr\/wp-content\/uploads\/2025\/11\/JLA-noir-et-blanc-credit-Barbara-d_Alesandri-709x1024.jpg\" alt=\"\" class=\"wp-image-86815\" style=\"width:387px;height:auto\"  \/>\u00c0 ODP Talence, Jean-Louis Aubert revient avec PAFINITOUR et ses incontournables pour une prestation immanquable. \u00a9Barbara d\u2019Alesandri<\/p>\n<p style=\"font-size:16px\">Le groupe <strong>Skip The Use<\/strong> partagera son l\u2019\u00e9nergie folle qui le caract\u00e9rise. Les Lillois viendront d\u00e9fendre leur sixi\u00e8me album, explosif et cr\u00e9atif, taill\u00e9 pour la sc\u00e8ne. <strong>Lilly Wood and The Prick<\/strong> envo\u00fbteront la soir\u00e9e avec leurs chansons ent\u00eatantes et leur retour tr\u00e8s attendu. Leur nouvel album, produit par Myd, promet une belle surprise \u00e0 d\u00e9couvrir en live.<\/p>\n<p><img loading=\"lazy\" decoding=\"async\" width=\"1024\" height=\"683\" data-id=\"86816\" src=\"https:\/\/www.europesays.com\/fr\/wp-content\/uploads\/2025\/11\/Lilly-Wood-The-Prick-c-Jeanne-Lula-Chauveau-1-1024x683.jpg\" alt=\"\" class=\"wp-image-86816\"  \/>\u00a9Jeanne-Lula-Chauveau<\/p>\n<p><img loading=\"lazy\" decoding=\"async\" width=\"768\" height=\"1024\" data-id=\"86802\" src=\"https:\/\/www.europesays.com\/fr\/wp-content\/uploads\/2025\/11\/\u00a9-Nicko-Guihal-2-768x1024.jpg\" alt=\"\" class=\"wp-image-86802\"  \/>\u00a9-Nicko-Guihal<\/p>\n<p>Dimanche : la traditionnelle soir\u00e9e RTL2 POP-ROCK LIVE<\/p>\n<p style=\"font-size:16px\">Comme chaque ann\u00e9e, <strong><a href=\"https:\/\/festival-odp.billetterie-event.fr\/home\" target=\"_blank\" rel=\"noreferrer noopener\">ODP Talence<\/a><\/strong> terminera en beaut\u00e9 avec des <strong>showcases gratuits<\/strong>, parfaits pour d\u00e9couvrir les talents de demain ou revoir des artistes d\u00e9j\u00e0 bien \u00e9tablis. La programmation sera d\u00e9voil\u00e9e en mai.<\/p>\n<p><img loading=\"lazy\" decoding=\"async\" width=\"1024\" height=\"682\" src=\"https:\/\/www.europesays.com\/fr\/wp-content\/uploads\/2025\/11\/DSC09824\u00a9NicoPulcrano-1024x682.jpg\" alt=\"\" class=\"wp-image-86813\" style=\"width:632px;height:auto\"  \/>\u00c0 ODP Talence, des showcases gratuits r\u00e9v\u00e9leront talents \u00e9mergents, programmation d\u00e9voil\u00e9e en mai prochain attendue. \u00a9NicoPulcrano<\/p>\n<p>Billetterie et infos g\u00e9n\u00e9rales<\/p>\n<p style=\"font-size:16px\">Tu l\u2019as bien compris, <strong>du 11 au 14 juin 2026<\/strong>, <strong>ODP Talence<\/strong> revient pour une \u00e9dition solidaire, festive et pleine de bonnes ondes. En participant, tu soutiens aussi <strong>l\u2019\u0152uvre des Pupilles<\/strong>, qui accompagne les orphelins des sapeurs-pompiers de France.<\/p>\n<p style=\"font-size:16px\">C\u00f4t\u00e9 billets : <strong>1 jour d\u00e8s 49 \u20ac<\/strong>, <strong>Pass 2 jours d\u00e8s 93 \u20ac<\/strong>, <strong>Pass 3 jours \u00e0 138 \u20ac<\/strong>, <strong>tarif enfant \u00e0 19 \u20ac <\/strong>(gratuit pour les moins de 2 ans), <strong>Pass famille d\u00e8s 102 \u20ac.<\/strong> Sans oublier <strong>le dimanche gratuit<\/strong> et le <strong>village ODP Kids<\/strong> pour d\u00e9couvrir le monde des soldats du feu \u00e0 travers des ateliers ludiques.<\/p>\n<p style=\"font-size:16px\"><a href=\"https:\/\/festival-odp.billetterie-event.fr\/home\" target=\"_blank\" rel=\"noreferrer noopener\">R\u00e9serve vite<\/a> tes places et rejoins l\u2019aventure <strong>ODP Talence<\/strong> !<\/p>\n<p><img loading=\"lazy\" decoding=\"async\" width=\"1024\" height=\"682\" data-id=\"86811\" src=\"https:\/\/www.europesays.com\/fr\/wp-content\/uploads\/2025\/11\/DSC09279\u00a9NicoPulcrano-1024x682.jpg\" alt=\"\" class=\"wp-image-86811\"  \/>\u00a9NicoPulcrano<\/p>\n<p><img loading=\"lazy\" decoding=\"async\" width=\"819\" height=\"1024\" data-id=\"86810\" src=\"https:\/\/www.europesays.com\/fr\/wp-content\/uploads\/2025\/11\/DSC08793\u00a9NicoPulcrano-819x1024.jpg\" alt=\"\" class=\"wp-image-86810\"  \/>\u00a9NicoPulcrano<\/p>\n<p><img loading=\"lazy\" decoding=\"async\" width=\"819\" height=\"1024\" data-id=\"86812\" src=\"https:\/\/www.europesays.com\/fr\/wp-content\/uploads\/2025\/11\/DSC09653\u00a9NicoPulcrano-819x1024.jpg\" alt=\"\" class=\"wp-image-86812\"  \/>\u00a9NicoPulcrano<\/p>\n<p class=\"has-text-align-center\" style=\"font-size:16px\"><strong>On y va ? <\/strong><\/p>\n<p class=\"has-text-align-center\" style=\"font-size:16px\">\ud83d\udccdFestival ODP Talence \u2022 Parc Peixotto, Talence<br \/>\ud83d\udcc5 Du 11 au 14 juin 2026<br \/>\ud83d\udc9b (Ouvert \u00e0 tous.tes)<br \/>\u27a1\ufe0f <a href=\"https:\/\/festival-odp.billetterie-event.fr\/home\" target=\"_blank\" rel=\"noreferrer noopener\">Billetterie <\/a><br \/>\ud83d\udcf2 <a href=\"https:\/\/www.festival-odp.com\/\" target=\"_blank\" rel=\"noreferrer noopener\">Site web<\/a> \u2022 <a href=\"https:\/\/www.facebook.com\/festivalodp\" target=\"_blank\" rel=\"noreferrer noopener\">Facebook <\/a>\u2022 <a href=\"https:\/\/www.instagram.com\/festivalodp\/#\" target=\"_blank\" rel=\"noreferrer noopener\">Instagram<\/a><\/p>\n<p style=\"font-size:16px\">\u00c0 lire aussi : <a href=\"https:\/\/www.bougerabordeaux.com\/actu\/news\/bordeaux-succes-record-pour-la-17%e1%b5%89-edition-de-la-collecte-etudiante-sang-pour-sang-campus\/\" target=\"_blank\" rel=\"noreferrer noopener\">Bordeaux : succ\u00e8s record pour la 17\u1d49 \u00e9dition de la collecte \u00e9tudiante \u00ab Sang Pour Sang Campus \u00bb<\/a><\/p>\n<p>\t\t<script async src=\"\/\/www.instagram.com\/embed.js\"><\/script><\/p>\n","protected":false},"excerpt":{"rendered":"Apr\u00e8s avoir annonc\u00e9 la venue exceptionnelle de Jean-Louis Aubert, ancien membre du mythique groupe T\u00e9l\u00e9phone, le festival ODP&hellip;\n","protected":false},"author":2,"featured_media":561899,"comment_status":"","ping_status":"","sticky":false,"template":"","format":"standard","meta":{"footnotes":""},"categories":[2817],"tags":[1111,11,1997,1777,674,1011,27,12,2219,25],"class_list":{"0":"post-561898","1":"post","2":"type-post","3":"status-publish","4":"format-standard","5":"has-post-thumbnail","7":"category-bordeaux","8":"tag-actu","9":"tag-actualites","10":"tag-bordeaux","11":"tag-eu","12":"tag-europe","13":"tag-fr","14":"tag-france","15":"tag-news","16":"tag-nouvelle-aquitaine","17":"tag-republique-francaise"},"share_on_mastodon":{"url":"https:\/\/pubeurope.com\/@fr\/115620821827502572","error":""},"_links":{"self":[{"href":"https:\/\/www.europesays.com\/fr\/wp-json\/wp\/v2\/posts\/561898","targetHints":{"allow":["GET"]}}],"collection":[{"href":"https:\/\/www.europesays.com\/fr\/wp-json\/wp\/v2\/posts"}],"about":[{"href":"https:\/\/www.europesays.com\/fr\/wp-json\/wp\/v2\/types\/post"}],"author":[{"embeddable":true,"href":"https:\/\/www.europesays.com\/fr\/wp-json\/wp\/v2\/users\/2"}],"replies":[{"embeddable":true,"href":"https:\/\/www.europesays.com\/fr\/wp-json\/wp\/v2\/comments?post=561898"}],"version-history":[{"count":0,"href":"https:\/\/www.europesays.com\/fr\/wp-json\/wp\/v2\/posts\/561898\/revisions"}],"wp:featuredmedia":[{"embeddable":true,"href":"https:\/\/www.europesays.com\/fr\/wp-json\/wp\/v2\/media\/561899"}],"wp:attachment":[{"href":"https:\/\/www.europesays.com\/fr\/wp-json\/wp\/v2\/media?parent=561898"}],"wp:term":[{"taxonomy":"category","embeddable":true,"href":"https:\/\/www.europesays.com\/fr\/wp-json\/wp\/v2\/categories?post=561898"},{"taxonomy":"post_tag","embeddable":true,"href":"https:\/\/www.europesays.com\/fr\/wp-json\/wp\/v2\/tags?post=561898"}],"curies":[{"name":"wp","href":"https:\/\/api.w.org\/{rel}","templated":true}]}}