{"id":561910,"date":"2025-11-27T08:59:14","date_gmt":"2025-11-27T08:59:14","guid":{"rendered":"https:\/\/www.europesays.com\/fr\/561910\/"},"modified":"2025-11-27T08:59:14","modified_gmt":"2025-11-27T08:59:14","slug":"marseille-lancement-des-illuminations-de-noel-et-mini-concert-danais-delva-ce-samedi-29-11-2025-marseille","status":"publish","type":"post","link":"https:\/\/www.europesays.com\/fr\/561910\/","title":{"rendered":"Marseille : Lancement des illuminations de No\u00ebl et mini-concert d&rsquo;Ana\u00efs Delva ce samedi &#8211; 29\/11\/2025 &#8211; Marseille"},"content":{"rendered":"<p data-start=\"578\" data-end=\"919\">Pour marquer l\u2019ouverture de la saison, les Marseillais sont invit\u00e9s \u00e0 se retrouver \u00e0 l\u2019<strong data-start=\"665\" data-end=\"683\">H\u00f4tel de Ville<\/strong>, sur la <strong data-start=\"692\" data-end=\"710\">Place Bargemon<\/strong>, le samedi 29 novembre d\u00e8s <strong data-start=\"738\" data-end=\"747\">17h30<\/strong>. C\u2019est \u00e0 ce moment que sera officiellement d\u00e9clench\u00e9 l\u2019allumage des d\u00e9corations, r\u00e9v\u00e9lant un parcours lumineux pens\u00e9 pour sublimer les sites embl\u00e9matiques du centre-ville.<\/p>\n<p>&#13;<br \/>\nUn mini-concert exceptionnel d\u2019Ana\u00efs Delva au Village des Enfants&#13;<\/p>\n<p data-start=\"973\" data-end=\"1408\">Pour accompagner cet instant, Marseille accueillera une artiste particuli\u00e8rement appr\u00e9ci\u00e9e du jeune public : <strong data-start=\"1082\" data-end=\"1097\">Ana\u00efs Delva<\/strong>.<br data-start=\"1098\" data-end=\"1101\"\/> Chanteuse et com\u00e9dienne, elle est notamment connue pour avoir interpr\u00e9t\u00e9 l\u2019inoubliable chanson <strong data-start=\"1196\" data-end=\"1221\">\u00ab Lib\u00e9r\u00e9e, d\u00e9livr\u00e9e \u00bb<\/strong>, en pr\u00eatant sa voix fran\u00e7aise \u00e0 <strong data-start=\"1254\" data-end=\"1262\">Elsa<\/strong> dans le film d\u2019animation La Reine des Neiges. Elle est \u00e9galement directrice artistique chant pour la version fran\u00e7aise de KPop Demon Hunters.<\/p>\n<p>&#13;<\/p>\n<p data-start=\"1410\" data-end=\"1595\">\u00c0 l\u2019occasion du lancement des illuminations, Ana\u00efs Delva offrira un <strong data-start=\"1478\" data-end=\"1503\">mini-concert exclusif \u00e0 17h30<\/strong>. Un moment musical privil\u00e9gi\u00e9, parfait pour plonger petits et grands dans l\u2019esprit de No\u00ebl.<\/p>\n<p>&#13;<\/p>\n<p data-start=\"1410\" data-end=\"1595\">Les enfants pourront profiter du <a href=\"https:\/\/www.frequence-sud.fr\/art-101654-noel_a_marseille__le_village_des_enfants_marseille\" target=\"_blank\" rel=\"noopener\">Village des Enfants install\u00e9s place Bargemon<\/a>\u00a0\u00a0de 10h \u00e0 13h et de 14h \u00e0 20h.<\/p>\n<p>&#13;<\/p>\n<p data-start=\"1410\" data-end=\"1595\">\u00a0<\/p>\n<p>&#13;<br \/>\nUn mois de f\u00e9erie dans tous les quartiers&#13;<\/p>\n<p data-start=\"1648\" data-end=\"1965\">Du Vieux-Port aux grandes art\u00e8res commer\u00e7antes, en passant par les quartiers plus \u00e9loign\u00e9s, la ville sera par\u00e9e de lumi\u00e8res et de d\u00e9corations pour un mois de festivit\u00e9s. Les habitants comme les visiteurs pourront profiter chaque soir d\u2019une promenade lumineuse, symbole du dynamisme et de la convivialit\u00e9 marseillaise.<\/p>\n<p>&#13;<\/p>\n<p data-start=\"1648\" data-end=\"1965\">\u00a0<\/p>\n<p>&#13;<\/p>\n","protected":false},"excerpt":{"rendered":"Pour marquer l\u2019ouverture de la saison, les Marseillais sont invit\u00e9s \u00e0 se retrouver \u00e0 l\u2019H\u00f4tel de Ville, sur&hellip;\n","protected":false},"author":2,"featured_media":561911,"comment_status":"","ping_status":"","sticky":false,"template":"","format":"standard","meta":{"footnotes":""},"categories":[2814],"tags":[1111,11,1777,674,1011,27,884,12,882,25],"class_list":{"0":"post-561910","1":"post","2":"type-post","3":"status-publish","4":"format-standard","5":"has-post-thumbnail","7":"category-marseille","8":"tag-actu","9":"tag-actualites","10":"tag-eu","11":"tag-europe","12":"tag-fr","13":"tag-france","14":"tag-marseille","15":"tag-news","16":"tag-provence-alpes-cote-dazur","17":"tag-republique-francaise"},"share_on_mastodon":{"url":"https:\/\/pubeurope.com\/@fr\/115620843847203399","error":""},"_links":{"self":[{"href":"https:\/\/www.europesays.com\/fr\/wp-json\/wp\/v2\/posts\/561910","targetHints":{"allow":["GET"]}}],"collection":[{"href":"https:\/\/www.europesays.com\/fr\/wp-json\/wp\/v2\/posts"}],"about":[{"href":"https:\/\/www.europesays.com\/fr\/wp-json\/wp\/v2\/types\/post"}],"author":[{"embeddable":true,"href":"https:\/\/www.europesays.com\/fr\/wp-json\/wp\/v2\/users\/2"}],"replies":[{"embeddable":true,"href":"https:\/\/www.europesays.com\/fr\/wp-json\/wp\/v2\/comments?post=561910"}],"version-history":[{"count":0,"href":"https:\/\/www.europesays.com\/fr\/wp-json\/wp\/v2\/posts\/561910\/revisions"}],"wp:featuredmedia":[{"embeddable":true,"href":"https:\/\/www.europesays.com\/fr\/wp-json\/wp\/v2\/media\/561911"}],"wp:attachment":[{"href":"https:\/\/www.europesays.com\/fr\/wp-json\/wp\/v2\/media?parent=561910"}],"wp:term":[{"taxonomy":"category","embeddable":true,"href":"https:\/\/www.europesays.com\/fr\/wp-json\/wp\/v2\/categories?post=561910"},{"taxonomy":"post_tag","embeddable":true,"href":"https:\/\/www.europesays.com\/fr\/wp-json\/wp\/v2\/tags?post=561910"}],"curies":[{"name":"wp","href":"https:\/\/api.w.org\/{rel}","templated":true}]}}