{"id":561912,"date":"2025-11-27T09:00:30","date_gmt":"2025-11-27T09:00:30","guid":{"rendered":"https:\/\/www.europesays.com\/fr\/561912\/"},"modified":"2025-11-27T09:00:30","modified_gmt":"2025-11-27T09:00:30","slug":"24-voitures-electriques-tesla-en-feu-pres-de-marseille-un-groupuscule-dultragauche-revendique-lincendie","status":"publish","type":"post","link":"https:\/\/www.europesays.com\/fr\/561912\/","title":{"rendered":"24 voitures \u00e9lectriques Tesla en feu pr\u00e8s de Marseille, un groupuscule d\u2019ultragauche revendique l\u2019incendie"},"content":{"rendered":"<p>\n                                                                    l&rsquo;essentiel<br \/>\n                                                                Un vaste incendie a d\u00e9truit 24 voitures \u00e9lectriques sur le parking d\u2019une concession automobile Tesla aux Pennes-Mirabeau (Bouches-du-Rh\u00f4ne) dans la nuit du 12 au 13\u00a0novembre. Le sinistre a \u00e9t\u00e9 revendiqu\u00e9 sur un blog anticapitaliste.\n                            <\/p>\n<p>Tesla cible de l\u2019ultragauche. Une concession automobile de la marque d\u2019Elon Musk a \u00e9t\u00e9 touch\u00e9e par un important incendie, aux Pennes-Mirabeau dans les Bouches-du-Rh\u00f4ne, dans la nuit du 12 au 13\u00a0novembre. Les pompiers ont lutt\u00e9 plus de 3h contre les flammes. 24 v\u00e9hicules \u00e9lectriques Tesla ont \u00e9t\u00e9 r\u00e9duits en cendre.<\/p>\n<p>L\u2019enqu\u00eate de police a permis de d\u00e9couvrir qu\u2019une partie du grillage de la concession a \u00e9t\u00e9 sectionn\u00e9e et de relever plusieurs foyers d\u2019incendie. La piste criminelle ne fait donc aucun doute.<\/p>\n<p>Il y a quelques jours, l\u2019incendie a \u00e9t\u00e9 salu\u00e9 sur un blog anticapitaliste. \u00ab\u00a0Une plaquette allume-feu pos\u00e9e sur un des pneus avant \u00e0 suffit (sic), la contagion a fait le reste\u00a0\u00bb, peut-on lire sur le blog. Les enqu\u00eateurs privil\u00e9gient la piste d\u2019un groupe d\u2019ultragauche, sans pour autant \u00e9carter d\u2019autres mouvances, indique <a href=\"https:\/\/www.bfmtv.com\/marseille\/info-bfmtv-voitures-tesla-incendiees-dans-les-bouches-du-rhone-l-acte-revendique-par-l-ultragauche_AV-202511250623.html\" target=\"_blank\" rel=\"noopener\">BFMTV<\/a>.<\/p>\n<p>Les assurances se renvoient la balle<\/p>\n<p>Quinze jours plus tard, les propri\u00e9taires des voitures incendi\u00e9es se retrouvent d\u00e9munis. Mehdi, un chauffeur de taxi de 43 \u00e0 Marseille, a perdu sa Tesla Model X et son outil de travail. Il explique \u00e0 <a href=\"https:\/\/www.francebleu.fr\/infos\/economie-social\/on-est-coince-entre-les-deux-la-galere-des-proprietaires-de-voitures-tesla-incendiees-aux-pennes-mirabeau-7292874\" target=\"_blank\" rel=\"noopener\">Ici Provence<\/a> que Tesla et les assureurs se renvoient la balle pour indemniser les victimes. Son assureur lui r\u00e9pond que le v\u00e9hicule \u00e9tait \u00ab\u00a0sous la responsabilit\u00e9 du concessionnaire\u00a0\u00bb. D\u2019autres propri\u00e9taires rencontr\u00e9s par <a href=\"https:\/\/france3-regions.franceinfo.fr\/provence-alpes-cote-d-azur\/bouches-du-rhone\/temoignage-on-est-proprietaires-de-voitures-fondues-apres-l-incendie-du-garage-tesla-ceux-qui-ont-tout-perdu-n-arrivent-pas-a-se-faire-rembourser-3255298.html\" target=\"_blank\" rel=\"noopener\">France 3 Provence Alpes C\u00f4te d&rsquo;Azur<\/a> sont confront\u00e9s aux m\u00eames difficult\u00e9s.<\/p>\n<p>Exc\u00e9d\u00e9s par la situation, les propri\u00e9taires vont d\u00e9poser une plainte collective contre Tesla et leurs assureurs, ce jeudi 27\u00a0novembre.\u00a0Une enqu\u00eate a \u00e9t\u00e9 ouverte par le parquet d\u2019Aix-en-Provence pour \u00ab\u00a0destructions par moyen dangereux en bande organis\u00e9e\u00a0\u00bb et \u00ab\u00a0association de malfaiteurs\u00a0\u00bb.<\/p>\n<p>        <img decoding=\"async\" class=\"std-img__img responsive-img\" src=\"https:\/\/www.europesays.com\/fr\/wp-content\/uploads\/2025\/11\/1764234029_813_image.jpg\" alt=\"Le propri\u00e9taire de Tesla, Elon Musk, \u00e0 Washington le 20\u00a0janvier 2025.\"\/><\/p>\n<p>                Le propri\u00e9taire de Tesla, Elon Musk, \u00e0 Washington le 20\u00a0janvier 2025.<br \/>\n                                    AFP<\/p>\n<p class=\"std-elt__inline\">\n        <strong>\u00c0 lire aussi :<\/strong><br \/>\n        <a href=\"https:\/\/www.ladepeche.fr\/2025\/03\/04\/tesla-ventes-en-chute-libre-en-europe-incendie-dune-concession-a-toulouse-comment-lentreprise-delon-musk-se-retrouve-en-pleine-crise-de-confiance-12548202.php\" target=\"_blank\" rel=\"noopener\">Tesla\u00a0: ventes en chute libre en Europe, incendie d\u2019une concession \u00e0 Toulouse\u2026 Comment l\u2019entreprise d\u2019Elon Musk se retrouve en pleine crise de confiance<\/a>\n    <\/p>\n<p>Tesla d\u00e9j\u00e0 vis\u00e9 en mars pr\u00e8s de Toulouse<\/p>\n<p>Une concession automobile Tesla avait \u00e9t\u00e9 <a href=\"https:\/\/www.ladepeche.fr\/2025\/03\/05\/derriere-lincendie-de-la-concession-tesla-pres-de-toulouse-la-piste-des-anti-elon-musk-se-precise-12549038.php\" target=\"_blank\" rel=\"noopener\">d\u00e9j\u00e0 incendi\u00e9e en mars\u00a02025 pr\u00e8s de Toulouse \u00e0 Plaisance-du-Touch<\/a>. 12 v\u00e9hicules \u00e9taient partis en fum\u00e9e causant 700\u00a0000\u00a0euros de pr\u00e9judice. La marque d\u2019<a href=\"https:\/\/www.ladepeche.fr\/actu\/etats-unis\/elon-musk\/\" target=\"_blank\" rel=\"noopener\">Elon Musk<\/a> avait \u00e9t\u00e9 vis\u00e9e par un groupe anarchiste qui voulait d\u00e9noncer \u00ab\u00a0l\u2019acc\u00e9l\u00e9ration du projet fasciste, patriarcal, \u00e9cocidaire et colonialiste\u00a0\u00bb du milliardaire am\u00e9ricain. Toujours cette ann\u00e9e, <a href=\"https:\/\/www.ladepeche.fr\/2025\/04\/10\/500-000-euros-de-degats-une-tesla-incendiee-chaque-mois-dans-cette-ville-depuis-septembre-12628115.php\" target=\"_blank\" rel=\"noopener\">une dizaine de v\u00e9hicules Tesla ont \u00e9t\u00e9 incendi\u00e9s dans les rues de\u00a0Niort<\/a> et le si\u00e8ge fran\u00e7ais de la marque a \u00e9t\u00e9 vandalis\u00e9 \u00e0 Saint-Ouen en r\u00e9gion parisienne.<\/p>\n","protected":false},"excerpt":{"rendered":"l&rsquo;essentiel Un vaste incendie a d\u00e9truit 24 voitures \u00e9lectriques sur le parking d\u2019une concession automobile Tesla aux Pennes-Mirabeau&hellip;\n","protected":false},"author":2,"featured_media":561913,"comment_status":"","ping_status":"","sticky":false,"template":"","format":"standard","meta":{"footnotes":""},"categories":[2814],"tags":[1111,11,1777,674,1011,27,884,12,882,25],"class_list":{"0":"post-561912","1":"post","2":"type-post","3":"status-publish","4":"format-standard","5":"has-post-thumbnail","7":"category-marseille","8":"tag-actu","9":"tag-actualites","10":"tag-eu","11":"tag-europe","12":"tag-fr","13":"tag-france","14":"tag-marseille","15":"tag-news","16":"tag-provence-alpes-cote-dazur","17":"tag-republique-francaise"},"share_on_mastodon":{"url":"https:\/\/pubeurope.com\/@fr\/115620848996068139","error":""},"_links":{"self":[{"href":"https:\/\/www.europesays.com\/fr\/wp-json\/wp\/v2\/posts\/561912","targetHints":{"allow":["GET"]}}],"collection":[{"href":"https:\/\/www.europesays.com\/fr\/wp-json\/wp\/v2\/posts"}],"about":[{"href":"https:\/\/www.europesays.com\/fr\/wp-json\/wp\/v2\/types\/post"}],"author":[{"embeddable":true,"href":"https:\/\/www.europesays.com\/fr\/wp-json\/wp\/v2\/users\/2"}],"replies":[{"embeddable":true,"href":"https:\/\/www.europesays.com\/fr\/wp-json\/wp\/v2\/comments?post=561912"}],"version-history":[{"count":0,"href":"https:\/\/www.europesays.com\/fr\/wp-json\/wp\/v2\/posts\/561912\/revisions"}],"wp:featuredmedia":[{"embeddable":true,"href":"https:\/\/www.europesays.com\/fr\/wp-json\/wp\/v2\/media\/561913"}],"wp:attachment":[{"href":"https:\/\/www.europesays.com\/fr\/wp-json\/wp\/v2\/media?parent=561912"}],"wp:term":[{"taxonomy":"category","embeddable":true,"href":"https:\/\/www.europesays.com\/fr\/wp-json\/wp\/v2\/categories?post=561912"},{"taxonomy":"post_tag","embeddable":true,"href":"https:\/\/www.europesays.com\/fr\/wp-json\/wp\/v2\/tags?post=561912"}],"curies":[{"name":"wp","href":"https:\/\/api.w.org\/{rel}","templated":true}]}}