{"id":561914,"date":"2025-11-27T09:02:19","date_gmt":"2025-11-27T09:02:19","guid":{"rendered":"https:\/\/www.europesays.com\/fr\/561914\/"},"modified":"2025-11-27T09:02:19","modified_gmt":"2025-11-27T09:02:19","slug":"le-professeur-provoque-une-polemique-nationale","status":"publish","type":"post","link":"https:\/\/www.europesays.com\/fr\/561914\/","title":{"rendered":"le professeur provoque une pol\u00e9mique nationale"},"content":{"rendered":"<p>                    Par<br \/>\n        <strong><br \/>\n            <a href=\"https:\/\/actu.fr\/auteur\/redaction-lyon\" title=\"Consulter tous les articles de R\u00e9daction Lyon\" target=\"_blank\" rel=\"noopener\">R\u00e9daction Lyon<\/a><br \/>\n                    <\/strong><\/p>\n<p>        Publi\u00e9 le<\/p>\n<p>            27 nov. 2025 \u00e0 9h44        <\/p>\n<p>La pol\u00e9mique \u00e0 l\u2019<strong>Universit\u00e9 Lyon-2<\/strong> n\u2019en finit plus. Le ministre de l\u2019\u00c9ducation nationale <a href=\"https:\/\/actu.fr\/politique\/gouvernement-lecornu-ii-voici-qui-est-edouard-geffray-le-nouveau-ministre-de-l-education-nationale_63289808.html\" target=\"_blank\" rel=\"noopener\">Edouard Geffray<\/a> a qualifi\u00e9 mercredi de \u00ab\u00a0profond\u00e9ment scandaleux\u00a0\u00bb le message publi\u00e9 par un enseignant-chercheur de l\u2019Universit\u00e9 Lyon 2 et <a href=\"https:\/\/actu.fr\/auvergne-rhone-alpes\/lyon_69123\/lyon-un-professeur-publie-une-liste-de-personnalites-genocidaires-a-boycotter-tolle-a-l-universite_63479282.html\" target=\"_blank\" rel=\"noopener\">qualifiant de \u00ab\u00a0g\u00e9nocidaires \u00e0 boycotter\u00a0\u00bb vingt personnalit\u00e9s<\/a> dont une majorit\u00e9 de confession juive.<\/p>\n<p class=\" wall-content\">\u00ab\u00a0C\u2019est une honte, ce qui s\u2019est pass\u00e9\u00a0\u00bb et \u00ab\u00a0c\u2019est profond\u00e9ment scandaleux\u00a0\u00bb, a affirm\u00e9 devant les s\u00e9nateurs le ministre lors d\u2019une s\u00e9ance de questions au gouvernement. \u00ab\u00a0Je condamne\u00a0\u00bb et \u00ab\u00a0j\u2019apporte mon soutien aux personnes qui ont \u00e9t\u00e9 vis\u00e9es\u00a0\u00bb, a-t-il ajout\u00e9.<\/p>\n<p>Une liste de noms qui ne passe pas<\/p>\n<p class=\" wall-content\">La Ligue contre le racisme et l\u2019antis\u00e9mitisme (Licra) avait mis au jour vendredi un message d\u2019un professeur d\u2019histoire m\u00e9di\u00e9vale de Lyon-2, Julien Th\u00e9ry, post\u00e9 sur son compte Facebook le 20 septembre et actuellement non disponible.<\/p>\n<p class=\" wall-content\">Sous la mention <strong>\u00ab\u00a020 g\u00e9nocidaires \u00e0 boycotter en toute circonstance\u00a0\u00bb<\/strong>, figuraient 20 noms dont ceux du pr\u00e9sentateur Arthur ou des acteurs Charlotte Gainsbourg et Philippe Torreton, assortis de leurs photos.<\/p>\n<p class=\" wall-content\">\u00ab\u00a0En R\u00e9publique, on ne fait pas des listes de gens qu\u2019on voue aux g\u00e9monies, (\u2026) qu\u2019on livre \u00e0 la vindicte\u00a0\u00bb, a ajout\u00e9 M. Geffray qui s\u2019exprimait en l\u2019absence du ministre de l\u2019Enseignement sup\u00e9rieur Philippe Baptiste.<\/p>\n<p class=\" wall-content\">Dans un message sur X, M. Baptiste avait pr\u00e9c\u00e9demment apport\u00e9 tout son \u00ab\u00a0soutien aux personnes cit\u00e9es et \u00e0 tous ceux que cette liste a choqu\u00e9s\u00a0\u00bb.<\/p>\n<p>Votre r\u00e9gion, votre actu !<\/p>\n<p>Recevez chaque jour les infos qui comptent pour vous.<\/p>\n<p>\t<a href=\"https:\/\/actu.fr\/newsletter\" class=\"ac-btn ac-btn--corner ac-btn--medium ac-btn--blue800\" target=\"_blank\" rel=\"noopener\">S&rsquo;incrire<\/a><br \/>\nLa justice saisie de l\u2019affaire<\/p>\n<p class=\" wall-content\">Estimant qu&rsquo;\u00a0\u00bbil faut qu\u2019il y ait une r\u00e9ponse qui est de l\u2019ordre judiciaire\u00a0\u00bb, M. Geffray s\u2019est \u00e9galement f\u00e9licit\u00e9 que la pr\u00e9sidente de l\u2019universit\u00e9 de Lyon ait \u00ab\u00a0aussit\u00f4t fait un signalement sur le fondement de l\u2019article 40 au procureur de la R\u00e9publique\u00a0\u00bb.<\/p>\n<p class=\" wall-content\">\u00c0 Lyon, le procureur a confirm\u00e9 avoir \u00e9t\u00e9 saisi de ce dossier et l\u2019examiner.<\/p>\n<p class=\" wall-content\">Enfin, concernant la loi de lutte contre l\u2019antis\u00e9mitisme \u00e0 l\u2019universit\u00e9 adopt\u00e9e en juillet, il a assur\u00e9 que les d\u00e9crets d\u2019application seraient pris \u00ab\u00a0dans les prochaines semaines\u00a0\u00bb.<\/p>\n<p>\u00ab\u00a0Je n\u2019ai \u00e9videmment jamais dress\u00e9 de liste de juifs\u00a0\u00bb<\/p>\n<p class=\" wall-content\">L\u2019enseignant, vivement critiqu\u00e9 apr\u00e8s la r\u00e9v\u00e9lation de ce message, a affirm\u00e9 lundi \u00e0 l\u2019AFP n\u2019avoir \u00ab\u00a0\u00e9videmment jamais dress\u00e9 de liste de juifs\u00a0\u00bb et assur\u00e9 que sa publication \u00ab\u00a0commentait\u00a0\u00bb une tribune du Figaro, o\u00f9 20 personnalit\u00e9s interpellaient Emmanuel Macron qui s\u2019appr\u00eatait alors \u00e0 reconna\u00eetre au nom de la France l\u2019\u00c9tat palestinien.<\/p>\n<p class=\" wall-content\">Il a accus\u00e9 la Licra d\u2019avoir repris \u00ab\u00a0une petite partie\u00a0\u00bb de son texte pour lancer \u00ab\u00a0une campagne de harc\u00e8lement\u00a0\u00bb en repr\u00e9sailles d\u2019un article qu\u2019il a r\u00e9cemment publi\u00e9.<\/p>\n<p>M\u00e9lenchon en soutien, Wauquiez condamne<\/p>\n<p class=\" wall-content\">Dans un message sur X, le fondateur de LFI <a href=\"https:\/\/actu.fr\/auvergne-rhone-alpes\/lyon_69123\/lyon-liste-de-genocidaires-melenchon-soutient-le-professeur-d-universite-en-pleine-polemique_63485868.html\" target=\"_blank\" rel=\"noopener\">Jean-Luc M\u00e9lenchon<\/a> prend la d\u00e9fense de ce professeur de Lyon, Julien Th\u00e9ry, en affirmant qu\u2019il \u00ab subit un ciblage de la Licra sous des pr\u00e9textes fallacieux destin\u00e9s \u00e0 montrer la toute puissance des accusateurs \u00bb.<\/p>\n<p class=\" wall-content\">Le chef des d\u00e9put\u00e9s LR Laurent Wauquiez d\u00e9non\u00e7ant quant \u00e0 lui par exemple \u00ab l\u2019antis\u00e9mitisme ordinaire d\u2019extr\u00eame gauche dans nos universit\u00e9s \u00bb.<\/p>\n<p class=\" wall-content\">Marine Le Pen (RN) a aussi condamn\u00e9 sur X : \u00ab\u00a0Ces agissements inacceptables ciblant des personnes doivent \u00eatre imm\u00e9diatement sanctionn\u00e9s.\u00a0\u00bb<\/p>\n<p class=\" wall-content\"><strong>Avec AFP<\/strong><\/p>\n<p class=\" wall-content\">Personnalisez votre actualit\u00e9 en ajoutant vos villes et m\u00e9dias en favori avec <a href=\"https:\/\/moncompte.actu.fr\" title=\"D\u00e9couvez Mon Actu\" rel=\"nofollow noopener\" data-trk=\"{&quot;cta&quot;:{&quot;action&quot;:&quot;https:\\\/\\\/moncompte.actu.fr&quot;,&quot;category&quot;:&quot;mon compte&quot;,&quot;from&quot;:&quot;article footer&quot;,&quot;name&quot;:&quot;Mon actu&quot;,&quot;type&quot;:&quot;cta&quot;}}\" target=\"_blank\">Mon Actu<\/a>.<\/p>\n","protected":false},"excerpt":{"rendered":"Par R\u00e9daction Lyon Publi\u00e9 le 27 nov. 2025 \u00e0 9h44 La pol\u00e9mique \u00e0 l\u2019Universit\u00e9 Lyon-2 n\u2019en finit plus.&hellip;\n","protected":false},"author":2,"featured_media":561915,"comment_status":"","ping_status":"","sticky":false,"template":"","format":"standard","meta":{"footnotes":""},"categories":[1889],"tags":[1111,11,2430,1057,1777,674,1011,27,3081,303,2428,12,25,104],"class_list":{"0":"post-561914","1":"post","2":"type-post","3":"status-publish","4":"format-standard","5":"has-post-thumbnail","7":"category-lyon","8":"tag-actu","9":"tag-actualites","10":"tag-auvergne-rhone-alpes","11":"tag-education","12":"tag-eu","13":"tag-europe","14":"tag-fr","15":"tag-france","16":"tag-jean-luc-melenchon","17":"tag-justice","18":"tag-lyon","19":"tag-news","20":"tag-republique-francaise","21":"tag-societe"},"share_on_mastodon":{"url":"https:\/\/pubeurope.com\/@fr\/115620855449869780","error":""},"_links":{"self":[{"href":"https:\/\/www.europesays.com\/fr\/wp-json\/wp\/v2\/posts\/561914","targetHints":{"allow":["GET"]}}],"collection":[{"href":"https:\/\/www.europesays.com\/fr\/wp-json\/wp\/v2\/posts"}],"about":[{"href":"https:\/\/www.europesays.com\/fr\/wp-json\/wp\/v2\/types\/post"}],"author":[{"embeddable":true,"href":"https:\/\/www.europesays.com\/fr\/wp-json\/wp\/v2\/users\/2"}],"replies":[{"embeddable":true,"href":"https:\/\/www.europesays.com\/fr\/wp-json\/wp\/v2\/comments?post=561914"}],"version-history":[{"count":0,"href":"https:\/\/www.europesays.com\/fr\/wp-json\/wp\/v2\/posts\/561914\/revisions"}],"wp:featuredmedia":[{"embeddable":true,"href":"https:\/\/www.europesays.com\/fr\/wp-json\/wp\/v2\/media\/561915"}],"wp:attachment":[{"href":"https:\/\/www.europesays.com\/fr\/wp-json\/wp\/v2\/media?parent=561914"}],"wp:term":[{"taxonomy":"category","embeddable":true,"href":"https:\/\/www.europesays.com\/fr\/wp-json\/wp\/v2\/categories?post=561914"},{"taxonomy":"post_tag","embeddable":true,"href":"https:\/\/www.europesays.com\/fr\/wp-json\/wp\/v2\/tags?post=561914"}],"curies":[{"name":"wp","href":"https:\/\/api.w.org\/{rel}","templated":true}]}}