{"id":561918,"date":"2025-11-27T09:05:13","date_gmt":"2025-11-27T09:05:13","guid":{"rendered":"https:\/\/www.europesays.com\/fr\/561918\/"},"modified":"2025-11-27T09:05:13","modified_gmt":"2025-11-27T09:05:13","slug":"les-previsions-annoncent-un-hiver-2024-2025-plus-froid-et-un-risque-de-neige-en-ile-de-france","status":"publish","type":"post","link":"https:\/\/www.europesays.com\/fr\/561918\/","title":{"rendered":"les pr\u00e9visions annoncent un hiver 2024-2025 plus froid et un risque de neige en \u00cele-de-France"},"content":{"rendered":"<p>ParisSelectBook &#8211; Paris: les pr\u00e9visions annoncent un hiver 2024-2025 plus froid et un risque de neige en \u00cele-de-France &#8211; Cr\u00e9dit photo \u00a9 Paris Select Book<\/p>\n<p>L\u2019air pique d\u00e9j\u00e0 les joues, et les <a href=\"https:\/\/www.parisselectbook.com\/2025\/11\/26\/le-manteau-court-en-laine-claudie-pierlot-domine-les-ventes-en-ce-moment\/\" target=\"_blank\" rel=\"noopener\">manteaux<\/a> ressortent. \u00c0 Paris et en \u00cele-de-France, l\u2019hiver s\u2019annonce surveill\u00e9 de pr\u00e8s. Beaucoup se demandent si la neige fera son retour, et dans quelles conditions.<\/p>\n<p>Hiver \u00e0 Paris : vers un froid plus marqu\u00e9 ?<\/p>\n<p>Les pr\u00e9visionnistes scrutent les cartes, jour apr\u00e8s jour. Selon les tendances saisonni\u00e8res, des s\u00e9quences <a href=\"https:\/\/www.parisselectbook.com\/2025\/11\/26\/peaux-seches-le-produit-chouchou-de-lete-nourrit-et-apaise-la-peau-en-hiver\/\" target=\"_blank\" rel=\"noopener\">plus froides<\/a> restent possibles, surtout en milieu urbain contrast\u00e9. Pourtant, les signaux ne garantissent jamais un sc\u00e9nario unique. Les pr\u00e9visions au-del\u00e0 de <strong>10 jours<\/strong> gardent une part d\u2019incertitude.<\/p>\n<p>Plusieurs facteurs dirigent la suite, comme le flux oc\u00e9anique ou les blocages au nord. Ainsi, une pulsion anticyclonique vers le Groenland peut rabattre l\u2019air froid vers la plaine. En revanche, un courant d\u2019ouest soutenu maintient des temp\u00e9ratures plus douces. <a href=\"https:\/\/www.parisselectbook.com\/2025\/11\/26\/meilleurs-chocolats-chauds-a-paris-11-adresses-incontournables\/\" target=\"_blank\" rel=\"noopener\">Paris<\/a> vivra donc une alternance, avec des fen\u00eatres propices aux gel\u00e9es.<\/p>\n<p>Neige en \u00cele-de-France : ce que les signaux de l\u2019hiver laissent penser<\/p>\n<p>La capitale b\u00e9n\u00e9ficie d\u2019un \u00eelot de chaleur urbain, qui limite l\u2019accumulation en centre-ville. En <a href=\"https:\/\/www.parisselectbook.com\/2025\/11\/26\/noel-2025-val-de-marne-marches-spectacles-et-illuminations-dans-le-94\/\" target=\"_blank\" rel=\"noopener\">banlieue<\/a> et sur les plateaux, l\u2019air se refroidit plus vite. Ainsi, les conditions deviennent plus favorables \u00e0 la tenue au sol. Les altitudes modestes, vers <strong>100 \u00e0 200 m<\/strong>, suffisent parfois \u00e0 faire la diff\u00e9rence.<\/p>\n<blockquote>\n<p>\u00ab La neige n\u2019est jamais garantie en plaine, mais le risque augmente lorsque l\u2019air est sec, le ciel d\u00e9gag\u00e9 et le vent faible. \u00bb<\/p>\n<\/blockquote>\n<p>La fen\u00eatre la plus propice se situe entre d\u00e9cembre et f\u00e9vrier. De plus, les nuits calmes apr\u00e8s une baisse des temp\u00e9ratures ouvrent une chance r\u00e9elle. Les averses hivernales gagnent alors en intensit\u00e9 pr\u00e8s des couloirs d\u2019air froid. L\u2019hiver peut offrir une surprise blanche en quelques heures.<\/p>\n<p>Se pr\u00e9parer \u00e0 un hiver changeant sans c\u00e9der \u00e0 l\u2019alarme<\/p>\n<p>La cl\u00e9 reste l\u2019anticipation, simple et pragmatique. Ainsi, on s\u2019informe aupr\u00e8s des bulletins officiels, puis on ajuste ses trajets. Les pr\u00e9visions fines se pr\u00e9cisent souvent <strong>24 \u00e0 48 heures<\/strong> avant un \u00e9pisode d\u00e9licat. Par cons\u00e9quent, un suivi r\u00e9gulier apporte des d\u00e9cisions plus sereines.<\/p>\n<ul>\n<li>V\u00e9rifier la m\u00e9t\u00e9o la veille, surtout en cas d\u2019alerte hiver.<\/li>\n<li>Adapter ses horaires pour \u00e9viter les pointes et la nuit.<\/li>\n<li>Pr\u00e9voir gants, bonnet, et chaussures antid\u00e9rapantes.<\/li>\n<li>Garder une lampe, de l\u2019eau et une couverture dans la voiture.<\/li>\n<li>Limiter la vitesse et augmenter les distances de s\u00e9curit\u00e9.<\/li>\n<\/ul>\n<p>Le r\u00e9seau francilien peut ralentir quand la chauss\u00e9e devient glissante. De plus, la visibilit\u00e9 baisse vite sous une averse m\u00eal\u00e9e. Les usagers fragiles, enfants ou seniors, ont besoin d\u2019itin\u00e9raires plus courts. Aussi, un simple d\u00e9calage d\u2019horaire peut r\u00e9duire les risques.<\/p>\n<p>Dans les logements, quelques gestes limitent les soucis. Ainsi, on purgera les radiateurs et on isole les ouvertures. En revanche, on \u00e9vite les chauffages d\u2019appoint non adapt\u00e9s. Une bonne a\u00e9ration pr\u00e9vient la condensation et les moisissures.<\/p>\n<p>Questions fr\u00e9quentes sur l\u2019hiver francilien<\/p>\n<p>Fera-t-il plus froid que l\u2019an pass\u00e9 ? Les sp\u00e9cialistes restent prudents. En effet, une saison peut alterner plusieurs r\u00e9gimes en peu de jours. Le ressenti d\u00e9pendra surtout du vent et de l\u2019humidit\u00e9.<\/p>\n<p>Neigera-t-il \u00e0 No\u00ebl ? Personne ne peut l\u2019affirmer longtemps \u00e0 l\u2019avance. Ainsi, la r\u00e9ponse se construit dans la semaine qui pr\u00e9c\u00e8de. M\u00e9t\u00e9o-France publie alors des tendances utiles et des vigilances.<\/p>\n<p>Rep\u00e8res m\u00e9t\u00e9o pour suivre l\u2019hiver jour apr\u00e8s jour<\/p>\n<p>Certains indicateurs orientent le temps sensible. Ainsi, un courant du nord-est am\u00e8ne souvent de l\u2019air plus sec et froid. En revanche, un flux de sud-ouest charge l\u2019atmosph\u00e8re en humidit\u00e9. Le contraste d\u00e9cide ensuite pluie, neige, ou pluie vergla\u00e7ante.<\/p>\n<p>Surveiller la temp\u00e9rature du sol aide \u00e0 anticiper les risques. De plus, une valeur proche de <strong>0 \u00b0C<\/strong> rend le verglas plus probable. Les \u00e9claircies nocturnes acc\u00e9l\u00e8rent le refroidissement au petit matin. L\u2019hiver amplifie alors les \u00e9carts entre ville dense et franges p\u00e9riurbaines.<\/p>\n<p>Le bon r\u00e9flexe consiste \u00e0 croiser plusieurs indices simples. Ainsi, on regarde le vent, la n\u00e9bulosit\u00e9 et la tendance du jour. Par cons\u00e9quent, on ajuste sa tenue et ses d\u00e9placements en souplesse. En bref, quelques minutes d\u2019attention suffisent souvent \u00e0 passer la saison froide sans stress.<\/p>\n","protected":false},"excerpt":{"rendered":"ParisSelectBook &#8211; Paris: les pr\u00e9visions annoncent un hiver 2024-2025 plus froid et un risque de neige en \u00cele-de-France&hellip;\n","protected":false},"author":2,"featured_media":561919,"comment_status":"","ping_status":"","sticky":false,"template":"","format":"standard","meta":{"footnotes":""},"categories":[1592],"tags":[1111,11,1777,674,1011,27,6736,662,12,626,25],"class_list":{"0":"post-561918","1":"post","2":"type-post","3":"status-publish","4":"format-standard","5":"has-post-thumbnail","7":"category-ile-de-france","8":"tag-actu","9":"tag-actualites","10":"tag-eu","11":"tag-europe","12":"tag-fr","13":"tag-france","14":"tag-hiver","15":"tag-ile-de-france","16":"tag-news","17":"tag-paris","18":"tag-republique-francaise"},"share_on_mastodon":{"url":"https:\/\/pubeurope.com\/@fr\/115620867371127680","error":""},"_links":{"self":[{"href":"https:\/\/www.europesays.com\/fr\/wp-json\/wp\/v2\/posts\/561918","targetHints":{"allow":["GET"]}}],"collection":[{"href":"https:\/\/www.europesays.com\/fr\/wp-json\/wp\/v2\/posts"}],"about":[{"href":"https:\/\/www.europesays.com\/fr\/wp-json\/wp\/v2\/types\/post"}],"author":[{"embeddable":true,"href":"https:\/\/www.europesays.com\/fr\/wp-json\/wp\/v2\/users\/2"}],"replies":[{"embeddable":true,"href":"https:\/\/www.europesays.com\/fr\/wp-json\/wp\/v2\/comments?post=561918"}],"version-history":[{"count":0,"href":"https:\/\/www.europesays.com\/fr\/wp-json\/wp\/v2\/posts\/561918\/revisions"}],"wp:featuredmedia":[{"embeddable":true,"href":"https:\/\/www.europesays.com\/fr\/wp-json\/wp\/v2\/media\/561919"}],"wp:attachment":[{"href":"https:\/\/www.europesays.com\/fr\/wp-json\/wp\/v2\/media?parent=561918"}],"wp:term":[{"taxonomy":"category","embeddable":true,"href":"https:\/\/www.europesays.com\/fr\/wp-json\/wp\/v2\/categories?post=561918"},{"taxonomy":"post_tag","embeddable":true,"href":"https:\/\/www.europesays.com\/fr\/wp-json\/wp\/v2\/tags?post=561918"}],"curies":[{"name":"wp","href":"https:\/\/api.w.org\/{rel}","templated":true}]}}