{"id":561922,"date":"2025-11-27T09:07:18","date_gmt":"2025-11-27T09:07:18","guid":{"rendered":"https:\/\/www.europesays.com\/fr\/561922\/"},"modified":"2025-11-27T09:07:18","modified_gmt":"2025-11-27T09:07:18","slug":"les-leaders-mondiaux-se-donnent-rendez-vous-a-paris","status":"publish","type":"post","link":"https:\/\/www.europesays.com\/fr\/561922\/","title":{"rendered":"LES LEADERS MONDIAUX SE DONNENT RENDEZ-VOUS \u00c0 PARIS"},"content":{"rendered":"<p>PARIS, 27 novembre 2025 \/PRNewswire\/ &#8212; Les 16 et 17 d\u00e9cembre 2025, Paris accueillera la 9\u1d49\u00a0\u00e9dition de la Conf\u00e9rence de Paris, organis\u00e9e par le Forum \u00e9conomique international des Am\u00e9riques (FEIA). Cet \u00e9v\u00e9nement de r\u00e9f\u00e9rence r\u00e9unira des dirigeants \u00e9conomiques, financiers et politiques de premier plan pour d\u00e9battre des grands enjeux globaux : finance durable, intelligence artificielle, souverainet\u00e9 industrielle, transition \u00e9nerg\u00e9tique et coop\u00e9ration internationale.<\/p>\n<p><b>UNE AMBITION RENFORC\u00c9E POUR UN MONDE EN MUTATION<\/b><\/p>\n<p>La 9\u1d49\u00a0\u00e9dition de la Conf\u00e9rence de Paris s&rsquo;inscrit dans un contexte marqu\u00e9 par des d\u00e9fis \u00e9conomiques, technologiques et g\u00e9opolitiques sans pr\u00e9c\u00e9dent.<\/p>\n<p>Mathias Cormann, Secr\u00e9taire g\u00e9n\u00e9ral de l&rsquo;OCDE, a d\u00e9clar\u00e9 :\u00a0\u00ab Nous sommes heureux d&rsquo;accueillir la Conf\u00e9rence de Paris \u00e0 l&rsquo;OCDE, qui rassemble des repr\u00e9sentants des pouvoirs publics, des entreprises et des experts afin qu&rsquo;ils \u00e9changent leurs points de vue et trouvent des solutions \u00e0 des d\u00e9fis mondiaux communs. Cette d\u00e9marche s&rsquo;inscrit dans le cadre du soutien plus vaste que nous apportons \u00e0 une coop\u00e9ration multilat\u00e9rale efficace, au moyen de donn\u00e9es, de conseils strat\u00e9giques fond\u00e9s sur des donn\u00e9es probantes et d&rsquo;un dialogue inclusif, lesquels demeurent essentiels pour renforcer la productivit\u00e9, stimuler une croissance durable et b\u00e2tir des \u00e9conomies plus r\u00e9silientes et inclusives.\u00bb<\/p>\n<p>Cet \u00e9v\u00e9nement, initi\u00e9 par le Forum \u00e9conomique international des Am\u00e9riques (FEIA), constitue une plateforme unique de dialogue entre l&rsquo;Europe et les Am\u00e9riques. Il rassemble les acteurs cl\u00e9s qui fa\u00e7onnent l&rsquo;\u00e9conomie mondiale. En 2025, la Conf\u00e9rence de Paris entend renforcer son r\u00f4le de catalyseur d&rsquo;id\u00e9es et de solutions concr\u00e8tes, en mettant l&rsquo;accent sur la r\u00e9silience, la transition \u00e9nerg\u00e9tique et la souverainet\u00e9 industrielle.<\/p>\n<p><b>DES PERSONNALIT\u00c9S DE PREMIER PLAN<\/b><\/p>\n<p>Plus de 70 intervenants de haut niveau sont attendus, parmi lesquels :<\/p>\n<ul type=\"disc\">\n<li><b>Jean-Pierre\u00a0Clamadieu<\/b>, pr\u00e9sident du Conseil d&rsquo;administration, ENGIE<\/li>\n<li><b>Ken\u00a0Griffin<\/b>, Fondateur et directeur g\u00e9n\u00e9ral, Citadel<\/li>\n<li><b>Patrick\u00a0Pouyann\u00e9<\/b>, Pr\u00e9sident-directeur g\u00e9n\u00e9ral, TotalEnergies<\/li>\n<li><b>Dominique\u00a0Senequier<\/b>, Fondatrice et directrice g\u00e9n\u00e9rale, Ardian<\/li>\n<li><b>Paul Hudson<\/b>, Directeur g\u00e9n\u00e9ral, Sanofi<\/li>\n<li><b>Jos\u00e9 M.\u00a0Linares<\/b>, Senior Executive Vice-President, Banco Santander, responsible de Santander Corporate &amp; Investment Banking (SCIB).<\/li>\n<li><b>Hana Al Rostamani<\/b>, Directrice g\u00e9n\u00e9rale, First Abu Dhabi Bank<\/li>\n<li><b>Mathias\u00a0Cormann<\/b>, Secr\u00e9taire g\u00e9n\u00e9ral, OCDE<\/li>\n<li><b>Mike\u00a0Henry<\/b>, Directeur g\u00e9n\u00e9ral, BHP<\/li>\n<li><b>Arthur\u00a0Mensch<\/b>, Co-fondateur et directeur g\u00e9n\u00e9ral, Mistral AI<\/li>\n<li><b>Marcie\u00a0Frost<\/b>, Directrice g\u00e9n\u00e9rale, CalPERS<\/li>\n<li><b>Josu\u00a0Jon Imaz<\/b>, Directeur g\u00e9n\u00e9ral, Repsol<\/li>\n<li><b>Miguel\u00a0\u00c1ngel L\u00f3pez Borrego<\/b>, Directeur g\u00e9n\u00e9ral, thyssenkrupp<\/li>\n<li><b>Paul\u00a0Desmarais Jr<\/b>, pr\u00e9sident du Conseil d&rsquo;administration, Power Corporation of Canada<\/li>\n<\/ul>\n<p><b>UNE PLATEFORME D&rsquo;\u00c9CHANGES STRAT\u00c9GIQUE<\/b><\/p>\n<p>Reconnue pour son cadre s\u00e9lectif et prestigieux, propice aux \u00e9changes directs entre dirigeants, la Conf\u00e9rence de Paris r\u00e9unira un groupe exclusif de PDG et de grands acteurs mondiaux autour du th\u00e8me \u00ab R\u00e9ussir dans l&rsquo;impr\u00e9visible \u00bb offrant une occasion unique d&rsquo;\u00e9changer avec les dirigeants les plus influents et les investisseurs de premier plan.<\/p>\n<p>Comme le rappelle Nicholas R\u00e9millard, directeur g\u00e9n\u00e9ral du FEIA :<\/p>\n<p>\u00ab La Conf\u00e9rence de Paris n&rsquo;est pas un lieu pour observer l&rsquo;avenir, mais pour le construire. Face \u00e0 l&rsquo;impr\u00e9visible, il ne suffit plus d&rsquo;analyser, il faut oser. Oser innover, oser coop\u00e9rer, oser agir ensemble. Parce que c&rsquo;est aujourd&rsquo;hui, et seulement aujourd&rsquo;hui, que nous pouvons poser les fondations d&rsquo;un monde plus r\u00e9silient. \u00bb.<\/p>\n<p><b>UNE COUVERTURE M\u00c9DIATIQUE INTERNATIONALE<\/b><\/p>\n<p>L&rsquo;\u00e9v\u00e9nement b\u00e9n\u00e9ficiera d&rsquo;une large couverture par les m\u00e9dias de r\u00e9f\u00e9rence, avec la<\/p>\n<p>Participation de journalistes et pr\u00e9sentateurs de renom, tels que Francine Lacqua (Bloomberg TV), Charlotte Reed (CNBC), Lorraine Goumot (BFM Business), Anita Hawser, (The Banker) et Arash Massoudi (Financial Times).<\/p>\n<p><b>INFORMATIONS PRATIQUES<\/b><\/p>\n<p>Th\u00e8me : R\u00e9ussir dans l&rsquo;impr\u00e9visible<br class=\"dnr\"\/>Quand : Mardi 16 et mercredi 17 d\u00e9cembre 2025<br class=\"dnr\"\/>O\u00f9 : Centre de conf\u00e9rence de l&rsquo;OCDE, 2 rue Andr\u00e9 Pascal, 75016 Paris<br class=\"dnr\"\/>Plus d&rsquo;informations et inscriptions : <a href=\"https:\/\/www.conferencedeparis.com\/\" target=\"_blank\" rel=\"nofollow noopener\">https:\/\/www.conferencedeparis.com<\/a><\/p>\n<p><b>POUR OBTENIR UNE ACCR\u00c9DITATION M\u00c9DIA :<br class=\"dnr\"\/><\/b>Confluence Paris\u00a0: R\u00e9gine Le Brun &#8211; <a href=\"http:\/\/www.prnewswire.com\/cdn-cgi\/l\/email-protection#275542404e494267444849414b52424944425746554e540944484a\" target=\"_blank\" rel=\"nofollow noopener\">[email\u00a0protected]<\/a>\u00a0\/ 06 14 67 03 16<br class=\"dnr\"\/>Formulaire \u00e0 remplir pour accr\u00e9ditation m\u00e9dia: <a href=\"https:\/\/forms.zoho.com\/iefa\/form\/MediaaccreditationCDP2025\" target=\"_blank\" rel=\"nofollow noopener\">https:\/\/forms.zoho.com\/iefa\/form\/MediaaccreditationCDP2025<\/a><\/p>\n<p><b>\u00c0 PROPOS DE LA CONF\u00c9RENCE DE PARIS<\/b><\/p>\n<p>Lanc\u00e9e en 2017 \u00e0 l&rsquo;initiative du FEIA, la Conf\u00e9rence de Paris est le principal \u00e9v\u00e9nement europ\u00e9en du Forum. Elle rassemble des acteurs majeurs du monde des affaires, des gouvernements et de la soci\u00e9t\u00e9 civile autour d&rsquo;un objectif commun : promouvoir l&rsquo;\u00e9change d&rsquo;id\u00e9es sur les grands enjeux actuels, favoriser le commerce international entre l&rsquo;Europe et les Am\u00e9riques et encourager des relations mondiales g\u00e9n\u00e9ratrices de changements positifs.<\/p>\n<p>Logo: <a href=\"https:\/\/mma.prnewswire.com\/media\/2827649\/IEFA_Logo.jpg\" target=\"_blank\" rel=\"nofollow noopener\">https:\/\/mma.prnewswire.com\/media\/2827649\/IEFA_Logo.jpg<\/a><\/p>\n<p><img decoding=\"async\" alt=\"\" src=\"https:\/\/rt.prnewswire.com\/rt.gif?NewsItemId=FR28950&amp;Transmission_Id=202511270400PR_NEWS_EURO_ND__FR28950&amp;DateId=20251127\" style=\"border:0px; width:1px; height:1px;\"\/><\/p>\n","protected":false},"excerpt":{"rendered":"PARIS, 27 novembre 2025 \/PRNewswire\/ &#8212; Les 16 et 17 d\u00e9cembre 2025, Paris accueillera la 9\u1d49\u00a0\u00e9dition de la&hellip;\n","protected":false},"author":2,"featured_media":561923,"comment_status":"","ping_status":"","sticky":false,"template":"","format":"standard","meta":{"footnotes":""},"categories":[1888],"tags":[1111,1928,11,1927,1777,674,1011,27,67836,12,1926,626,1925,25],"class_list":{"0":"post-561922","1":"post","2":"type-post","3":"status-publish","4":"format-standard","5":"has-post-thumbnail","7":"category-paris","8":"tag-actu","9":"tag-actu-paris","10":"tag-actualites","11":"tag-actualites-paris","12":"tag-eu","13":"tag-europe","14":"tag-fr","15":"tag-france","16":"tag-international-economic-forum-of-the-americas-iefa","17":"tag-news","18":"tag-news-paris","19":"tag-paris","20":"tag-paris-news","21":"tag-republique-francaise"},"share_on_mastodon":{"url":"https:\/\/pubeurope.com\/@fr\/115620875729299106","error":""},"_links":{"self":[{"href":"https:\/\/www.europesays.com\/fr\/wp-json\/wp\/v2\/posts\/561922","targetHints":{"allow":["GET"]}}],"collection":[{"href":"https:\/\/www.europesays.com\/fr\/wp-json\/wp\/v2\/posts"}],"about":[{"href":"https:\/\/www.europesays.com\/fr\/wp-json\/wp\/v2\/types\/post"}],"author":[{"embeddable":true,"href":"https:\/\/www.europesays.com\/fr\/wp-json\/wp\/v2\/users\/2"}],"replies":[{"embeddable":true,"href":"https:\/\/www.europesays.com\/fr\/wp-json\/wp\/v2\/comments?post=561922"}],"version-history":[{"count":0,"href":"https:\/\/www.europesays.com\/fr\/wp-json\/wp\/v2\/posts\/561922\/revisions"}],"wp:featuredmedia":[{"embeddable":true,"href":"https:\/\/www.europesays.com\/fr\/wp-json\/wp\/v2\/media\/561923"}],"wp:attachment":[{"href":"https:\/\/www.europesays.com\/fr\/wp-json\/wp\/v2\/media?parent=561922"}],"wp:term":[{"taxonomy":"category","embeddable":true,"href":"https:\/\/www.europesays.com\/fr\/wp-json\/wp\/v2\/categories?post=561922"},{"taxonomy":"post_tag","embeddable":true,"href":"https:\/\/www.europesays.com\/fr\/wp-json\/wp\/v2\/tags?post=561922"}],"curies":[{"name":"wp","href":"https:\/\/api.w.org\/{rel}","templated":true}]}}