{"id":561928,"date":"2025-11-27T09:10:23","date_gmt":"2025-11-27T09:10:23","guid":{"rendered":"https:\/\/www.europesays.com\/fr\/561928\/"},"modified":"2025-11-27T09:10:23","modified_gmt":"2025-11-27T09:10:23","slug":"huit-personnes-condamnees-a-la-perpetuite-pour-lexplosion-du-pont-de-kertch-en-crimee-en-2022","status":"publish","type":"post","link":"https:\/\/www.europesays.com\/fr\/561928\/","title":{"rendered":"huit personnes condamn\u00e9es \u00e0 la perp\u00e9tuit\u00e9 pour l\u2019explosion du pont de Kertch en Crim\u00e9e en 2022"},"content":{"rendered":"<p>\n    Le FSB avait annonc\u00e9 leur arrestation quelques jours apr\u00e8s l\u2019explosion du 8 octobre 2022. Les huit accus\u00e9s avaient plaid\u00e9 non coupable.<\/p>\n<p class=\"fig-paragraph\">Leur condamnation semblait in\u00e9vitable. Huit hommes, accus\u00e9s d\u2019\u00eatre \u00e0 l\u2019origine de la\u00a0<a href=\"http:\/\/www.lefigaro.fr\/international\/le-pont-de-kertch-reliant-la-crimee-a-la-russie-en-proie-aux-flammes-et-partiellement-effondre-20221008\" data-fig-type=\"NewsFlash\" data-gtm-custom-categorie=\"navigation\" data-gtm-custom-action=\"crossclick\" data-gtm-custom-label=\"Contextuel\" data-gtm-event=\"customEventSPE\" data-fig-domain=\"LEFIGARO\" target=\"_blank\" rel=\"noopener\">gigantesque explosion<\/a>\u00a0qui avait partiellement d\u00e9truit le\u00a0<a href=\"http:\/\/www.lefigaro.fr\/international\/explosion-du-pont-de-kertch-quelles-consequences-pour-la-russie-20221008\" data-fig-type=\"Article\" data-gtm-custom-categorie=\"navigation\" data-gtm-custom-action=\"crossclick\" data-gtm-custom-label=\"Contextuel\" data-gtm-event=\"customEventSPE\" data-fig-domain=\"LEFIGARO\" target=\"_blank\" rel=\"noopener\">pont de Kertch<\/a>\u00a0reliant la Russie \u00e0 la p\u00e9ninsule de\u00a0Crim\u00e9e annex\u00e9e en 2014, ont \u00e9t\u00e9 condamn\u00e9s \u00e0 perp\u00e9tuit\u00e9 \u00e0 Rostov-sur-le-Don (Russie), a annonc\u00e9 l\u2019agence de presse russe Tass. Tous \u00e9taient accus\u00e9s d\u2019\u00abacte terroriste\u00bb, \u00abacquisition, transfert, vente, stockage, transport, transfert ou transport ill\u00e9gal d\u2019explosifs ou d\u2019engins explosifs\u00bb et \u00abcontrebande d\u2019engins explosifs\u00bb.<\/p>\n<p class=\"fig-paragraph\">Les huit hommes ont \u00e9t\u00e9 jug\u00e9s \u00e0 huis clos par un tribunal militaire. Selon l\u2019accusation, ce sont les services de s\u00e9curit\u00e9 ukrainiens (SBU) qui auraient mont\u00e9 l\u2019op\u00e9ration &#8211; composition du groupe, pr\u00e9paration des explosifs, mise en place du dispositif &#8211; sous la houlette du patron du service Vasyl Malyuk. Le jour de l\u2019explosion, ce sont encore ces hommes qui auraient charg\u00e9 le camion d\u2019explosifs, \u00e0 l\u2019insu de son chauffeur.<\/p>\n<p>                                    <a class=\"fig-a11y-skip a11y-hidden\" href=\"#fig-a11y-skip-main-inarticle\"><br \/>\n        Passer la publicit\u00e9<br \/>\n    <\/a><\/p>\n<p>Tous risquent la peine de mort<\/p>\n<p class=\"fig-paragraph\">Le 8 octobre 2022, alors que le camion passait sur le pont, les complices auraient fait exploser les charges. La gigantesque d\u00e9flagration avait mis le feu \u00e0 huit wagons-citernes de produits p\u00e9troliers et fait s\u2019\u00e9crouler plusieurs trav\u00e9es de ce pont routier et ferroviaire de 19 kilom\u00e8tres inaugur\u00e9 par le pr\u00e9sident russe Vladimir Poutine en 2018. Le conducteur et quatre autres personnes qui se trouvaient dans une voiture passant \u00e0 c\u00f4t\u00e9 du camion ont \u00e9t\u00e9 tu\u00e9s, selon l\u2019agence Tass.<\/p>\n<p class=\"fig-paragraph\">L\u2019explosion, survenue huit mois apr\u00e8s le d\u00e9but de l\u2019offensive russe en Ukraine, sera revendiqu\u00e9e plus tard par Kiev, qui au-del\u00e0 du symbole visait \u00e0 perturber la logistique de l\u2019arm\u00e9e russe. Quelques jours apr\u00e8s l\u2019explosion, le FSB, les services de renseignement russes, avait annonc\u00e9 l\u2019arrestation de huit personnes, quatre Russes et trois \u00abcitoyens ukrainiens et arm\u00e9niens\u00bb\u00a0: Artem Azatyan, Georgy Azatyan, Oleg Antipov, Alexander Bylin, Vladimir Zloba, Dmitry Tyazhelykh, Roman Solomko et Artur Terchanyan. Les accus\u00e9s avaient plaid\u00e9 non coupable, selon un avocat de la d\u00e9fense, Gasan Radjabov, \u00e0 l\u2019agence Ria Novosti. Tous risquaient la peine de mort.<\/p>\n","protected":false},"excerpt":{"rendered":"Le FSB avait annonc\u00e9 leur arrestation quelques jours apr\u00e8s l\u2019explosion du 8 octobre 2022. Les huit accus\u00e9s avaient&hellip;\n","protected":false},"author":2,"featured_media":561929,"comment_status":"","ping_status":"","sticky":false,"template":"","format":"standard","meta":{"footnotes":""},"categories":[1591],"tags":[11,13469,1887,15005,131,12,942,1885,1886,132],"class_list":{"0":"post-561928","1":"post","2":"type-post","3":"status-publish","4":"format-standard","5":"has-post-thumbnail","7":"category-russie","8":"tag-actualites","9":"tag-crimee","10":"tag-federation-de-russie","11":"tag-fsb","12":"tag-guerre-en-ukraine","13":"tag-news","14":"tag-peine-de-mort","15":"tag-russia","16":"tag-russian-federation","17":"tag-russie"},"share_on_mastodon":{"url":"https:\/\/pubeurope.com\/@fr\/115620886941075435","error":""},"_links":{"self":[{"href":"https:\/\/www.europesays.com\/fr\/wp-json\/wp\/v2\/posts\/561928","targetHints":{"allow":["GET"]}}],"collection":[{"href":"https:\/\/www.europesays.com\/fr\/wp-json\/wp\/v2\/posts"}],"about":[{"href":"https:\/\/www.europesays.com\/fr\/wp-json\/wp\/v2\/types\/post"}],"author":[{"embeddable":true,"href":"https:\/\/www.europesays.com\/fr\/wp-json\/wp\/v2\/users\/2"}],"replies":[{"embeddable":true,"href":"https:\/\/www.europesays.com\/fr\/wp-json\/wp\/v2\/comments?post=561928"}],"version-history":[{"count":0,"href":"https:\/\/www.europesays.com\/fr\/wp-json\/wp\/v2\/posts\/561928\/revisions"}],"wp:featuredmedia":[{"embeddable":true,"href":"https:\/\/www.europesays.com\/fr\/wp-json\/wp\/v2\/media\/561929"}],"wp:attachment":[{"href":"https:\/\/www.europesays.com\/fr\/wp-json\/wp\/v2\/media?parent=561928"}],"wp:term":[{"taxonomy":"category","embeddable":true,"href":"https:\/\/www.europesays.com\/fr\/wp-json\/wp\/v2\/categories?post=561928"},{"taxonomy":"post_tag","embeddable":true,"href":"https:\/\/www.europesays.com\/fr\/wp-json\/wp\/v2\/tags?post=561928"}],"curies":[{"name":"wp","href":"https:\/\/api.w.org\/{rel}","templated":true}]}}