{"id":561932,"date":"2025-11-27T09:12:14","date_gmt":"2025-11-27T09:12:14","guid":{"rendered":"https:\/\/www.europesays.com\/fr\/561932\/"},"modified":"2025-11-27T09:12:14","modified_gmt":"2025-11-27T09:12:14","slug":"le-fbi-enquete-sur-une-video-delus-democrates-appelant-les-militaires-a-desobeir-aux-ordres-illegaux","status":"publish","type":"post","link":"https:\/\/www.europesays.com\/fr\/561932\/","title":{"rendered":"le FBI enqu\u00eate sur une vid\u00e9o d&rsquo;\u00e9lus d\u00e9mocrates appelant les militaires \u00e0 d\u00e9sob\u00e9ir aux \u00ab\u00a0ordres ill\u00e9gaux\u00a0\u00bb"},"content":{"rendered":"<p>\t\t\tLa police f\u00e9d\u00e9rale am\u00e9ricaine (FBI) a ouvert une enqu\u00eate visant six \u00e9lus d\u00e9mocrates apparus dans une vid\u00e9o diffus\u00e9e sur les r\u00e9seaux sociaux o\u00f9 ils exhortent les troupes militaires \u00e0 refuser d\u2019ex\u00e9cuter des \u00ab\u00a0ordres ill\u00e9gaux\u00a0\u00bb.<\/p>\n<p style=\"text-align: justify;\">Les six \u00e9lus d\u00e9mocrates apparus dans cette vid\u00e9o seront interrog\u00e9s par le FBI, selon plusieurs sources proches du dossier, cit\u00e9es par des m\u00e9dias am\u00e9ricains.<\/p>\n<p style=\"text-align: justify;\">Dans une d\u00e9claration commune, les \u00e9lus concern\u00e9s en condamn\u00e9 cette \u00ab\u00a0d\u00e9marche\u00a0\u00bb, affirmant que la vid\u00e9o diffus\u00e9e n\u2019avait pas pour but de contester l\u2019autorit\u00e9 pr\u00e9sidentielle, mais simplement de rappeler qu\u2019aucun ordre, m\u00eame pr\u00e9sidentiel, ne peut justifier une action ill\u00e9gale.<\/p>\n<p style=\"text-align: justify;\">Le pr\u00e9sident Donald Trump avait d\u00e9nonc\u00e9 le contenu de cette vid\u00e9o, estimant qu\u2019elle incite les militaires \u00e0 contester l\u2019autorit\u00e9 du pouvoir ex\u00e9cutif.<\/p>\n<p style=\"text-align: justify;\"><strong>Lire aussi :\u00a0<a style=\"color: #008000;\" href=\"https:\/\/maroc-diplomatique.net\/usa-le-fbi-perquisitionne-le-domicile-de-john-bolton\/\" target=\"_blank\" rel=\"noopener\">USA : Le FBI perquisitionne le domicile de John Bolton<\/a><\/strong><\/p>\n<p style=\"text-align: justify;\">D\u2019apr\u00e8s le locataire de la Maison Blanche, \u00e9voquer publiquement la possibilit\u00e9 de refuser des ordres pourrait fragiliser la cha\u00eene de commandement. Sur son r\u00e9seau Truth Social, il a qualifi\u00e9 ces agissements de \u00ab\u00a0comportement s\u00e9ditieux\u00a0\u00bb.<\/p>\n<p style=\"text-align: justify;\">De leur c\u00f4t\u00e9, les \u00e9lus concern\u00e9s ont assur\u00e9 qu\u2019ils n\u2019ont vis\u00e9 ni le pr\u00e9sident ni l\u2019arm\u00e9e, expliquant avoir voulu d\u00e9fendre le principe selon lequel tout soldat doit respecter la Constitution et non des ordres contraires \u00e0 la loi.<\/p>\n<p style=\"text-align: justify;\">Ce d\u00e9bat a pris une dimension particuli\u00e8re dans le contexte politique actuel. Les forces arm\u00e9es am\u00e9ricaines ont \u00e9t\u00e9 r\u00e9cemment sollicit\u00e9es dans plusieurs op\u00e9rations, aussi bien dans certaines villes du pays pour le maintien de l\u2019ordre que pour mener des frappes contre des embarcations de narcotrafiquants dans les Cara\u00efbes et le Pacifique.<\/p>\n<p style=\"text-align: justify;\">Selon l\u2019ex\u00e9cutif, critiquer les ordres sans disposer de l\u2019ensemble des donn\u00e9es op\u00e9rationnelles reviendrait \u00e0 affaiblir la lutte contre les r\u00e9seaux criminels.<\/p>\n<p style=\"text-align: justify;\">Avec MAP<\/p>\n","protected":false},"excerpt":{"rendered":"La police f\u00e9d\u00e9rale am\u00e9ricaine (FBI) a ouvert une enqu\u00eate visant six \u00e9lus d\u00e9mocrates apparus dans une vid\u00e9o diffus\u00e9e&hellip;\n","protected":false},"author":2,"featured_media":535415,"comment_status":"","ping_status":"","sticky":false,"template":"","format":"standard","meta":{"footnotes":""},"categories":[1589],"tags":[11,28351,73,1866,18120,13264,12,938,1864,1865,1863,308],"class_list":{"0":"post-561932","1":"post","2":"type-post","3":"status-publish","4":"format-standard","5":"has-post-thumbnail","7":"category-etats-unis","8":"tag-actualites","9":"tag-democrates","10":"tag-etats-unis","11":"tag-etats-unis-damerique","12":"tag-fbi","13":"tag-militaires","14":"tag-news","15":"tag-reseaux-sociaux","16":"tag-united-states","17":"tag-united-states-of-america","18":"tag-us","19":"tag-usa"},"share_on_mastodon":{"url":"https:\/\/pubeurope.com\/@fr\/115620894875540153","error":""},"_links":{"self":[{"href":"https:\/\/www.europesays.com\/fr\/wp-json\/wp\/v2\/posts\/561932","targetHints":{"allow":["GET"]}}],"collection":[{"href":"https:\/\/www.europesays.com\/fr\/wp-json\/wp\/v2\/posts"}],"about":[{"href":"https:\/\/www.europesays.com\/fr\/wp-json\/wp\/v2\/types\/post"}],"author":[{"embeddable":true,"href":"https:\/\/www.europesays.com\/fr\/wp-json\/wp\/v2\/users\/2"}],"replies":[{"embeddable":true,"href":"https:\/\/www.europesays.com\/fr\/wp-json\/wp\/v2\/comments?post=561932"}],"version-history":[{"count":0,"href":"https:\/\/www.europesays.com\/fr\/wp-json\/wp\/v2\/posts\/561932\/revisions"}],"wp:featuredmedia":[{"embeddable":true,"href":"https:\/\/www.europesays.com\/fr\/wp-json\/wp\/v2\/media\/535415"}],"wp:attachment":[{"href":"https:\/\/www.europesays.com\/fr\/wp-json\/wp\/v2\/media?parent=561932"}],"wp:term":[{"taxonomy":"category","embeddable":true,"href":"https:\/\/www.europesays.com\/fr\/wp-json\/wp\/v2\/categories?post=561932"},{"taxonomy":"post_tag","embeddable":true,"href":"https:\/\/www.europesays.com\/fr\/wp-json\/wp\/v2\/tags?post=561932"}],"curies":[{"name":"wp","href":"https:\/\/api.w.org\/{rel}","templated":true}]}}