{"id":561935,"date":"2025-11-27T09:14:19","date_gmt":"2025-11-27T09:14:19","guid":{"rendered":"https:\/\/www.europesays.com\/fr\/561935\/"},"modified":"2025-11-27T09:14:19","modified_gmt":"2025-11-27T09:14:19","slug":"allemagne-le-parti-dextreme-droite-afd-critique-pour-sa-proximite-ideologique-avec-la-russie","status":"publish","type":"post","link":"https:\/\/www.europesays.com\/fr\/561935\/","title":{"rendered":"Allemagne: le parti d&rsquo;extr\u00eame droite AfD critiqu\u00e9 pour sa proximit\u00e9 id\u00e9ologique avec la Russie"},"content":{"rendered":"<p class=\"mb-4 text-lg md:leading-8 break-words\">Avec notre correspondant \u00e0 Berlin, <strong>Pascal Thibaut<\/strong><\/p>\n<p class=\"mb-4 text-lg md:leading-8 break-words\">\u00ab Vous parlez ici, Madame Weidel, comme la cinqui\u00e8me colonne de Moscou \u00bb : les d\u00e9clarations de la co-pr\u00e9sidente de l\u2019AfD au Bundestag, hier, mercredi 26 novembre, ont suscit\u00e9 de vives r\u00e9actions, comme celle du pr\u00e9sident du groupe parlementaire chr\u00e9tien-d\u00e9mocrate Jens Spahn. Un social-d\u00e9mocrate a estim\u00e9 que <a href=\"https:\/\/www.rfi.fr\/fr\/en-bref\/20250502-allemagne-le-parti-afd-confirm\u00e9-extr\u00e9miste-de-droite-renseignement-int\u00e9rieur\" rel=\"nofollow noopener\" target=\"_blank\" data-ylk=\"slk:le parti d\u2019extr\u00eame-droite;elm:context_link;itc:0;sec:content-canvas\" class=\"link \"><strong>le parti d\u2019extr\u00eame-droite<\/strong><\/a> ne d\u00e9fendait pas les int\u00e9r\u00eats de l\u2019Allemagne, mais ceux de la Russie.<\/p>\n<p>Trump,\u00a0un porteur d\u2019espoir pour la paix<\/p>\n<p class=\"mb-4 text-lg md:leading-8 break-words\">Alice Weidel avait auparavant estim\u00e9 \u00e0 la tribune du Parlement qu\u2019elle voyait en Donald Trump un porteur d\u2019espoir pour la paix, que seule l\u2019AfD disposait de canaux de dialogue avec les \u00c9tats-Unis et avec la Russie. Le parti d\u2019extr\u00eame-droite <a href=\"https:\/\/fr.news.yahoo.com\/guerre-ukraine-%C3%A0-gen%C3%A8ve-europ%C3%A9ens-062923521.html\" data-ylk=\"slk:soutient le plan am\u00e9ricain pour l\u2019Ukraine,;elm:context_link;itc:0;sec:content-canvas;outcm:mb_qualified_link;_E:mb_qualified_link;ct:story;\" class=\"link  yahoo-link\" target=\"_blank\" rel=\"noopener\"><strong>soutient le plan am\u00e9ricain pour l\u2019Ukraine,<\/strong><\/a> d\u00e9nonce depuis trois ans les livraisons d\u2019armes \u00e0 l\u2019Ukraine et plaide pour des relations normales avec Moscou, comprenant l\u2019achat de gaz comme dans le pass\u00e9.<\/p>\n<p class=\"mb-4 text-lg md:leading-8 break-words\">Les liens de l\u2019AfD avec la Russie de Vladimir Poutine ne sont pas nouveaux. Des \u00e9lus du parti se sont rendus r\u00e9cemment au bord de la mer Noire pour une rencontre de soutien \u00e0 Moscou. L\u2019un d\u2019eux a d\u00e9clar\u00e9 dans une interview : \u00ab Des armes allemandes tuent des Russes en Ukraine, les armes russes ne tuent pas d\u2019Allemands, \u00e7a n\u2019est pas notre guerre \u00bb.<\/p>\n<p>Dissensions au sein de l&rsquo;AfD<\/p>\n<p class=\"mb-4 text-lg md:leading-8 break-words\">Ces liens \u00e9troits avec la Russie suscitent toutefois des dissensions au sein de l\u2019AfD entre les responsables de l\u2019Est, plus russophiles comme dans l\u2019ex-RDA en g\u00e9n\u00e9ral, et ceux de l\u2019ouest de l\u2019Allemagne, sur une ligne plus r\u00e9serv\u00e9e.<\/p>\n<p class=\"mb-4 text-lg md:leading-8 break-words\">\u00c0 lire aussi<a href=\"https:\/\/fr.news.yahoo.com\/allemagne-lafd-accus%C3%A9e-despionner-compte-212818704.html\" class=\"link  yahoo-link\" data-ylk=\"slk:Allemagne: l&#039;AfD accus\u00e9e d&#039;espionner pour le compte de la Russie;elm:context_link;itc:0;sec:content-canvas;outcm:mb_qualified_link;_E:mb_qualified_link;ct:story;\" target=\"_blank\" rel=\"noopener\">Allemagne: l&rsquo;AfD accus\u00e9e d&rsquo;espionner pour le compte de la Russie<\/a><\/p>\n","protected":false},"excerpt":{"rendered":"Avec notre correspondant \u00e0 Berlin, Pascal Thibaut \u00ab Vous parlez ici, Madame Weidel, comme la cinqui\u00e8me colonne de&hellip;\n","protected":false},"author":2,"featured_media":561936,"comment_status":"","ping_status":"","sticky":false,"template":"","format":"standard","meta":{"footnotes":""},"categories":[1587],"tags":[11,60394,672,1804,1805,1803,1777,674,1801,3442,2489,12,21531,1802,467],"class_list":{"0":"post-561935","1":"post","2":"type-post","3":"status-publish","4":"format-standard","5":"has-post-thumbnail","7":"category-allemagne","8":"tag-actualites","9":"tag-alice-weidel","10":"tag-allemagne","11":"tag-bundesrepublik-deutschland","12":"tag-de","13":"tag-deutschland","14":"tag-eu","15":"tag-europe","16":"tag-germany","17":"tag-lallemagne","18":"tag-la-russie","19":"tag-news","20":"tag-pascal-thibaut","21":"tag-republique-federale-dallemagne","22":"tag-trump"},"share_on_mastodon":{"url":"https:\/\/pubeurope.com\/@fr\/115620903042556066","error":""},"_links":{"self":[{"href":"https:\/\/www.europesays.com\/fr\/wp-json\/wp\/v2\/posts\/561935","targetHints":{"allow":["GET"]}}],"collection":[{"href":"https:\/\/www.europesays.com\/fr\/wp-json\/wp\/v2\/posts"}],"about":[{"href":"https:\/\/www.europesays.com\/fr\/wp-json\/wp\/v2\/types\/post"}],"author":[{"embeddable":true,"href":"https:\/\/www.europesays.com\/fr\/wp-json\/wp\/v2\/users\/2"}],"replies":[{"embeddable":true,"href":"https:\/\/www.europesays.com\/fr\/wp-json\/wp\/v2\/comments?post=561935"}],"version-history":[{"count":0,"href":"https:\/\/www.europesays.com\/fr\/wp-json\/wp\/v2\/posts\/561935\/revisions"}],"wp:featuredmedia":[{"embeddable":true,"href":"https:\/\/www.europesays.com\/fr\/wp-json\/wp\/v2\/media\/561936"}],"wp:attachment":[{"href":"https:\/\/www.europesays.com\/fr\/wp-json\/wp\/v2\/media?parent=561935"}],"wp:term":[{"taxonomy":"category","embeddable":true,"href":"https:\/\/www.europesays.com\/fr\/wp-json\/wp\/v2\/categories?post=561935"},{"taxonomy":"post_tag","embeddable":true,"href":"https:\/\/www.europesays.com\/fr\/wp-json\/wp\/v2\/tags?post=561935"}],"curies":[{"name":"wp","href":"https:\/\/api.w.org\/{rel}","templated":true}]}}