{"id":561939,"date":"2025-11-27T09:17:12","date_gmt":"2025-11-27T09:17:12","guid":{"rendered":"https:\/\/www.europesays.com\/fr\/561939\/"},"modified":"2025-11-27T09:17:12","modified_gmt":"2025-11-27T09:17:12","slug":"si-on-voulait-finir-de-tuer-ce-quil-reste-de-lelevage-familial-en-france-on-ne-sy-prendrait-pas-autrement-denonce-benoit-biteau","status":"publish","type":"post","link":"https:\/\/www.europesays.com\/fr\/561939\/","title":{"rendered":"\u00ab\u00a0Si on voulait finir de tuer ce qu&rsquo;il reste de l&rsquo;\u00e9levage familial en France, on ne s&rsquo;y prendrait pas autrement\u00a0\u00bb, d\u00e9nonce Beno\u00eet Biteau"},"content":{"rendered":"<p>Accord UE-Mercosur: \u00ab\u00a0Si on voulait finir de tuer ce qu&rsquo;il reste de l&rsquo;\u00e9levage familial en France, on ne s&rsquo;y prendrait pas autrement\u00a0\u00bb, d\u00e9nonce Beno\u00eet BiteauSur le m\u00eame sujet<a href=\"https:\/\/www.bfmtv.com\/politique\/video-accord-ue-mercosur-si-on-voulait-finir-de-tuer-ce-qu-il-reste-de-l-elevage-familial-en-france-on-ne-s-y-prendrait-pas-autrement-denonce-benoit-biteau_VN-202511270448.html\" title=\"Accord UE-Mercosur: &quot;Si on voulait finir de tuer ce qu&#039;il reste de l&#039;\u00e9levage familial en France, on ne s&#039;y prendrait pas autrement&quot;, d\u00e9nonce Beno\u00eet Biteau\" target=\"_blank\" rel=\"noopener\"><img width=\"16\" height=\"9\" class=\"lozad\"  alt=\"Accord UE-Mercosur: &quot;Si on voulait finir de tuer ce qu'il reste de l'\u00e9levage familial en France, on ne s'y prendrait pas autrement&quot;, d\u00e9nonce Beno\u00eet Biteau\"\/>en lectureAccord UE-Mercosur: \u00ab\u00a0Si on voulait finir de tuer ce qu&rsquo;il reste de l&rsquo;\u00e9levage familial en France, on ne s&rsquo;y prendrait pas autrement\u00a0\u00bb, d\u00e9nonce Beno\u00eet Biteau<\/a><a href=\"https:\/\/www.bfmtv.com\/politique\/video-mercosur-ne-signez-pas-la-disparition-de-l-agriculture-francaise-demande-le-depute-julien-dive-a-emmanuel-macron_VN-202511270446.html\" title=\"Mercosur: &quot;Ne signez pas la disparition de l&#039;agriculture fran\u00e7aise&quot;, demande le d\u00e9put\u00e9 Julien Dive \u00e0 Emmanuel Macron\" target=\"_blank\" rel=\"noopener\"><img width=\"16\" height=\"9\" class=\"lozad\"  alt=\"Mercosur: &quot;Ne signez pas la disparition de l'agriculture fran\u00e7aise&quot;, demande le d\u00e9put\u00e9 Julien Dive \u00e0 Emmanuel Macron\"\/>0:51Mercosur: \u00ab\u00a0Ne signez pas la disparition de l&rsquo;agriculture fran\u00e7aise\u00a0\u00bb, demande le d\u00e9put\u00e9 Julien Dive \u00e0 Emmanuel Macron<\/a><a href=\"https:\/\/www.bfmtv.com\/politique\/la-france-insoumise\/video-accord-ue-mercosur-l-union-europeenne-prefere-sacrifier-nos-engagements-climatiques-affirme-le-depute-matthias-tavel-lfi_VN-202511270442.html\" title=\"Accord UE-Mercosur: l&#039;Union europ\u00e9enne &quot;pr\u00e9f\u00e8re sacrifier nos engagements climatiques&quot;, affirme le d\u00e9put\u00e9 Matthias Tavel (LFI)\" target=\"_blank\" rel=\"noopener\"><img width=\"16\" height=\"9\" class=\"lozad\"  alt=\"Accord UE-Mercosur: l'Union europ\u00e9enne &quot;pr\u00e9f\u00e8re sacrifier nos engagements climatiques&quot;, affirme le d\u00e9put\u00e9 Matthias Tavel (LFI)\"\/>1:00Accord UE-Mercosur: l&rsquo;Union europ\u00e9enne \u00ab\u00a0pr\u00e9f\u00e8re sacrifier nos engagements climatiques\u00a0\u00bb, affirme le d\u00e9put\u00e9 Matthias Tavel (LFI)<\/a><a href=\"https:\/\/www.bfmtv.com\/politique\/la-france-insoumise\/video-l-adoption-du-mercosur-c-est-la-hantise-des-eleveurs-affirme-la-deputee-ps-melanie-thomin_VN-202511270438.html\" title=\"&quot;L&#039;adoption du Mercosur, c&#039;est la hantise des \u00e9leveurs&quot;, affirme la d\u00e9put\u00e9e PS M\u00e9lanie Thomin\" target=\"_blank\" rel=\"noopener\"><img width=\"16\" height=\"9\" class=\"lozad\"  alt=\"&quot;L'adoption du Mercosur, c'est la hantise des \u00e9leveurs&quot;, affirme la d\u00e9put\u00e9e PS M\u00e9lanie Thomin\"\/>1:18&Prime;L&rsquo;adoption du Mercosur, c&rsquo;est la hantise des \u00e9leveurs\u00a0\u00bb, affirme la d\u00e9put\u00e9e PS M\u00e9lanie Thomin<\/a><a href=\"https:\/\/www.bfmtv.com\/politique\/video-robert-menard-maire-divers-droite-de-beziers-l-immigration-zero-est-une-vaste-connerie_VN-202511270407.html\" title=\"Robert M\u00e9nard, maire divers droite de B\u00e9ziers: &quot;L&#039;immigration z\u00e9ro est une vaste connerie&quot; \" target=\"_blank\" rel=\"noopener\"><img width=\"16\" height=\"9\" class=\"lozad\"  alt=\"Robert M\u00e9nard, maire divers droite de B\u00e9ziers: &quot;L'immigration z\u00e9ro est une vaste connerie&quot; \"\/>1:55Robert M\u00e9nard, maire divers droite de B\u00e9ziers: \u00ab\u00a0L&rsquo;immigration z\u00e9ro est une vaste connerie\u00a0\u00bb<\/a><a href=\"https:\/\/www.bfmtv.com\/politique\/video-menace-russe-service-militaire-armee-l-interview-de-jean-yves-le-drian-en-integralite_VN-202511270408.html\" title=\"Menace russe, service militaire, arm\u00e9e...L&#039;interview de Jean-Yves Le Drian en int\u00e9gralit\u00e9\" target=\"_blank\" rel=\"noopener\"><img width=\"16\" height=\"9\" class=\"lozad\"  alt=\"Menace russe, service militaire, arm\u00e9e...L'interview de Jean-Yves Le Drian en int\u00e9gralit\u00e9\"\/>18:57Menace russe, service militaire, arm\u00e9e&#8230;L&rsquo;interview de Jean-Yves Le Drian en int\u00e9gralit\u00e9<\/a><a href=\"https:\/\/www.bfmtv.com\/international\/video-situation-au-liban-j-ai-des-inquietudes-declare-jean-yves-le-drian-ancien-ministre-des-armees-et-des-affaires-etrangeres_VN-202511270397.html\" title=\"Situation au Liban: &quot;J&#039;ai des inqui\u00e9tudes&quot;, d\u00e9clare Jean-Yves Le Drian, ancien ministre des Arm\u00e9es et des Affaires \u00e9trang\u00e8res\" target=\"_blank\" rel=\"noopener\"><img width=\"16\" height=\"9\" class=\"lozad\"  alt=\"Situation au Liban: &quot;J'ai des inqui\u00e9tudes&quot;, d\u00e9clare Jean-Yves Le Drian, ancien ministre des Arm\u00e9es et des Affaires \u00e9trang\u00e8res\"\/>1:38Situation au Liban: \u00ab\u00a0J&rsquo;ai des inqui\u00e9tudes\u00a0\u00bb, d\u00e9clare Jean-Yves Le Drian, ancien ministre des Arm\u00e9es et des Affaires \u00e9trang\u00e8res<\/a><a href=\"https:\/\/www.bfmtv.com\/politique\/video-algerie-il-est-souhaitable-qu-il-y-ait-des-relations-normalisees-assure-jean-yves-le-drian-ancien-ministre-des-affaires-etrangeres_VN-202511270395.html\" title=\"Alg\u00e9rie: &quot;Il est souhaitable qu&#039;il y ait des relations normalis\u00e9es&quot;, assure Jean-Yves Le Drian, ancien ministre des Affaires \u00e9trang\u00e8res\" target=\"_blank\" rel=\"noopener\"><img width=\"16\" height=\"9\" class=\"lozad\"  alt=\"Alg\u00e9rie: &quot;Il est souhaitable qu'il y ait des relations normalis\u00e9es&quot;, assure Jean-Yves Le Drian, ancien ministre des Affaires \u00e9trang\u00e8res\"\/>0:40Alg\u00e9rie: \u00ab\u00a0Il est souhaitable qu&rsquo;il y ait des relations normalis\u00e9es\u00a0\u00bb, assure Jean-Yves Le Drian, ancien ministre des Affaires \u00e9trang\u00e8res<\/a><a href=\"https:\/\/www.bfmtv.com\/politique\/video-defense-il-y-a-un-schisme-transatlantique-affirme-l-ancien-ministre-des-armees-jean-yves-le-drian_VN-202511270387.html\" title=\"D\u00e9fense: &quot;Il y a un schisme transatlantique&quot;, affirme l&#039;ancien ministre des Arm\u00e9es Jean-Yves Le Drian\" target=\"_blank\" rel=\"noopener\"><img width=\"16\" height=\"9\" class=\"lozad\"  alt=\"D\u00e9fense: &quot;Il y a un schisme transatlantique&quot;, affirme l'ancien ministre des Arm\u00e9es Jean-Yves Le Drian\"\/>0:51D\u00e9fense: \u00ab\u00a0Il y a un schisme transatlantique\u00a0\u00bb, affirme l&rsquo;ancien ministre des Arm\u00e9es Jean-Yves Le Drian<\/a><a href=\"https:\/\/www.bfmtv.com\/politique\/video-notre-securite-depend-d-abord-de-nous-declare-jean-yves-le-drian-ancien-ministre-des-armees-et-des-affaires-etrangeres_VN-202511270385.html\" title=\"&quot;Notre s\u00e9curit\u00e9 d\u00e9pend d&#039;abord de nous&quot;, d\u00e9clare Jean-Yves Le Drian, ancien ministre des Arm\u00e9es et des Affaires \u00e9trang\u00e8res\" target=\"_blank\" rel=\"noopener\"><img width=\"16\" height=\"9\" class=\"lozad\"  alt=\"&quot;Notre s\u00e9curit\u00e9 d\u00e9pend d'abord de nous&quot;, d\u00e9clare Jean-Yves Le Drian, ancien ministre des Arm\u00e9es et des Affaires \u00e9trang\u00e8res\"\/>1:05&Prime;Notre s\u00e9curit\u00e9 d\u00e9pend d&rsquo;abord de nous\u00a0\u00bb, d\u00e9clare Jean-Yves Le Drian, ancien ministre des Arm\u00e9es et des Affaires \u00e9trang\u00e8res<\/a><a href=\"https:\/\/www.bfmtv.com\/politique\/video-jean-yves-le-drian-il-faut-continuer-a-soutenir-l-ukraine-de-toutes-les-manieres_VN-202511270381.html\" title=\"Jean-Yves Le Drian: &quot;Il faut continuer \u00e0 soutenir l&#039;Ukraine de toutes les mani\u00e8res&quot;\" target=\"_blank\" rel=\"noopener\"><img width=\"16\" height=\"9\" class=\"lozad\"  alt=\"Jean-Yves Le Drian: &quot;Il faut continuer \u00e0 soutenir l'Ukraine de toutes les mani\u00e8res&quot;\"\/>0:57Jean-Yves Le Drian: \u00ab\u00a0Il faut continuer \u00e0 soutenir l&rsquo;Ukraine de toutes les mani\u00e8res\u00a0\u00bb<\/a><a href=\"https:\/\/www.bfmtv.com\/politique\/video-plan-de-paix-pour-l-ukraine-c-est-un-texte-trumpo-poutinien-qui-a-ete-propose-estime-jean-yves-le-drian-ancien-ministre-des-armees-et-des-affaires-etrangeres_VN-202511270368.html\" title=\"Plan de paix pour l&#039;Ukraine: &quot;C&#039;est un texte trumpo-poutinien qui a \u00e9t\u00e9 propos\u00e9&quot;, estime Jean-Yves Le Drian, ancien ministre des Arm\u00e9es et des Affaires \u00e9trang\u00e8res\" target=\"_blank\" rel=\"noopener\"><img width=\"16\" height=\"9\" class=\"lozad\"  alt=\"Plan de paix pour l'Ukraine: &quot;C'est un texte trumpo-poutinien qui a \u00e9t\u00e9 propos\u00e9&quot;, estime Jean-Yves Le Drian, ancien ministre des Arm\u00e9es et des Affaires \u00e9trang\u00e8res\"\/>2:05Plan de paix pour l&rsquo;Ukraine: \u00ab\u00a0C&rsquo;est un texte trumpo-poutinien qui a \u00e9t\u00e9 propos\u00e9\u00a0\u00bb, estime Jean-Yves Le Drian, ancien ministre des Arm\u00e9es et des Affaires \u00e9trang\u00e8res<\/a><a href=\"https:\/\/www.bfmtv.com\/politique\/video-je-suis-confiant-dans-la-solidite-de-nos-armees-declare-jean-yves-le-drian-ancien-ministre-des-armees_VN-202511270367.html\" title=\"&quot;Je suis confiant dans la solidit\u00e9 de nos arm\u00e9es&quot;, d\u00e9clare Jean-Yves Le Drian, ancien ministre des Arm\u00e9es\" target=\"_blank\" rel=\"noopener\"><img width=\"16\" height=\"9\" class=\"lozad\"  alt=\"&quot;Je suis confiant dans la solidit\u00e9 de nos arm\u00e9es&quot;, d\u00e9clare Jean-Yves Le Drian, ancien ministre des Arm\u00e9es\"\/>1:12&Prime;Je suis confiant dans la solidit\u00e9 de nos arm\u00e9es\u00a0\u00bb, d\u00e9clare Jean-Yves Le Drian, ancien ministre des Arm\u00e9es<\/a><a href=\"https:\/\/www.bfmtv.com\/politique\/video-service-militaire-volontaire-ca-fait-partie-de-la-dissuasion-pour-l-ancien-ministre-des-armees-et-des-affaires-etrangeres-jean-yves-le-drian_VN-202511270366.html\" title=\"Service militaire volontaire: &quot;\u00c7a fait partie de la dissuasion&quot;, pour l&#039;ancien ministre des Arm\u00e9es et des Affaires \u00e9trang\u00e8res Jean-Yves Le Drian\" target=\"_blank\" rel=\"noopener\"><img width=\"16\" height=\"9\" class=\"lozad\"  alt=\"Service militaire volontaire: &quot;\u00c7a fait partie de la dissuasion&quot;, pour l'ancien ministre des Arm\u00e9es et des Affaires \u00e9trang\u00e8res Jean-Yves Le Drian\"\/>1:15Service militaire volontaire: \u00ab\u00a0\u00c7a fait partie de la dissuasion\u00a0\u00bb, pour l&rsquo;ancien ministre des Arm\u00e9es et des Affaires \u00e9trang\u00e8res Jean-Yves Le Drian<\/a><a class=\"jumpToVideo\" target=\"_blank\"><img class=\"thumbnailPreview\"\/><\/a><\/p>\n","protected":false},"excerpt":{"rendered":"Accord UE-Mercosur: \u00ab\u00a0Si on voulait finir de tuer ce qu&rsquo;il reste de l&rsquo;\u00e9levage familial en France, on ne&hellip;\n","protected":false},"author":2,"featured_media":561940,"comment_status":"","ping_status":"","sticky":false,"template":"","format":"standard","meta":{"footnotes":""},"categories":[1586],"tags":[11,1777,674,1779,1011,27,12,25,1778,364],"class_list":{"0":"post-561939","1":"post","2":"type-post","3":"status-publish","4":"format-standard","5":"has-post-thumbnail","7":"category-europe","8":"tag-actualites","9":"tag-eu","10":"tag-europe","11":"tag-european-union","12":"tag-fr","13":"tag-france","14":"tag-news","15":"tag-republique-francaise","16":"tag-ue","17":"tag-union-europeenne"},"share_on_mastodon":{"url":"https:\/\/pubeurope.com\/@fr\/115620914445065779","error":""},"_links":{"self":[{"href":"https:\/\/www.europesays.com\/fr\/wp-json\/wp\/v2\/posts\/561939","targetHints":{"allow":["GET"]}}],"collection":[{"href":"https:\/\/www.europesays.com\/fr\/wp-json\/wp\/v2\/posts"}],"about":[{"href":"https:\/\/www.europesays.com\/fr\/wp-json\/wp\/v2\/types\/post"}],"author":[{"embeddable":true,"href":"https:\/\/www.europesays.com\/fr\/wp-json\/wp\/v2\/users\/2"}],"replies":[{"embeddable":true,"href":"https:\/\/www.europesays.com\/fr\/wp-json\/wp\/v2\/comments?post=561939"}],"version-history":[{"count":0,"href":"https:\/\/www.europesays.com\/fr\/wp-json\/wp\/v2\/posts\/561939\/revisions"}],"wp:featuredmedia":[{"embeddable":true,"href":"https:\/\/www.europesays.com\/fr\/wp-json\/wp\/v2\/media\/561940"}],"wp:attachment":[{"href":"https:\/\/www.europesays.com\/fr\/wp-json\/wp\/v2\/media?parent=561939"}],"wp:term":[{"taxonomy":"category","embeddable":true,"href":"https:\/\/www.europesays.com\/fr\/wp-json\/wp\/v2\/categories?post=561939"},{"taxonomy":"post_tag","embeddable":true,"href":"https:\/\/www.europesays.com\/fr\/wp-json\/wp\/v2\/tags?post=561939"}],"curies":[{"name":"wp","href":"https:\/\/api.w.org\/{rel}","templated":true}]}}