{"id":561941,"date":"2025-11-27T09:18:12","date_gmt":"2025-11-27T09:18:12","guid":{"rendered":"https:\/\/www.europesays.com\/fr\/561941\/"},"modified":"2025-11-27T09:18:12","modified_gmt":"2025-11-27T09:18:12","slug":"au-moins-55-morts-dans-lincendie-de-plusieurs-gratte-ciel-ce-que-lon-sait-sur-lincendie-geant-a-hongkong-liberation","status":"publish","type":"post","link":"https:\/\/www.europesays.com\/fr\/561941\/","title":{"rendered":"Au moins 55 morts dans l\u2019incendie de plusieurs gratte-ciel\u2026 Ce que l\u2019on sait sur l\u2019incendie g\u00e9ant \u00e0 Hongkong &#8211; Lib\u00e9ration"},"content":{"rendered":"<ol>\n<li><a href=\"https:\/\/news.google.com\/rss\/articles\/CBMiqwJBVV95cUxNcUwyaHU5YU8wb0d3N25kTEZtOEk5emNjMThUdVltcUppdDNBODRvYU83Rl9qSWJEWVQ0eFVhb0lPOVN0ZC1OT25GeUdCYWJjOWFWeFNFd3ppcnUyUThVNy1ONnhtZU1yRkFybVFiXzRoUVNNcXRsbFVkbDNPV3B1d080NTNyWGxfemU2ZlMwVjROOU5Ld211bzVoMWFWMGM3dHdDQUZKTXlhR2NPcy1rNWhaRDktb2VqWnE0M1VrdThsWHpCRUVsODBERFpfUnlmd0NrbDZEYnRrUkQ0Y1ZLZjRPdk5ZYy1uM19OaXBQZDFKVm9Ma190bm5sSDNEcXhkNWNISUEycEZGcC1hLTNrcXp2UHJ0ZWl5Smh6WXN4N3RTVDZMSGZlS2V5VQ?oc=5\" target=\"_blank\" rel=\"noopener\">Au moins 55 morts dans l\u2019incendie de plusieurs gratte-ciel\u2026 Ce que l\u2019on sait sur l\u2019incendie g\u00e9ant \u00e0 Hongkong<\/a>&nbsp;&nbsp;Lib\u00e9ration<\/li>\n<li><a href=\"https:\/\/news.google.com\/rss\/articles\/CBMi5AFBVV95cUxPQTlsWUNQaTZ5eXZmYlpNZm92ZmpuNE5UWjVLd2FSRThHbFFfX0ZJd0ZfWWVJRHRUNENKSDZETWFvU3c0ZnplYXJZLXJmWk9xMkRwUERQbmx3dGhja2VHemJZZ08xY2U2b3FEVFo2bWZSVzllSU5nWVM4RTh2amhncUVNTGxnNmpRSlJVTUo1TEM2d2pmZlFwby1BVUZLYnI2X19GZFhuYlFzX3ZWRXZGakRZMWxGSUh3aG14T1NaQzR5cFdSajMzTWh4TklSbjFnOE1IdDRIa0tQbGxOQzBrYXU1Sm8?oc=5\" target=\"_blank\" rel=\"noopener\">Incendie \u00e0 Hongkong : le bilan monte \u00e0 au moins 55 morts, la qualit\u00e9 des chantiers de r\u00e9novation en question<\/a>&nbsp;&nbsp;Le Monde.fr<\/li>\n<li><a href=\"https:\/\/news.google.com\/rss\/articles\/CBMiwgFBVV95cUxNMm1QY25YM05MUElIbHQ1Zk9oX3cwWU1DNzVMVDNaeUFTcXhlVkc3dG9VUDVpZVdEWmtscU9wcWVOQzRGSkhwM1R2TGN3MVItRzFzZjNweG51RF9oSjJiSU9ONlV4bW05YnJGTkFrRW1ZTzFNRGdWQ09ROExrMGE0TFB4a01DalFHZG11NUJzcmlMUWdIczBkMEJYZTZnTmJlalJ4R3JxNzVvcjN1Ukt3ZC10ckRQdEVRODRxQ21VeFVwQQ?oc=5\" target=\"_blank\" rel=\"noopener\">55 morts, 270 disparus, trois suspects arr\u00eat\u00e9s&#8230; Ce que l\u2019on sait de l\u2019incendie d\u00e9vastateur \u00e0 Hongkong<\/a>&nbsp;&nbsp;Le Figaro<\/li>\n<li><a href=\"https:\/\/news.google.com\/rss\/articles\/CBMitAFBVV95cUxOdnNRdC12cW1uSnI0OGVjNkUxeVNsSF9IRV9XYkxYT2lySnp0N1VPTmNCMEpOVTRlUmZ6R2lrQmFDT0xnTmk4WWo5WHplT3g1S3d0anNIX2NRU3FSQ0s1M1dmX0RLS0J0OG4xX3JON09HVXhfZ0wxLUdpRXRSamRGWFJvQ1lwc1pnUUZvOXYwWHNDMFdSMG1GdXg1RWVwSXhNVlJSUWNLY3NjRW5jbXl3UDBRdHM?oc=5\" target=\"_blank\" rel=\"noopener\">Terrible bilan, \u00e9chafaudages en bambou\u2026 Ce que l\u2019on sait de l\u2019incendie monstre \u00e0 Hong Kong<\/a>&nbsp;&nbsp;20 Minutes<\/li>\n<li><a href=\"https:\/\/news.google.com\/rss\/articles\/CBMi0AFBVV95cUxNZExTSXV0ZDhYcnJiOENIYm1WSTVyUFdxSG9PVjZZc3RRNV90cDNYaVdXQk5UWm9IOVA4TVlLMDNrWjRrem90SHUzUTRZWWVHalVSSmhjb09YSmF0VVYxejhvVGxILW5IeXRwSHRMREdrZ2lPRjc5bk1OeW5kcVU1UzBzcmJRalI4WGZMajY3dl9NR1o2bjFJNWdMOWNwRVc0QzRZWFJha1MyOHpMcjZEUWZJZFRjSTYtTGk1c2xuek5DU2ZVUTlrTGVOVGVkOWM3?oc=5\" target=\"_blank\" rel=\"noopener\">Les images terribles des incendies \u00e0 Hong Kong, les immeubles compl\u00e8tement d\u00e9truits<\/a>&nbsp;&nbsp;Linternaute.com<\/li>\n<\/ol>\n","protected":false},"excerpt":{"rendered":"Au moins 55 morts dans l\u2019incendie de plusieurs gratte-ciel\u2026 Ce que l\u2019on sait sur l\u2019incendie g\u00e9ant \u00e0 Hongkong&nbsp;&nbsp;Lib\u00e9ration&hellip;\n","protected":false},"author":2,"featured_media":561942,"comment_status":"","ping_status":"","sticky":false,"template":"","format":"standard","meta":{"footnotes":""},"categories":[2],"tags":[11,1220,1011,27,1227,12,25],"class_list":{"0":"post-561941","1":"post","2":"type-post","3":"status-publish","4":"format-standard","5":"has-post-thumbnail","7":"category-actualites","8":"tag-actualites","9":"tag-fire","10":"tag-fr","11":"tag-france","12":"tag-horizontal","13":"tag-news","14":"tag-republique-francaise"},"share_on_mastodon":{"url":"https:\/\/pubeurope.com\/@fr\/115620918501598544","error":""},"_links":{"self":[{"href":"https:\/\/www.europesays.com\/fr\/wp-json\/wp\/v2\/posts\/561941","targetHints":{"allow":["GET"]}}],"collection":[{"href":"https:\/\/www.europesays.com\/fr\/wp-json\/wp\/v2\/posts"}],"about":[{"href":"https:\/\/www.europesays.com\/fr\/wp-json\/wp\/v2\/types\/post"}],"author":[{"embeddable":true,"href":"https:\/\/www.europesays.com\/fr\/wp-json\/wp\/v2\/users\/2"}],"replies":[{"embeddable":true,"href":"https:\/\/www.europesays.com\/fr\/wp-json\/wp\/v2\/comments?post=561941"}],"version-history":[{"count":0,"href":"https:\/\/www.europesays.com\/fr\/wp-json\/wp\/v2\/posts\/561941\/revisions"}],"wp:featuredmedia":[{"embeddable":true,"href":"https:\/\/www.europesays.com\/fr\/wp-json\/wp\/v2\/media\/561942"}],"wp:attachment":[{"href":"https:\/\/www.europesays.com\/fr\/wp-json\/wp\/v2\/media?parent=561941"}],"wp:term":[{"taxonomy":"category","embeddable":true,"href":"https:\/\/www.europesays.com\/fr\/wp-json\/wp\/v2\/categories?post=561941"},{"taxonomy":"post_tag","embeddable":true,"href":"https:\/\/www.europesays.com\/fr\/wp-json\/wp\/v2\/tags?post=561941"}],"curies":[{"name":"wp","href":"https:\/\/api.w.org\/{rel}","templated":true}]}}