{"id":561945,"date":"2025-11-27T09:20:15","date_gmt":"2025-11-27T09:20:15","guid":{"rendered":"https:\/\/www.europesays.com\/fr\/561945\/"},"modified":"2025-11-27T09:20:15","modified_gmt":"2025-11-27T09:20:15","slug":"selon-le-gouverneur-de-la-banque-de-france-lincertitude-politique-coutera-02-point-de-croissance-cette-annee-liberation","status":"publish","type":"post","link":"https:\/\/www.europesays.com\/fr\/561945\/","title":{"rendered":"Selon le gouverneur de la Banque de France, l\u2019incertitude politique co\u00fbtera 0,2 point de croissance cette ann\u00e9e \u2013 Lib\u00e9ration"},"content":{"rendered":"<p class=\"sc-cPiKLX AiZTS text-element\">\u00abL\u2019incertitude fran\u00e7aise, politique et budg\u00e9taire nous co\u00fbte au moins <a href=\"https:\/\/www.liberation.fr\/economie\/france-la-croissance-accelere-au-troisieme-trimestre-mieux-quattendu-20251030_FOC6CJD6WBFABLHWTLTAQKRD4U\/\" target=\"_blank\" rel=\"noopener\" title=\"https:\/\/www.liberation.fr\/economie\/france-la-croissance-accelere-au-troisieme-trimestre-mieux-quattendu-20251030_FOC6CJD6WBFABLHWTLTAQKRD4U\/\">0,2 point de croissance<\/a>\u00bb pour cette ann\u00e9e, a affirm\u00e9 ce jeudi 27 novembre le gouverneur de la Banque de France, <a href=\"https:\/\/www.liberation.fr\/sports\/2015\/09\/08\/francois-villeroy-de-galhau-un-banquier-venu-du-prive-a-la-tete-de-la-banque-de-france_1378414\/\" target=\"_blank\" rel=\"noopener\" title=\"https:\/\/www.liberation.fr\/sports\/2015\/09\/08\/francois-villeroy-de-galhau-un-banquier-venu-du-prive-a-la-tete-de-la-banque-de-france_1378414\/\">Fran\u00e7ois Villeroy de Galhau<\/a>, interrog\u00e9 sur France Info.<\/p>\n<p class=\"sc-cPiKLX AiZTS text-element\">Et cette incertitude fran\u00e7aise s\u2019ajoute \u00e0 la \u00abpart internationale : la <a href=\"https:\/\/www.liberation.fr\/international\/amerique\/negociations-sur-lukraine-steve-witkoff-lhomme-qui-murmurait-a-loreille-du-kremlin-20251126_7H22QM4RWRHTXBRB2DDEFUTPCE\/\" target=\"_blank\" rel=\"noopener\" title=\"https:\/\/www.liberation.fr\/international\/amerique\/negociations-sur-lukraine-steve-witkoff-lhomme-qui-murmurait-a-loreille-du-kremlin-20251126_7H22QM4RWRHTXBRB2DDEFUTPCE\/\">guerre en Ukraine<\/a>, le <a href=\"https:\/\/www.liberation.fr\/idees-et-debats\/tribunes\/reduire-le-protectionnisme-aux-droits-de-douane-serait-une-erreur-20250413_FF7LZRIA4VEVBJ2KWM66TKU7A4\/\" target=\"_blank\" rel=\"noopener\" title=\"https:\/\/www.liberation.fr\/idees-et-debats\/tribunes\/reduire-le-protectionnisme-aux-droits-de-douane-serait-une-erreur-20250413_FF7LZRIA4VEVBJ2KWM66TKU7A4\/\">protectionnisme am\u00e9ricain<\/a>\u00bb. Au total, le gouverneur estime que tout cela pourrait co\u00fbter 0,5 point de croissance \u00e0 l\u2019\u00e9conomie fran\u00e7aise, alors que la Banque de France tablait sur une croissance d\u2019au moins <a href=\"https:\/\/www.liberation.fr\/economie\/la-banque-de-france-revise-legerement-a-la-hausse-sa-prevision-de-croissance-pour-2025-20250915_KHVJCWI2TVC3FPAXLH7SP6TDD4\/\" target=\"_blank\" rel=\"noopener\" title=\"https:\/\/www.liberation.fr\/economie\/la-banque-de-france-revise-legerement-a-la-hausse-sa-prevision-de-croissance-pour-2025-20250915_KHVJCWI2TVC3FPAXLH7SP6TDD4\/\">0,7 % en 2025<\/a>. Les \u00abchiffres pr\u00e9cis\u00bb de ses pr\u00e9visions sont attendus le 19 d\u00e9cembre.<\/p>\n<p class=\"sc-cPiKLX AiZTS text-element\">Il d\u00e9plore \u00e9galement un d\u00e9bat qui \u00abest jusqu\u2019\u00e0 pr\u00e9sent inqui\u00e9tant et divergent. Il devrait r\u00e9duire l\u2019incertitude, il devrait nous rapprocher d\u2019un budget 2026. Pour l\u2019instant, il accro\u00eet la confusion. Donc moi, je souhaite ardemment qu\u2019on d\u00e9passe le spectacle actuel pour trouver des compromis, pour trouver une vision de moins court terme\u00bb.<\/p>\n<p class=\"sc-cPiKLX AiZTS text-element\">La veille, d\u00e9put\u00e9s et s\u00e9nateurs n\u2019ont pas r\u00e9ussi \u00e0 se mettre d\u2019accord sur le projet de budget de la S\u00e9curit\u00e9 sociale (PLFSS), <a href=\"https:\/\/www.liberation.fr\/politique\/apres-lechec-de-la-commission-mixte-paritaire-retour-a-risques-du-budget-de-la-secu-a-lassemblee-20251126_TI4DSMNNZVBA3OPSKW6OKCFKQA\/\" target=\"_blank\" rel=\"noopener\" title=\"https:\/\/www.liberation.fr\/politique\/apres-lechec-de-la-commission-mixte-paritaire-retour-a-risques-du-budget-de-la-secu-a-lassemblee-20251126_TI4DSMNNZVBA3OPSKW6OKCFKQA\/\">renvoyant \u00e0 l\u2019Assembl\u00e9e nationale<\/a> le texte du gouvernement. \u00abCe n\u2019est pas la fin du d\u00e9bat budg\u00e9taire, mais ce qui s\u2019est pass\u00e9 hier soir, c\u2019est un chaos suppl\u00e9mentaire sur un chemin qui est d\u00e9j\u00e0 tortueux\u00bb, commente le gouverneur de la Banque de France.<\/p>\n<p class=\"sc-cPiKLX AiZTS text-element\">Fran\u00e7ois Villeroy de Galhau a en outre plaid\u00e9 pour la n\u00e9cessit\u00e9 de r\u00e9duire les d\u00e9ficits, soulignant que \u00ab<a href=\"https:\/\/www.liberation.fr\/economie\/lagence-moodys-maintient-la-note-de-la-france-20251025_A63Q6VAFVZBPNHKVFCPDIFXXR4\/\" target=\"_blank\" rel=\"noopener\" title=\"https:\/\/www.liberation.fr\/economie\/lagence-moodys-maintient-la-note-de-la-france-20251025_A63Q6VAFVZBPNHKVFCPDIFXXR4\/\">cette dette qui augmente<\/a> nous co\u00fbte en charges d\u2019int\u00e9r\u00eats des dizaines de milliards d\u2019euros en plus au cours de la d\u00e9cennie\u00bb.<\/p>\n<p class=\"sc-cPiKLX AiZTS text-element\">\u00abC\u2019\u00e9tait 30 milliards de charge d\u2019int\u00e9r\u00eats en 2020, et ce sera plus de 100 milliards \u00e0 la fin de la d\u00e9cennie\u00bb, pr\u00e9dit-il, martelant que \u00abces 70 milliards suppl\u00e9mentaires, c\u2019est autant que nous ne pouvons pas consacrer \u00e0 l\u2019\u00e9ducation, \u00e0 la lutte contre le changement climatique ou \u00e0 la d\u00e9fense. Il faut absolument sortir de cet \u00e9touffement progressif\u00bb.<\/p>\n","protected":false},"excerpt":{"rendered":"\u00abL\u2019incertitude fran\u00e7aise, politique et budg\u00e9taire nous co\u00fbte au moins 0,2 point de croissance\u00bb pour cette ann\u00e9e, a affirm\u00e9&hellip;\n","protected":false},"author":2,"featured_media":561946,"comment_status":"","ping_status":"","sticky":false,"template":"","format":"standard","meta":{"footnotes":""},"categories":[4],"tags":[11,25548,913,7993,1011,27,12,25],"class_list":{"0":"post-561945","1":"post","2":"type-post","3":"status-publish","4":"format-standard","5":"has-post-thumbnail","7":"category-france","8":"tag-actualites","9":"tag-budget-public","10":"tag-croissance","11":"tag-dette-publique","12":"tag-fr","13":"tag-france","14":"tag-news","15":"tag-republique-francaise"},"share_on_mastodon":{"url":"https:\/\/pubeurope.com\/@fr\/115620926407472355","error":""},"_links":{"self":[{"href":"https:\/\/www.europesays.com\/fr\/wp-json\/wp\/v2\/posts\/561945","targetHints":{"allow":["GET"]}}],"collection":[{"href":"https:\/\/www.europesays.com\/fr\/wp-json\/wp\/v2\/posts"}],"about":[{"href":"https:\/\/www.europesays.com\/fr\/wp-json\/wp\/v2\/types\/post"}],"author":[{"embeddable":true,"href":"https:\/\/www.europesays.com\/fr\/wp-json\/wp\/v2\/users\/2"}],"replies":[{"embeddable":true,"href":"https:\/\/www.europesays.com\/fr\/wp-json\/wp\/v2\/comments?post=561945"}],"version-history":[{"count":0,"href":"https:\/\/www.europesays.com\/fr\/wp-json\/wp\/v2\/posts\/561945\/revisions"}],"wp:featuredmedia":[{"embeddable":true,"href":"https:\/\/www.europesays.com\/fr\/wp-json\/wp\/v2\/media\/561946"}],"wp:attachment":[{"href":"https:\/\/www.europesays.com\/fr\/wp-json\/wp\/v2\/media?parent=561945"}],"wp:term":[{"taxonomy":"category","embeddable":true,"href":"https:\/\/www.europesays.com\/fr\/wp-json\/wp\/v2\/categories?post=561945"},{"taxonomy":"post_tag","embeddable":true,"href":"https:\/\/www.europesays.com\/fr\/wp-json\/wp\/v2\/tags?post=561945"}],"curies":[{"name":"wp","href":"https:\/\/api.w.org\/{rel}","templated":true}]}}