{"id":56195,"date":"2025-04-27T06:32:08","date_gmt":"2025-04-27T06:32:08","guid":{"rendered":"https:\/\/www.europesays.com\/fr\/56195\/"},"modified":"2025-04-27T06:32:08","modified_gmt":"2025-04-27T06:32:08","slug":"un-diner-dans-un-restaurant-avec-des-inconnus","status":"publish","type":"post","link":"https:\/\/www.europesays.com\/fr\/56195\/","title":{"rendered":"un d\u00eener dans un restaurant avec des inconnus"},"content":{"rendered":"<p>            Par<br \/>\n        <strong><br \/>\n            <a href=\"https:\/\/actu.fr\/auteur\/ugo-maillard\" title=\"Consulter tous les articles de Ugo Maillard\" rel=\"nofollow noopener\" target=\"_blank\">Ugo Maillard<\/a><br \/>\n        <\/strong><\/p>\n<p>        Publi\u00e9 le<\/p>\n<p>            27 avr. 2025 \u00e0 8h06        <\/p>\n<p>Une exp\u00e9rience unique et in\u00e9dite. La soci\u00e9t\u00e9 Dixner vient de d\u00e9barquer \u00e0 Nice (<a href=\"https:\/\/actu.fr\/provence-alpes-cote-d-azur\/alpes-maritimes_06\" rel=\"nofollow noopener\" target=\"_blank\">Alpes-Maritimes<\/a>) avec un concept tr\u00e8s particulier.<\/p>\n<p class=\" wall-content\">Organis\u00e9 un repas dans un restaurant avec <strong>dix personnes<\/strong> qui ne se connaissent ni d\u2019Eve ni d\u2019Adam. Une mani\u00e8re de rencontre de nouvelles personnes dans un cadre propice aux discussions.<\/p>\n<p class=\" wall-content\">Lanc\u00e9 <strong>depuis le vendredi 18\u00a0avril <\/strong>2025 \u00e0 Nice, ce concept cartonne en France. Voici tout ce qu\u2019il faut savoir sur ces repas entre inconnus.<\/p>\n<p>De nouveaux repas \u00e0 Nice<\/p>\n<p class=\" wall-content\">Nice a \u00e9t\u00e9 ajout\u00e9e \u00e0 la longue liste de villes de Dixner en raison de <strong>nombreuses demandes<\/strong> sur les r\u00e9seaux sociaux.<\/p>\n<p class=\" wall-content\">Un premier d\u00eener a donc \u00e9t\u00e9 organis\u00e9 le vendredi 18\u00a0avril aux restaurants les \u00c9picuriens. \u00ab\u2009Un succ\u00e8s\u2009\u00bb pour la pr\u00e9sidente de l\u2019entreprise puisque de \u00ab\u2009nouvelles inscriptions ont \u00e9t\u00e9 enregistr\u00e9es d\u00e8s le lendemain\u2009\u00bb.<\/p>\n<p>Vid\u00e9os : en ce moment sur Actu<\/p>\n<p class=\" wall-content\">Pour participer, il faut s\u2019inscrire sur le <a href=\"https:\/\/www.dixnerclub.com\/\" rel=\"nofollow noopener\" target=\"_blank\">site Internet<\/a> de Dixner et r\u00e9pondre \u00e0 un questionnaire de 20 questions. \u00ab\u2009L\u2019algorithme va matcher les personnes en fonction de la compl\u00e9mentarit\u00e9\u2009\u00bb, explique Astrid Beaufils, pr\u00e9sidente de Dixner.<\/p>\n<blockquote class=\"ac-article-quote wall-content\">\n<p>La tranche d&rsquo;\u00e2ge des participants est similaire, mais le but est de m\u00e9langer une professeure, un militaire et pilote de ligne.\u00a0<\/p>\n<p>    <strong>Astrid Beaufils<\/strong><br \/>\n        Pr\u00e9sidente de Dixner    <\/p><\/blockquote>\n<p>Des nouveaux repas en pr\u00e9paration<\/p>\n<p class=\" wall-content\">L\u2019entreprise ne se fixe aucun objectif comptable en termes de repas organis\u00e9s, mais imagine <strong>deux nouvelles rencontres<\/strong> avec dix inconnus en mai et en juin.<\/p>\n<p class=\" wall-content\">Pour ce qui est des restaurants, les tables ne sont pas connues \u00e0 l\u2019avance par les participants.<\/p>\n<blockquote class=\"ac-article-quote wall-content\">\n<p>Le Dixner est une exp\u00e9rience culinaire et sociale unique o\u00f9 dix convives se rencontrent dans la salle privative d&rsquo;un restaurant pour partager un repas complet, incluant un ap\u00e9ritif, vin, entr\u00e9e, plat et dessert.<\/p>\n<p>    <strong>Organisation de Dixner<\/strong>\n            <\/p><\/blockquote>\n<p class=\" wall-content\">Pour participer \u00e0 ce repas, il faut d\u00e9bourser la somme de <strong>80\u00a0euros par personne<\/strong>.<\/p>\n<p class=\" wall-content\">Une autre formule existe pour les plus petits budgets\u2009: \u00ab\u200910 convives qui se rejoignent autour d\u2019un verre offert pour 19\u00a0euros, une formule plus abordable\u2009\u00bb, selon la pr\u00e9sidente de Dixner.<\/p>\n<p>D\u2019autres villes proches de Nice\u2009?<\/p>\n<p class=\" wall-content\">Astrid Beaufils confie \u00e0 actu Nice que l\u2019entreprise planche sur une ouverture dans plusieurs villes de la C\u00f4te d\u2019Azur. \u00ab\u2009Nous r\u00e9fl\u00e9chissions \u00e0 organiser des d\u00eeners \u00e0 Monaco, Cannes, Toulon et Antibes, mais nous prendrons le temps.\u2009\u00bb<\/p>\n<p class=\" wall-content\">\u00c0 noter que Dixner compte 15\u2009000 membres en France \u00e0 travers 56 villes dont Paris, Marseille ou encore Nantes,<\/p>\n<p class=\" wall-content\">Suivez toute l\u2019actualit\u00e9 de vos villes et m\u00e9dias favoris en vous inscrivant \u00e0 <a href=\"https:\/\/moncompte.actu.fr\" title=\"D\u00e9couvez Mon Actu\" rel=\"nofollow noopener\" data-trk=\"{&quot;cta&quot;:{&quot;action&quot;:&quot;https:\\\/\\\/moncompte.actu.fr&quot;,&quot;category&quot;:&quot;mon compte&quot;,&quot;from&quot;:&quot;article footer&quot;,&quot;name&quot;:&quot;Mon actu&quot;,&quot;type&quot;:&quot;cta&quot;}}\" target=\"_blank\">Mon Actu<\/a>.<\/p>\n","protected":false},"excerpt":{"rendered":"Par Ugo Maillard Publi\u00e9 le 27 avr. 2025 \u00e0 8h06 Une exp\u00e9rience unique et in\u00e9dite. La soci\u00e9t\u00e9 Dixner&hellip;\n","protected":false},"author":2,"featured_media":56196,"comment_status":"","ping_status":"","sticky":false,"template":"","format":"standard","meta":{"footnotes":""},"categories":[2819],"tags":[1111,11,1777,674,1011,27,1757,12,2401,882,25,1340],"class_list":{"0":"post-56195","1":"post","2":"type-post","3":"status-publish","4":"format-standard","5":"has-post-thumbnail","7":"category-nice","8":"tag-actu","9":"tag-actualites","10":"tag-eu","11":"tag-europe","12":"tag-fr","13":"tag-france","14":"tag-insolite","15":"tag-news","16":"tag-nice","17":"tag-provence-alpes-cote-dazur","18":"tag-republique-francaise","19":"tag-restaurant"},"share_on_mastodon":{"url":"https:\/\/pubeurope.com\/@fr\/114408531191461062","error":""},"_links":{"self":[{"href":"https:\/\/www.europesays.com\/fr\/wp-json\/wp\/v2\/posts\/56195","targetHints":{"allow":["GET"]}}],"collection":[{"href":"https:\/\/www.europesays.com\/fr\/wp-json\/wp\/v2\/posts"}],"about":[{"href":"https:\/\/www.europesays.com\/fr\/wp-json\/wp\/v2\/types\/post"}],"author":[{"embeddable":true,"href":"https:\/\/www.europesays.com\/fr\/wp-json\/wp\/v2\/users\/2"}],"replies":[{"embeddable":true,"href":"https:\/\/www.europesays.com\/fr\/wp-json\/wp\/v2\/comments?post=56195"}],"version-history":[{"count":0,"href":"https:\/\/www.europesays.com\/fr\/wp-json\/wp\/v2\/posts\/56195\/revisions"}],"wp:featuredmedia":[{"embeddable":true,"href":"https:\/\/www.europesays.com\/fr\/wp-json\/wp\/v2\/media\/56196"}],"wp:attachment":[{"href":"https:\/\/www.europesays.com\/fr\/wp-json\/wp\/v2\/media?parent=56195"}],"wp:term":[{"taxonomy":"category","embeddable":true,"href":"https:\/\/www.europesays.com\/fr\/wp-json\/wp\/v2\/categories?post=56195"},{"taxonomy":"post_tag","embeddable":true,"href":"https:\/\/www.europesays.com\/fr\/wp-json\/wp\/v2\/tags?post=56195"}],"curies":[{"name":"wp","href":"https:\/\/api.w.org\/{rel}","templated":true}]}}