{"id":561951,"date":"2025-11-27T09:28:15","date_gmt":"2025-11-27T09:28:15","guid":{"rendered":"https:\/\/www.europesays.com\/fr\/561951\/"},"modified":"2025-11-27T09:28:15","modified_gmt":"2025-11-27T09:28:15","slug":"un-ancien-coureur-de-la-movistar-condamne-a-monaco-pour-conduite-en-etat-divresse","status":"publish","type":"post","link":"https:\/\/www.europesays.com\/fr\/561951\/","title":{"rendered":"un ancien coureur de la Movistar\u00a0condamn\u00e9 \u00e0 Monaco pour conduite en \u00e9tat d\u2019ivresse"},"content":{"rendered":"<p>Une dr\u00f4le de journ\u00e9e pour Fernando Gaviria. Ce\u00a0mardi, le Columbien s&rsquo;est officiellement engag\u00e9 en Pro Team avec\u00a0Caja Rural-Seguros RGA, alors qu&rsquo;il venait\u00a0d&rsquo;\u00eatre condamn\u00e9 \u00e0 deux mois de prison avec sursis pour conduite en \u00e9tat d&rsquo;ivresse dans la Principaut\u00e9.\u00a0<\/p>\n<p><a href=\"https:\/\/www.nicematin.com\/societe\/justice\/un-cycliste-professionnel-juge-pour-alcool-au-volant-a-monaco-10658112\" target=\"_blank\" rel=\"noopener\">Selon les informations de Monaco-Matin, <\/a>le sprinteur colombien de 31 ans, <a href=\"https:\/\/www.ledauphine.com\/sport\/2022\/10\/19\/gaviria-quitte-uae-pour-la-movistar\" target=\"_blank\" rel=\"noopener\">pass\u00e9 par la Movistar,<\/a> comparaissait cette semaine au tribunal correctionnel de Monaco pour \u00ab\u00a0une conduite sous l\u2019empire d\u2019un \u00e9tat alcoolique\u00bb, pour des faits remontant aux 22 octobre dernier.\u00a0<\/p>\n<p>\u00ab Vous pr\u00e9sentez alors les signes de l\u2019ivresse et les policiers mesurent un taux de 1,18 mg\/l d\u2019air expir\u00e9, soit environ 2,40 grammes par litre de sang \u00bb, d\u00e9crit Florestan Bellinzona, le pr\u00e9sident du tribunal, par des propos rapport\u00e9s par Monaco-Matin avant d&rsquo;ajouter\u00a0: \u00ab Vous \u00eates \u00e0 un ou deux verres du coma. Vous \u00eates un danger public. \u00bb<\/p>\n<p>Ce contenu est bloqu\u00e9 car vous n&rsquo;avez pas accept\u00e9 les cookies et autres traceurs.<\/p>\n<p>En cliquant sur \u00ab J\u2019accepte \u00bb, les cookies et autres traceurs seront d\u00e9pos\u00e9s et vous pourrez visualiser les contenus  (<a href=\"\" class=\"consentModule_policy\" target=\"_blank\" title=\"Consulter la politique de protection des donn\u00e9es du fournisseur\">plus d&rsquo;informations<\/a>).<\/p>\n<p>En cliquant sur \u00ab J\u2019accepte tous les cookies \u00bb, vous autorisez des d\u00e9p\u00f4ts de cookies et autres traceurs pour le stockage de vos donn\u00e9es sur nos sites et applications \u00e0 des fins de personnalisation et de ciblage publicitaire.<\/p>\n<p class=\"consentModule_secondaryText\">Vous gardez la possibilit\u00e9 de retirer votre consentement \u00e0 tout moment en consultant notre <a href=\"https:\/\/www.ledauphine.com\/protection-des-donnees\" target=\"_blank\" title=\"Consulter notre politique de protection des donn\u00e9es\" rel=\"noopener\">politique de protection des donn\u00e9es<\/a>. <br \/>&#13;<br \/>\n            <a href=\"https:\/\/www.ledauphine.com\/sport\/2025\/11\/26\/javascript:Didomi.notice.show()\" class=\"consentModule_cmp\" target=\"_blank\" rel=\"noopener\">G\u00e9rer mes choix<\/a>&#13;\n        <\/p>\n<p>&#13;<br \/>\n                        J&rsquo;accepte&#13;<br \/>\n            J&rsquo;accepte tous les cookies&#13;\n        <\/p>\n<p>  \u00ab\u00a0C\u2019\u00e9tait une faute de ma part\u00a0\u00bb<\/p>\n<p><a href=\"https:\/\/www.ledauphine.com\/sport\/2023\/04\/30\/le-maillot-jaune-pour-adam-yates-la-derniere-etape-pour-fernando-gaviria\" target=\"_blank\" rel=\"noopener\">Le septuple vainqueur d&rsquo;\u00e9tape en Grand Tour<\/a> a reconnu les faits : \u00ab\u00a0J\u2019ai dormi quelques heures avant de sortir. Je me suis senti de prendre ma voiture. Avec le recul, oui, ce n\u2019\u00e9tait pas le cas. C\u2019\u00e9tait une faute de ma part, je ne la referai plus. \u00bb\u00a0<\/p>\n<p>Gaviria a donc \u00e9t\u00e9 santcionn\u00e9 d&rsquo;une peine de deux mois de prison avec sursis, d&rsquo;une amende de 5000 \u20ac, d&rsquo;une interdiction de conduire de deux ans \u00e0 Monaco et trois amendes suppl\u00e9mentaires.<\/p>\n","protected":false},"excerpt":{"rendered":"Une dr\u00f4le de journ\u00e9e pour Fernando Gaviria. Ce\u00a0mardi, le Columbien s&rsquo;est officiellement engag\u00e9 en Pro Team avec\u00a0Caja Rural-Seguros&hellip;\n","protected":false},"author":2,"featured_media":561952,"comment_status":"","ping_status":"","sticky":false,"template":"","format":"standard","meta":{"footnotes":""},"categories":[1411],"tags":[1154,207,1701,1011,27,517,1947,60],"class_list":{"0":"post-561951","1":"post","2":"type-post","3":"status-publish","4":"format-standard","5":"has-post-thumbnail","7":"category-cyclisme","8":"tag-cycling","9":"tag-cyclisme","10":"tag-fil-info-sport","11":"tag-fr","12":"tag-france","13":"tag-sport","14":"tag-sport-national","15":"tag-sports"},"share_on_mastodon":{"url":"https:\/\/pubeurope.com\/@fr\/115620957880909983","error":""},"_links":{"self":[{"href":"https:\/\/www.europesays.com\/fr\/wp-json\/wp\/v2\/posts\/561951","targetHints":{"allow":["GET"]}}],"collection":[{"href":"https:\/\/www.europesays.com\/fr\/wp-json\/wp\/v2\/posts"}],"about":[{"href":"https:\/\/www.europesays.com\/fr\/wp-json\/wp\/v2\/types\/post"}],"author":[{"embeddable":true,"href":"https:\/\/www.europesays.com\/fr\/wp-json\/wp\/v2\/users\/2"}],"replies":[{"embeddable":true,"href":"https:\/\/www.europesays.com\/fr\/wp-json\/wp\/v2\/comments?post=561951"}],"version-history":[{"count":0,"href":"https:\/\/www.europesays.com\/fr\/wp-json\/wp\/v2\/posts\/561951\/revisions"}],"wp:featuredmedia":[{"embeddable":true,"href":"https:\/\/www.europesays.com\/fr\/wp-json\/wp\/v2\/media\/561952"}],"wp:attachment":[{"href":"https:\/\/www.europesays.com\/fr\/wp-json\/wp\/v2\/media?parent=561951"}],"wp:term":[{"taxonomy":"category","embeddable":true,"href":"https:\/\/www.europesays.com\/fr\/wp-json\/wp\/v2\/categories?post=561951"},{"taxonomy":"post_tag","embeddable":true,"href":"https:\/\/www.europesays.com\/fr\/wp-json\/wp\/v2\/tags?post=561951"}],"curies":[{"name":"wp","href":"https:\/\/api.w.org\/{rel}","templated":true}]}}