{"id":561953,"date":"2025-11-27T09:29:14","date_gmt":"2025-11-27T09:29:14","guid":{"rendered":"https:\/\/www.europesays.com\/fr\/561953\/"},"modified":"2025-11-27T09:29:14","modified_gmt":"2025-11-27T09:29:14","slug":"asse-un-ancien-de-lol-se-sert-des-verts-pour-taper-sur-les-supporters-lyonnais","status":"publish","type":"post","link":"https:\/\/www.europesays.com\/fr\/561953\/","title":{"rendered":"ASSE : un ancien de l&rsquo;OL se sert des Verts pour taper sur les supporters lyonnais"},"content":{"rendered":"<p><strong>Dans une r\u00e9cente interview, Sidney Govou a \u00e9voqu\u00e9 le derby entre l\u2019ASSE et l\u2019OL\u2026 avec une petite pique pour certains supporters lyonnais.<\/strong><\/p>\n<p>Le Rh\u00f4ne bouillonne \u00e0 nouveau dans le c\u0153ur des passionn\u00e9s de football. Sidney Govou, figure incontournable de l\u2019Olympique Lyonnais et consultant tr\u00e8s \u00e9cout\u00e9, ne cache pas son v\u0153u le plus cher : revoir l\u2019AS Saint-\u00c9tienne en Ligue 1, pour r\u00e9veiller la magie du derby et l\u2019\u00e9motion unique qui accompagne ce choc r\u00e9gional. \u00c0 une \u00e9poque o\u00f9 l\u2019ASSE bataille en Ligue 2, la d\u00e9claration puissante de Govou r\u00e9sonne comme un coup de projecteur sur l\u2019importance d\u2019une rivalit\u00e9 qu\u2019aucun supporter n\u2019a oubli\u00e9e.<\/p>\n<p>Sidney Govou, symbole d\u2019attachement \u00e0 l\u2019OL<\/p>\n<p>Ic\u00f4ne de l\u2019OL durant onze saisons, <a href=\"https:\/\/www.butfootballclub.fr\/1630794-rc-lens-une-legende-de-lol-insultee-par-les-supporters-scandale-a-bollaert\/\" rel=\"noreferrer noopener\" target=\"_blank\">Sidney Govou<\/a> incarne \u00e0 lui seul une g\u00e9n\u00e9ration dor\u00e9e, celle des sept titres cons\u00e9cutifs en Ligue 1. Joueur rapide, technique, tant\u00f4t ailier virevoltant, tant\u00f4t combattant de l\u2019ombre, il a marqu\u00e9 les esprits sur la pelouse de Gerland comme ailleurs. Consultant respect\u00e9, il n\u2019h\u00e9site jamais \u00e0 prendre position lorsque le football et ses racines sont en jeu. D\u2019ailleurs, il s\u2019est r\u00e9cemment confi\u00e9 sur une \u00e9preuve personnelle qui aurait pu bouleverser sa carri\u00e8re, r\u00e9v\u00e9lant qu\u2019il avait <a href=\"https:\/\/www.cnews.fr\/sport\/2025-11-24\/cela-sest-joue-de-peu-lancien-international-francais-sidney-govou-failli-etre\" rel=\"noreferrer noopener\" target=\"_blank\">failli \u00eatre amput\u00e9 de la jambe gauche<\/a>.<\/p>\n<p>Pourquoi le derby OL-ASSE manque au football fran\u00e7ais<\/p>\n<p>Chaque rencontre entre l\u2019OL et l\u2019ASSE <a href=\"https:\/\/www.butfootballclub.fr\/626326-asse-ol-le-verdict-est-tombe-pour-les-deux-supporters-auteurs-du-jet-de-piece-sur-larbitre\/\" rel=\"noreferrer noopener\" target=\"_blank\">d\u00e9passe le simple cadre sportif<\/a>. Le derby du Rh\u00f4ne est bien plus qu\u2019un match, c\u2019est une histoire dans l\u2019Histoire, une rivalit\u00e9 centenaire, symbole de tensions, de fiert\u00e9s locales et d\u2019instants incandescents sur et en dehors du terrain. L\u2019absence de l\u2019ASSE en Ligue 1 prive tout un football fran\u00e7ais de ces affrontements bouillants, capables de mobiliser une r\u00e9gion enti\u00e8re et de susciter l\u2019adr\u00e9naline chez les joueurs. Pour beaucoup, l\u2019attente de ce rendez-vous mythique demeure vive, v\u00e9ritable rendez-vous de la passion populaire.<\/p>\n<p>Une d\u00e9claration entre rivalit\u00e9 et respect<\/p>\n<p>La derni\u00e8re prise de parole de Sidney Govou, pour <a href=\"https:\/\/www.leparisien.fr\/sports\/football\/jai-failli-etre-ampute-de-la-jambe-gauche-la-revelation-incroyable-de-sidney-govou-sur-sa-fin-de-carriere-24-11-2025-7U2D6KHM6FBOHNNL6NHND5WBK4.php\" rel=\"noreferrer noopener\" target=\"_blank\">Le Parisien<\/a>, a le m\u00e9rite de bousculer les dogmes, avec une petite pique \u00e0 une certaine partie des supporters lyonnais : \u00ab J\u2019aimerais vraiment que les Verts remontent pour rejouer un derby. Les Lyonnais qui se r\u00e9jouissent de les voir en Ligue 2 n\u2019aiment pas vraiment le foot. \u00bb Cette confession dit tout du respect, m\u00eal\u00e9 d\u2019adversit\u00e9, qu\u2019il porte \u00e0 l\u2019AS Saint-\u00c9tienne. Govou admet la difficult\u00e9 d\u2019\u00e9prouver un enthousiasme d\u00e9bordant pour le grand rival mais reconna\u00eet aussi que, sans l\u2019ASSE, quelque chose manque \u00e0 l\u2019OL, et plus largement, au paysage du foot hexagonal.<\/p>\n<p>Les supporters des Verts toujours au top en Ligue 2<\/p>\n<p>Si le Chaudron ne r\u00e9sonne plus au rythme de la Ligue 1, il continue de vibrer chaque week-end en Ligue 2. Les supporters st\u00e9phanois, fid\u00e8les malgr\u00e9 la descente, remplissent le stade et entretiennent la flamme d\u2019un g\u00e9ant endormi. L\u2019enjeu sportif de la remont\u00e9e va bien au-del\u00e0 du classement : il s\u2019agit de redonner au championnat l\u2019un de ses chocs les plus l\u00e9gendaires. L\u2019OL et l\u2019ASSE n\u2019attendent qu\u2019une \u00e9tincelle pour raviver la rivalit\u00e9 : la parole de Govou en offre l\u2019avant-go\u00fbt.<\/p>\n","protected":false},"excerpt":{"rendered":"Dans une r\u00e9cente interview, Sidney Govou a \u00e9voqu\u00e9 le derby entre l\u2019ASSE et l\u2019OL\u2026 avec une petite pique&hellip;\n","protected":false},"author":2,"featured_media":561954,"comment_status":"","ping_status":"","sticky":false,"template":"","format":"standard","meta":{"footnotes":""},"categories":[1410],"tags":[11,448,63,1011,27,66,3388,12,60,10662],"class_list":{"0":"post-561953","1":"post","2":"type-post","3":"status-publish","4":"format-standard","5":"has-post-thumbnail","7":"category-football","8":"tag-actualites","9":"tag-champions-league","10":"tag-football","11":"tag-fr","12":"tag-france","13":"tag-ligue-1","14":"tag-matchs","15":"tag-news","16":"tag-sports","17":"tag-transferts"},"share_on_mastodon":{"url":"https:\/\/pubeurope.com\/@fr\/115620961663409484","error":""},"_links":{"self":[{"href":"https:\/\/www.europesays.com\/fr\/wp-json\/wp\/v2\/posts\/561953","targetHints":{"allow":["GET"]}}],"collection":[{"href":"https:\/\/www.europesays.com\/fr\/wp-json\/wp\/v2\/posts"}],"about":[{"href":"https:\/\/www.europesays.com\/fr\/wp-json\/wp\/v2\/types\/post"}],"author":[{"embeddable":true,"href":"https:\/\/www.europesays.com\/fr\/wp-json\/wp\/v2\/users\/2"}],"replies":[{"embeddable":true,"href":"https:\/\/www.europesays.com\/fr\/wp-json\/wp\/v2\/comments?post=561953"}],"version-history":[{"count":0,"href":"https:\/\/www.europesays.com\/fr\/wp-json\/wp\/v2\/posts\/561953\/revisions"}],"wp:featuredmedia":[{"embeddable":true,"href":"https:\/\/www.europesays.com\/fr\/wp-json\/wp\/v2\/media\/561954"}],"wp:attachment":[{"href":"https:\/\/www.europesays.com\/fr\/wp-json\/wp\/v2\/media?parent=561953"}],"wp:term":[{"taxonomy":"category","embeddable":true,"href":"https:\/\/www.europesays.com\/fr\/wp-json\/wp\/v2\/categories?post=561953"},{"taxonomy":"post_tag","embeddable":true,"href":"https:\/\/www.europesays.com\/fr\/wp-json\/wp\/v2\/tags?post=561953"}],"curies":[{"name":"wp","href":"https:\/\/api.w.org\/{rel}","templated":true}]}}