{"id":561955,"date":"2025-11-27T09:30:21","date_gmt":"2025-11-27T09:30:21","guid":{"rendered":"https:\/\/www.europesays.com\/fr\/561955\/"},"modified":"2025-11-27T09:30:21","modified_gmt":"2025-11-27T09:30:21","slug":"le-cnc-alerte-sur-la-sous-representation-des-realisatrices-dans-le-cinema-francais","status":"publish","type":"post","link":"https:\/\/www.europesays.com\/fr\/561955\/","title":{"rendered":"Le CNC alerte sur la sous-repr\u00e9sentation des r\u00e9alisatrices dans le cin\u00e9ma fran\u00e7ais"},"content":{"rendered":"<p>\n    Un rapport publi\u00e9 par le Centre National de la cin\u00e9matographie, le 26 novembre, indique que seulement 62 films hexagonaux ont \u00e9t\u00e9 r\u00e9alis\u00e9s ou cor\u00e9alis\u00e9s par des femmes en 2024.<\/p>\n<p class=\"fig-paragraph\">La part de\u00a0<a href=\"http:\/\/www.lefigaro.fr\/cinema\/ceremonie-cesar\/cesar-2024-avec-anatomie-d-une-chute-justine-triet-est-la-deuxieme-femme-a-etre-sacree-meilleure-realisatrice-20240224\" data-fig-type=\"NewsFlash\" data-gtm-custom-categorie=\"navigation\" data-gtm-custom-action=\"crossclick\" data-gtm-custom-label=\"Contextuel\" data-gtm-event=\"customEventSPE\" data-fig-domain=\"LEFIGARO\" target=\"_blank\" rel=\"noopener\">femmes r\u00e9alisatrices<\/a>\u00a0de films en France recule encore et atteint son niveau le plus bas en cinq ans, selon des chiffres publi\u00e9s mercredi par le\u00a0<a href=\"http:\/\/www.lefigaro.fr\/culture\/gaetan-bruel-le-directeur-de-cabinet-de-rachida-dati-est-nomme-directeur-du-centre-national-du-cinema-20250205\" data-fig-type=\"Article\" data-gtm-custom-categorie=\"navigation\" data-gtm-custom-action=\"crossclick\" data-gtm-custom-label=\"Contextuel\" data-gtm-event=\"customEventSPE\" data-fig-domain=\"LEFIGARO\" target=\"_blank\" rel=\"noopener\">Centre national du cin\u00e9ma<\/a>\u00a0(CNC), qui y voit un \u00ab\u00a0signal inqui\u00e9tant\u00a0\u00bb pour la parit\u00e9. Au total, 62 films d&rsquo;initiative fran\u00e7aise ont \u00e9t\u00e9 r\u00e9alis\u00e9s ou cor\u00e9alis\u00e9s par des femmes en 2024, contre 64 l&rsquo;ann\u00e9e pr\u00e9c\u00e9dente et 69 en 2022. Cela repr\u00e9sente moins du quart (24,2\u00a0%) de toute la production cin\u00e9matographique fran\u00e7aise de l&rsquo;ann\u00e9e, la proportion la plus basse depuis 2019.<\/p>\n<p class=\"fig-paragraph\">L&rsquo;observatoire de l&rsquo;\u00e9galit\u00e9 femmes-hommes mis en place par le CNC soul\u00e8ve par ailleurs que pr\u00e8s de 70\u00a0% des films en 2024 ont \u00e9t\u00e9 pilot\u00e9s par une \u00e9quipe \u00e0 \u00ab\u00a0large majorit\u00e9 (plus de 60\u00a0%) d&rsquo;hommes aux postes cl\u00e9s\u00a0\u00bb. Huit productions comportaient uniquement des hommes aux commandes. L&rsquo;auteur principale de l&rsquo;\u00e9tude, C\u00e9cile Lacoue, rel\u00e8ve par ailleurs que les femmes r\u00e9alisatrices ont davantage tendance \u00e0 donner des postes cl\u00e9s \u00e0 d&rsquo;autres femmes. \u00ab\u00a0Il y a une corr\u00e9lation forte\u00a0\u00bb, a-t-elle expliqu\u00e9 en pr\u00e9sentant les donn\u00e9es. Cette diminution de la proportion de femmes r\u00e9alisatrices est un \u00ab\u00a0signal inqui\u00e9tant, il faut \u00eatre vigilants\u00a0\u00bb, a-t-elle estim\u00e9.<\/p>\n<p>                                    <a class=\"fig-a11y-skip a11y-hidden\" href=\"#fig-a11y-skip-main-inarticle\"><br \/>\n        Passer la publicit\u00e9<br \/>\n    <\/a><\/p>\n<p>\u00ab\u00a0Les chiffres stagnent\u00a0\u00bb<\/p>\n<p class=\"fig-paragraph\">\u00ab\u00a0Il est donc temps de renouveler les outils qui, manifestement, s&rsquo;essoufflent. Le bonus parit\u00e9 qui a \u00e9t\u00e9 cr\u00e9\u00e9 en 2019 a fait bouger les lignes, c&rsquo;est incontestable. Mais aujourd&rsquo;hui, les chiffres stagnent\u00a0\u00bb, a d\u00e9taill\u00e9 le pr\u00e9sident du CNC, Ga\u00ebtan Bruel. Et d\u2019ajouter\u00a0:\u00a0\u00ab\u00a0Il faut r\u00e9fl\u00e9chir \u00e0 d&rsquo;autres moyens d&rsquo;agir.\u00a0\u00bb<\/p>\n<p class=\"fig-body-link\">\n            \u00c0 lire aussi<br \/>\n        <a class=\"fig-body-link__link fig-premium-mark\" href=\"http:\/\/www.lefigaro.fr\/cinema\/juliette-binoche-nina-meurisse-sara-forestier-comment-sandrine-rousseau-a-invite-metoo-a-l-assemblee-20250409\" target=\"_blank\" data-fig-type=\"Article\" rel=\"noopener\" data-gtm-custom-categorie=\"navigation\" data-gtm-custom-action=\"crossclick\" data-gtm-custom-label=\"Contextuel\" data-gtm-event=\"customEventSPE\" data-fig-domain=\"LEFIGARO\"><\/p>\n<p>        Juliette Binoche, Nina Meurisse, Sara Forestier\u2026 Comment Sandrine Rousseau a invit\u00e9 Metoo \u00e0 l\u2019Assembl\u00e9e<br \/>\n    <\/a>\n<\/p>\n<p class=\"fig-paragraph\">\u00ab\u00a0\u00c0 l\u2019inverse, c\u00f4t\u00e9 audiovisuel, on voit bien que les choses peuvent bouger tr\u00e8s vite quand un \u00e9cosyst\u00e8me joue vraiment le jeu\u00a0\u00bb, a-t-il continu\u00e9. L&rsquo;ann\u00e9e 2024 a marqu\u00e9 un record pour les femmes dans l&rsquo;audiovisuel, o\u00f9 elles ont \u00e9t\u00e9 les autrices de 44,1\u00a0% des programmes (hors feuilletons et formats courts de fiction) et en ont r\u00e9alis\u00e9 40,5\u00a0%.<\/p>\n","protected":false},"excerpt":{"rendered":"Un rapport publi\u00e9 par le Centre National de la cin\u00e9matographie, le 26 novembre, indique que seulement 62 films&hellip;\n","protected":false},"author":2,"featured_media":561956,"comment_status":"","ping_status":"","sticky":false,"template":"","format":"standard","meta":{"footnotes":""},"categories":[1359],"tags":[18894,58,59,1011,27,973,24188],"class_list":{"0":"post-561955","1":"post","2":"type-post","3":"status-publish","4":"format-standard","5":"has-post-thumbnail","7":"category-people","8":"tag-cnc","9":"tag-divertissement","10":"tag-entertainment","11":"tag-fr","12":"tag-france","13":"tag-people","14":"tag-realisatrice"},"share_on_mastodon":{"url":"https:\/\/pubeurope.com\/@fr\/115620965474895748","error":""},"_links":{"self":[{"href":"https:\/\/www.europesays.com\/fr\/wp-json\/wp\/v2\/posts\/561955","targetHints":{"allow":["GET"]}}],"collection":[{"href":"https:\/\/www.europesays.com\/fr\/wp-json\/wp\/v2\/posts"}],"about":[{"href":"https:\/\/www.europesays.com\/fr\/wp-json\/wp\/v2\/types\/post"}],"author":[{"embeddable":true,"href":"https:\/\/www.europesays.com\/fr\/wp-json\/wp\/v2\/users\/2"}],"replies":[{"embeddable":true,"href":"https:\/\/www.europesays.com\/fr\/wp-json\/wp\/v2\/comments?post=561955"}],"version-history":[{"count":0,"href":"https:\/\/www.europesays.com\/fr\/wp-json\/wp\/v2\/posts\/561955\/revisions"}],"wp:featuredmedia":[{"embeddable":true,"href":"https:\/\/www.europesays.com\/fr\/wp-json\/wp\/v2\/media\/561956"}],"wp:attachment":[{"href":"https:\/\/www.europesays.com\/fr\/wp-json\/wp\/v2\/media?parent=561955"}],"wp:term":[{"taxonomy":"category","embeddable":true,"href":"https:\/\/www.europesays.com\/fr\/wp-json\/wp\/v2\/categories?post=561955"},{"taxonomy":"post_tag","embeddable":true,"href":"https:\/\/www.europesays.com\/fr\/wp-json\/wp\/v2\/tags?post=561955"}],"curies":[{"name":"wp","href":"https:\/\/api.w.org\/{rel}","templated":true}]}}