{"id":561957,"date":"2025-11-27T09:32:13","date_gmt":"2025-11-27T09:32:13","guid":{"rendered":"https:\/\/www.europesays.com\/fr\/561957\/"},"modified":"2025-11-27T09:32:13","modified_gmt":"2025-11-27T09:32:13","slug":"casse-au-louvre-des-failles-potentielles-sur-la-securite-de-la-salle-apollon-revelees-en-2007-actualites","status":"publish","type":"post","link":"https:\/\/www.europesays.com\/fr\/561957\/","title":{"rendered":"Casse au Louvre : des failles potentielles sur la s\u00e9curit\u00e9 de la salle Apollon r\u00e9v\u00e9l\u00e9es\u2026 en 2007 : Actualit\u00e9s"},"content":{"rendered":"<p class=\"lead \"><strong>La vuln\u00e9rabilit\u00e9 de cette partie du mus\u00e9e du Louvre avait \u00e9t\u00e9 d\u00e9crite dans un rapport r\u00e9dig\u00e9 il y a 18 ans, selon les r\u00e9v\u00e9lations de RTL, jeudi 27 novembre.<\/strong><\/p>\n<p class=\"lead \">Plus d\u2019un mois apr\u00e8s le <a href=\"https:\/\/actu.orange.fr\/france\/casse-au-louvre-4-nouvelles-interpellations-dont-le-dernier-membre-presume-du-commando-magic-CNT000002lSCnq.html\" target=\"_blank\" rel=\"noopener\">cambriolage au Louvre<\/a>, les bijoux sont toujours recherch\u00e9s. Et les interrogations autour de la s\u00e9curit\u00e9 du c\u00e9l\u00e8bre mus\u00e9e parisien restent nombreuses. D\u2019apr\u00e8s les informations de <a href=\"https:\/\/www.rtl.fr\/actu\/justice-faits-divers\/info-rtl-cambriolage-au-louvre-un-rapport-alertait-des-2007-sur-les-vulnerabilites-de-la-salle-apollon-7900571472\" target=\"_blank\" rel=\"noopener\">RTL<\/a>, d\u00e9voil\u00e9es ce jeudi 27 novembre, un rapport de 2007 mettait en cause la vuln\u00e9rabilit\u00e9 de la salle Apollon. Cette partie du mus\u00e9e \u00e9tait jug\u00e9e \u00e0 \u201chaut risque\u201d, notamment pour \u201cintrusion pour vols d\u2019\u0153uvres d\u2019art\u201d. <\/p>\n<p class=\"lead \">La position du meuble vitrine, charg\u00e9 de pr\u00e9server les bijoux, juste \u00e0 c\u00f4t\u00e9 de la porte fen\u00eatre, qui a \u00e9t\u00e9 utilis\u00e9e par les cambrioleurs, est point\u00e9e du doigt. \u201cCette situation peut faciliter la r\u00e9alisation d\u2019actes de malveillance pendant la journ\u00e9e mais aussi durant les heures moins fr\u00e9quent\u00e9es\u201d, expliquait le rapport. Des doutes confirm\u00e9s, pr\u00e8s de 20 ans apr\u00e8s.  <\/p>\n<p class=\"lead \">\u201cLes nombreuses fen\u00eatres qui recouvrent le mur de la salle c\u00f4t\u00e9 ext\u00e9rieur-Seine peuvent \u00eatre un excellent vecteur d\u2019introduction \u00e0 l\u2019int\u00e9rieur du mus\u00e9e et plus pr\u00e9cis\u00e9ment dans la salle des diamants de la Couronne\u201d, indiquait aussi le rapport, d\u2019apr\u00e8s RTL. Ce dernier pr\u00e9conisait d\u2019ailleurs un transfert des joyaux dans une autre partie du Louvre. <\/p>\n<p>                                                                                                Des probl\u00e8mes aussi d\u00e9crits en 2018 <\/p>\n<p class=\"lead \">Selon <a href=\"https:\/\/www.lemonde.fr\/societe\/article\/2025\/11\/25\/cambriolage-du-louvre-le-document-oublie-qui-accable-le-musee_6654808_3224.html\" target=\"_blank\" rel=\"noopener\">Le Monde<\/a>, un audit de s\u00fbret\u00e9, r\u00e9alis\u00e9 en 2018, affirmait que le balcon donnant sur la galerie d\u2019Apollon \u00e9tait un \u201cpoint de vuln\u00e9rabilit\u00e9 majeur\u201d. Il expliquait \u00e9galement que l\u2019acc\u00e8s pouvait \u00eatre possible, via l\u2019utilisation d\u2019un monte-charge. La direction du Louvre a r\u00e9agi \u00e0 ces informations, assurant avoir \u00e9t\u00e9 mise au courant de l\u2019existence de cet audit apr\u00e8s le vol. \u201cCes documents n\u2019avaient pas \u00e9t\u00e9 communiqu\u00e9s lors du changement de direction, \u00e0 l\u2019automne 2021\u201d.  <\/p>\n<p class=\"lead \">L\u2019enqu\u00eate se poursuit. Quatre nouveaux suspects ont \u00e9t\u00e9 interpell\u00e9s mardi. L\u2019un d\u2019eux, soup\u00e7onn\u00e9 d\u2019avoir particip\u00e9 au vol du Louvre, a \u00e9t\u00e9 plac\u00e9 en garde \u00e0 vue, notamment pour \u201cvol en bande organis\u00e9e\u201d et \u201cassociation de malfaiteurs\u201d.<\/p>\n<p class=\"small font-weight-bold text-gray3 \"> publi\u00e9 le 27 novembre \u00e0 08h37, Baptiste Marin, 6Medias<\/p>\n<p>                             Partager<\/p>\n","protected":false},"excerpt":{"rendered":"La vuln\u00e9rabilit\u00e9 de cette partie du mus\u00e9e du Louvre avait \u00e9t\u00e9 d\u00e9crite dans un rapport r\u00e9dig\u00e9 il y&hellip;\n","protected":false},"author":2,"featured_media":561958,"comment_status":"","ping_status":"","sticky":false,"template":"","format":"standard","meta":{"footnotes":""},"categories":[1358],"tags":[1348,1384,1385,1386,58,59,1011,27],"class_list":{"0":"post-561957","1":"post","2":"type-post","3":"status-publish","4":"format-standard","5":"has-post-thumbnail","7":"category-arts-et-design","8":"tag-arts","9":"tag-arts-and-design","10":"tag-arts-et-design","11":"tag-design","12":"tag-divertissement","13":"tag-entertainment","14":"tag-fr","15":"tag-france"},"share_on_mastodon":{"url":"https:\/\/pubeurope.com\/@fr\/115620973309135127","error":""},"_links":{"self":[{"href":"https:\/\/www.europesays.com\/fr\/wp-json\/wp\/v2\/posts\/561957","targetHints":{"allow":["GET"]}}],"collection":[{"href":"https:\/\/www.europesays.com\/fr\/wp-json\/wp\/v2\/posts"}],"about":[{"href":"https:\/\/www.europesays.com\/fr\/wp-json\/wp\/v2\/types\/post"}],"author":[{"embeddable":true,"href":"https:\/\/www.europesays.com\/fr\/wp-json\/wp\/v2\/users\/2"}],"replies":[{"embeddable":true,"href":"https:\/\/www.europesays.com\/fr\/wp-json\/wp\/v2\/comments?post=561957"}],"version-history":[{"count":0,"href":"https:\/\/www.europesays.com\/fr\/wp-json\/wp\/v2\/posts\/561957\/revisions"}],"wp:featuredmedia":[{"embeddable":true,"href":"https:\/\/www.europesays.com\/fr\/wp-json\/wp\/v2\/media\/561958"}],"wp:attachment":[{"href":"https:\/\/www.europesays.com\/fr\/wp-json\/wp\/v2\/media?parent=561957"}],"wp:term":[{"taxonomy":"category","embeddable":true,"href":"https:\/\/www.europesays.com\/fr\/wp-json\/wp\/v2\/categories?post=561957"},{"taxonomy":"post_tag","embeddable":true,"href":"https:\/\/www.europesays.com\/fr\/wp-json\/wp\/v2\/tags?post=561957"}],"curies":[{"name":"wp","href":"https:\/\/api.w.org\/{rel}","templated":true}]}}