{"id":561963,"date":"2025-11-27T09:36:18","date_gmt":"2025-11-27T09:36:18","guid":{"rendered":"https:\/\/www.europesays.com\/fr\/561963\/"},"modified":"2025-11-27T09:36:18","modified_gmt":"2025-11-27T09:36:18","slug":"renaud-capucon-les-goldmen-et-bollywood-masala-le-programme-de-lespace-etincelle-en-decembre-a-bergerac","status":"publish","type":"post","link":"https:\/\/www.europesays.com\/fr\/561963\/","title":{"rendered":"Renaud Capu\u00e7on, les Goldmen et \u00ab\u00a0Bollywood Masala\u00a0\u00bb, le programme de l\u2019Espace \u00c9tincelle en d\u00e9cembre \u00e0 Bergerac"},"content":{"rendered":"<p>Dimanche\u00a07, \u00e0 17\u00a0h\u00a030, c\u2019est un concert d\u2019hommage \u00e0 Jean-Jacques Goldman et son inoubliable r\u00e9pertoire, qui attend le public, avec le \u00ab\u00a0Goldmen Tribute\u00a0\u00bb. Alain Stevez, sosie vocal du chanteur, emm\u00e8ne avec \u00e9nergie et d\u00e9votion son ensemble de six musiciens (tarifs\u00a0: entre 49 et 59\u00a0euros).<\/p>\n<p>Voyage \u00e0 Bollywood<\/p>\n<p>Dimanche 14\u00a0d\u00e9cembre, plong\u00e9e dans l\u2019incroyable univers du cin\u00e9ma indien, avec la com\u00e9die musicale \u00ab\u00a0Bollywood Masala\u00a0\u00bb. Un spectacle complet et d\u00e9paysant, pour d\u00e9couvrir ou red\u00e9couvrir la richesse de l\u2019industrie cin\u00e9matographique et de la culture indienne (tarifs\u00a0: entre 31\u00a0et 56\u00a0euros la place).<\/p>\n<p>Attention, les spectacles de Calogero (19\u00a0f\u00e9vrier) et Laura Laune (26\u00a0mars) sont complets. Pour ceux de Michael Gregorio (31\u00a0janvier), Le Lac des Cygnes (1er\u00a0mars), Irish Celtic (7\u00a0mars), et Garou (21\u00a0mars), il ne reste que quelques places disponibles.<\/p>\n","protected":false},"excerpt":{"rendered":"Dimanche\u00a07, \u00e0 17\u00a0h\u00a030, c\u2019est un concert d\u2019hommage \u00e0 Jean-Jacques Goldman et son inoubliable r\u00e9pertoire, qui attend le public,&hellip;\n","protected":false},"author":2,"featured_media":561964,"comment_status":"","ping_status":"","sticky":false,"template":"","format":"standard","meta":{"footnotes":""},"categories":[1354],"tags":[58,59,1346,1011,27,1360],"class_list":{"0":"post-561963","1":"post","2":"type-post","3":"status-publish","4":"format-standard","5":"has-post-thumbnail","7":"category-films","8":"tag-divertissement","9":"tag-entertainment","10":"tag-films","11":"tag-fr","12":"tag-france","13":"tag-movies"},"share_on_mastodon":{"url":"https:\/\/pubeurope.com\/@fr\/115620989112281483","error":""},"_links":{"self":[{"href":"https:\/\/www.europesays.com\/fr\/wp-json\/wp\/v2\/posts\/561963","targetHints":{"allow":["GET"]}}],"collection":[{"href":"https:\/\/www.europesays.com\/fr\/wp-json\/wp\/v2\/posts"}],"about":[{"href":"https:\/\/www.europesays.com\/fr\/wp-json\/wp\/v2\/types\/post"}],"author":[{"embeddable":true,"href":"https:\/\/www.europesays.com\/fr\/wp-json\/wp\/v2\/users\/2"}],"replies":[{"embeddable":true,"href":"https:\/\/www.europesays.com\/fr\/wp-json\/wp\/v2\/comments?post=561963"}],"version-history":[{"count":0,"href":"https:\/\/www.europesays.com\/fr\/wp-json\/wp\/v2\/posts\/561963\/revisions"}],"wp:featuredmedia":[{"embeddable":true,"href":"https:\/\/www.europesays.com\/fr\/wp-json\/wp\/v2\/media\/561964"}],"wp:attachment":[{"href":"https:\/\/www.europesays.com\/fr\/wp-json\/wp\/v2\/media?parent=561963"}],"wp:term":[{"taxonomy":"category","embeddable":true,"href":"https:\/\/www.europesays.com\/fr\/wp-json\/wp\/v2\/categories?post=561963"},{"taxonomy":"post_tag","embeddable":true,"href":"https:\/\/www.europesays.com\/fr\/wp-json\/wp\/v2\/tags?post=561963"}],"curies":[{"name":"wp","href":"https:\/\/api.w.org\/{rel}","templated":true}]}}