{"id":56197,"date":"2025-04-27T06:33:28","date_gmt":"2025-04-27T06:33:28","guid":{"rendered":"https:\/\/www.europesays.com\/fr\/56197\/"},"modified":"2025-04-27T06:33:28","modified_gmt":"2025-04-27T06:33:28","slug":"pres-de-nantes-cette-ville-va-pousser-les-murs-en-2025","status":"publish","type":"post","link":"https:\/\/www.europesays.com\/fr\/56197\/","title":{"rendered":"Pr\u00e8s de Nantes, cette ville va pousser les murs en 2025"},"content":{"rendered":"<p>            Par<br \/>\n        <strong><br \/>\n            <a href=\"https:\/\/actu.fr\/auteur\/journaliste-sm\" title=\"Consulter tous les articles de R\u00e9daction Clisson\" target=\"_blank\" rel=\"noopener\">R\u00e9daction Clisson<\/a><br \/>\n        <\/strong><\/p>\n<p>        Publi\u00e9 le<\/p>\n<p>            24 avr. 2025 \u00e0 22h46        <\/p>\n<p>Le premier projet \u00e9tait d\u00e9j\u00e0 dans les tuyaux. Il avait \u00e9t\u00e9 annonc\u00e9 en 2024. Les villes de Saint-S\u00e9bastien et <a href=\"https:\/\/actu.fr\/pays-de-la-loire\/basse-goulaine_44009\" target=\"_blank\" rel=\"noopener\"><b>Basse-Goulaine <\/b><\/a>ont en effet d\u00e9cid\u00e9<b> d\u2019agrandir la piscine So\u2019Pool, ouverte en 2013.<\/b> Il est pr\u00e9vu la <b>cr\u00e9ation d\u2019un bassin nordique chauff\u00e9 de 25\u00a0m\u00e8tres,<\/b> accessible par un sas en lien avec l\u2019actuel centre aquatique, avec six lignes d\u2019eau homologu\u00e9 dot\u00e9es de gradins pour 300\u00a0spectateurs, <b>un espace bien-\u00eatre de 170 m\u00b2,<\/b> et l\u2019am\u00e9nagement d\u2019un solarium privatif contigu. Il s\u2019ajoute \u00e0 l\u2019actuel bassin sportif de 25\u00a0m\u00e8tres, au bassin d\u2019apprentissage de 15\u00a0m\u00e8tres, un bassin ludique de 160 m\u00b2 et une lagune de jeux de 85 m\u00b2. Cet ensemble sera install\u00e9 sur l\u2019actuelle lagune qui a \u00e9t\u00e9 repositionn\u00e9e. L\u2019emprise n\u00e9cessaire pour ce projet est de 1\u2009645 m\u00b2.<\/p>\n<p>Agrandissement de la piscine\u2026<\/p>\n<p class=\" wall-content\"><b>Estim\u00e9 \u00e0 4,1\u00a0millions d\u2019euros<\/b>, cet investissement est port\u00e9 \u00e0 75\u2009% par Saint-S\u00e9bastien et 25\u2009% par Basse-Goulaine (prorata de la population des deux communes). Pour ce faire, le syndicat, constitu\u00e9 pour la gestion de So pool, a sollicit\u00e9 la M\u00e9tropole afin qu\u2019elle participe au financement de l\u2019op\u00e9ration. L\u2019agglom\u00e9ration a accept\u00e9 pour un montant total de 569\u2009583\u00a0\u20ac, r\u00e9parti aussi au prorata de leur population (425\u2009365\u00a0\u20ac pour Saint-S\u00e9bastien, 144\u2009218\u00a0\u20ac pour Basse-Goulaine).<\/p>\n<blockquote class=\"ac-article-quote wall-content\">\n<p>On peut constater que si le D\u00e9partement et la R\u00e9gion ont cess\u00e9 de verser des subventions, la M\u00e9tropole continue d\u2019assumer son r\u00f4le d\u2019accompagnement des collectivit\u00e9s.<\/p>\n<p>Alain Vey, le maire<\/p><\/blockquote>\n<p class=\" wall-content\">Lors d\u2019un r\u00e9cent conseil municipal, il a aussi indiqu\u00e9 avoir touch\u00e9 une subvention de pour la <b>v\u00e9g\u00e9talisation des cours du groupe scolaire du Grignon <\/b>au titre du fond de concours.<\/p>\n<p>Vid\u00e9os : en ce moment sur Actu\u2026 de l\u2019H\u00f4tel de ville et de Paul Bouin<\/p>\n<p class=\" wall-content\">Par ailleurs, les \u00e9lus ont valid\u00e9 \u00e0 l\u2019unanimit\u00e9 la candidature de cabinet d\u2019architecture <a href=\"https:\/\/www.dlw-architectes.fr\/\" target=\"_blank\" rel=\"noopener\">DLW Architectures<\/a> pour l\u2019agrandissement de l\u2019h\u00f4tel de ville, alors que la ville s\u2019appr\u00eate \u00e0 d\u00e9passer les 10\u2009000\u00a0habitants. <b>Une nouvelle surface ext\u00e9rieure de 128 m\u00b2<\/b> est envisag\u00e9e c\u00f4t\u00e9 ouest, avec la possibilit\u00e9 d\u2019\u00eatre dot\u00e9e d\u2019un \u00e9tage. Cet espace servira aux \u00e9lus puisque la salle du conseil municipal y d\u00e9m\u00e9nagera, ainsi que le monument aux morts. A<b> la place, une salle de repas pour les agents administratifs ainsi qu\u2019une salle de r\u00e9union pour accueillir les Goulainais vont voir le jour.<\/b> Le budget ma\u00eetrise d\u2019\u0153uvre de 57\u2009408\u00a0\u20ac a \u00e9t\u00e9 act\u00e9. Pour m\u00e9moire, l\u2019actuelle mairie a \u00e9t\u00e9 inaugur\u00e9e en 2012.<\/p>\n<p>      <img   decoding=\"async\" loading=\"lazy\" class=\"size-large\" src=\"https:\/\/www.europesays.com\/fr\/wp-content\/uploads\/2025\/04\/01f86ae595d7605f86ae595d729f86v-960x640.jpg\" alt=\"Le futur espace bien-\u00eatre\" width=\"960\" height=\"640\"\/><br \/>\n    Une vue du futur espace bien-\u00eatre de So\u2019Pool. \u00a9Mairie<\/p>\n<p class=\" wall-content\">Enfin, autre dossier d\u2019extension, celui de <a href=\"https:\/\/www.google.com\/maps\/place\/Salle+Paul+Bouin\/@47.218631,-1.467225,17z\/data=!3m1!4b1!4m6!3m5!1s0x4805e5ee6a701089:0xf4a4ae4e6835562e!8m2!3d47.2186274!4d-1.4646501!16s%2Fg%2F11c2kxmdt_?entry=ttu&amp;g_ep=EgoyMDI1MDQyMi4wIKXMDSoASAFQAw%3D%3D\" target=\"_blank\" rel=\"noopener\">la salle Paul Bouin<\/a> va \u00eatre relanc\u00e9. Lors du pr\u00e9c\u00e9dent mandat, le projet n\u2019avait pas pu se concr\u00e9tiser.<\/p>\n<blockquote class=\"ac-article-quote wall-content\">\n<p>Les errements financiers de la part du cabinet d\u2019architecture avaient fait exploser les budgets et pouss\u00e9 \u00e0 l\u2019abandon de ce dernier.<\/p>\n<p>Le maire Alain Vey<\/p><\/blockquote>\n<p class=\" wall-content\">Il avait promis de le reprendre. Les \u00e9lus ont retenu <a href=\"https:\/\/ascoreal.fr\/\" target=\"_blank\" rel=\"noopener\">le cabinet BET AscoaReal <\/a>qui a \u00e9t\u00e9 charg\u00e9 de l\u2019\u00e9laboration du programme technique pour un montant de 24\u2009875\u00a0\u20ac dans un d\u00e9lai de cinq mois.<\/p>\n<p class=\" wall-content\">Suivez toute l\u2019actualit\u00e9 de vos villes et m\u00e9dias favoris en vous inscrivant \u00e0 <a href=\"https:\/\/moncompte.actu.fr\" title=\"D\u00e9couvez Mon Actu\" rel=\"nofollow noopener\" data-trk=\"{&quot;cta&quot;:{&quot;action&quot;:&quot;https:\\\/\\\/moncompte.actu.fr&quot;,&quot;category&quot;:&quot;mon compte&quot;,&quot;from&quot;:&quot;article footer&quot;,&quot;name&quot;:&quot;Mon actu&quot;,&quot;type&quot;:&quot;cta&quot;}}\" target=\"_blank\">Mon Actu<\/a>.<\/p>\n","protected":false},"excerpt":{"rendered":"Par R\u00e9daction Clisson Publi\u00e9 le 24 avr. 2025 \u00e0 22h46 Le premier projet \u00e9tait d\u00e9j\u00e0 dans les tuyaux.&hellip;\n","protected":false},"author":2,"featured_media":56198,"comment_status":"","ping_status":"","sticky":false,"template":"","format":"standard","meta":{"footnotes":""},"categories":[2818],"tags":[1111,11,1003,1777,674,1011,27,766,12,2636,25,104,2086,2900],"class_list":{"0":"post-56197","1":"post","2":"type-post","3":"status-publish","4":"format-standard","5":"has-post-thumbnail","7":"category-nantes","8":"tag-actu","9":"tag-actualites","10":"tag-budget","11":"tag-eu","12":"tag-europe","13":"tag-fr","14":"tag-france","15":"tag-nantes","16":"tag-news","17":"tag-pays-de-la-loire","18":"tag-republique-francaise","19":"tag-societe","20":"tag-travaux","21":"tag-vignoble-nantais"},"share_on_mastodon":{"url":"https:\/\/pubeurope.com\/@fr\/114408535078368931","error":""},"_links":{"self":[{"href":"https:\/\/www.europesays.com\/fr\/wp-json\/wp\/v2\/posts\/56197","targetHints":{"allow":["GET"]}}],"collection":[{"href":"https:\/\/www.europesays.com\/fr\/wp-json\/wp\/v2\/posts"}],"about":[{"href":"https:\/\/www.europesays.com\/fr\/wp-json\/wp\/v2\/types\/post"}],"author":[{"embeddable":true,"href":"https:\/\/www.europesays.com\/fr\/wp-json\/wp\/v2\/users\/2"}],"replies":[{"embeddable":true,"href":"https:\/\/www.europesays.com\/fr\/wp-json\/wp\/v2\/comments?post=56197"}],"version-history":[{"count":0,"href":"https:\/\/www.europesays.com\/fr\/wp-json\/wp\/v2\/posts\/56197\/revisions"}],"wp:featuredmedia":[{"embeddable":true,"href":"https:\/\/www.europesays.com\/fr\/wp-json\/wp\/v2\/media\/56198"}],"wp:attachment":[{"href":"https:\/\/www.europesays.com\/fr\/wp-json\/wp\/v2\/media?parent=56197"}],"wp:term":[{"taxonomy":"category","embeddable":true,"href":"https:\/\/www.europesays.com\/fr\/wp-json\/wp\/v2\/categories?post=56197"},{"taxonomy":"post_tag","embeddable":true,"href":"https:\/\/www.europesays.com\/fr\/wp-json\/wp\/v2\/tags?post=56197"}],"curies":[{"name":"wp","href":"https:\/\/api.w.org\/{rel}","templated":true}]}}