{"id":561972,"date":"2025-11-27T09:41:10","date_gmt":"2025-11-27T09:41:10","guid":{"rendered":"https:\/\/www.europesays.com\/fr\/561972\/"},"modified":"2025-11-27T09:41:10","modified_gmt":"2025-11-27T09:41:10","slug":"hausse-du-prix-des-carburants-la-gifle-de-janvier-arrive-et-lelectrique-ne-vous-sauvera-pas","status":"publish","type":"post","link":"https:\/\/www.europesays.com\/fr\/561972\/","title":{"rendered":"Hausse du prix des carburants : la gifle de janvier arrive, et l&rsquo;\u00e9lectrique ne vous sauvera pas"},"content":{"rendered":"<p class=\"ed__a-p ed__bdy__l\">Les conducteurs fran\u00e7ais devront composer avec une nouvelle r\u00e9alit\u00e9 tarifaire d\u00e8s la nouvelle ann\u00e9e. Le dispositif des certificats d&rsquo;\u00e9conomies d&rsquo;\u00e9nergie, m\u00e9canisme cr\u00e9\u00e9 en 2005 pour financer la transition \u00e9nerg\u00e9tique, conna\u00eet un renforcement significatif qui se r\u00e9percutera directement sur les prix \u00e0 la pompe. Une hausse que les professionnels du secteur jugent impossible \u00e0 \u00e9viter.<\/p>\n<p>            Publicit\u00e9, votre contenu continue ci-dessous<\/p>\n<p>            Publicit\u00e9<\/p>\n<p>Une augmentation m\u00e9canique et in\u00e9vitable<\/p>\n<p class=\"ed__a-p ed__bdy__l\">L&rsquo;Union fran\u00e7aise des industries p\u00e9troli\u00e8res anticipe une hausse comprise entre 4 et 6 centimes par litre. Le poids des certificats d&rsquo;\u00e9conomies d&rsquo;\u00e9nergie dans le prix du carburant passera de 11 centimes actuellement \u00e0 15-17 centimes d\u00e8s janvier. Cette \u00e9volution d\u00e9coule d&rsquo;<a href=\"https:\/\/presse.economie.gouv.fr\/le-decret-relatif-a-la-6e-periode-des-certificats-deconomies-denergie-est-publie-ce-jour-avec-une-volonte-de-maintenir-lambition-ecologique-tout-en-luttant-contre-les-fraudes-et-les-effets-daubaine\/\" target=\"_blank\" rel=\"nofollow noopener\">un d\u00e9cret<\/a> publi\u00e9 au Journal officiel le 4 novembre dernier, qui augmente de 27% les obligations impos\u00e9es aux fournisseurs d&rsquo;\u00e9nergie pour la p\u00e9riode 2026-2030. L&rsquo;enveloppe globale du dispositif atteindra plus de 8 milliards d&rsquo;euros en 2026.<\/p>\n<p class=\"ed__a-p ed__bdy__l\">Olivier Gantois, directeur de l&rsquo;Ufip \u00c9nergies et mobilit\u00e9s, <a href=\"https:\/\/www.connaissancedesenergies.org\/afp\/les-prix-des-carburants-vont-augmenter-de-4-6-centimes-par-litre-en-2026-en-raison-des-cee-251126\" target=\"_blank\" rel=\"nofollow noopener\">souligne<\/a> l&rsquo;in\u00e9luctabilit\u00e9 de cette r\u00e9percussion tarifaire. Les distributeurs, dont les marges nettes se limitent \u00e0 1 ou 2 centimes par litre, ne pourront absorber cette hausse. Contrairement au gaz et \u00e0 l&rsquo;\u00e9lectricit\u00e9, le march\u00e9 des carburants n&rsquo;est pas r\u00e9gul\u00e9, laissant chaque acteur libre de fixer ses tarifs.<\/p>\n<p>Le leasing social relance l&rsquo;\u00e9lectrique, mais l&rsquo;hybride domine toujours<\/p>\n<p class=\"ed__a-p ed__bdy__l\">Face \u00e0 cette perspective de hausse, la mobilit\u00e9 \u00e9lectrique pourrait sembler une alternative logique. \u00c0 domicile, <a href=\"https:\/\/www.lesnumeriques.com\/voiture-electrique\/voiture-electrique-comment-recharger-a-domicile-n210884.html\" title=\"Voiture \u00e9lectrique : comment recharger \u00e0 domicile\u00a0?\" target=\"_blank\" rel=\"noopener\">une recharge \u00e9lectrique<\/a> revient environ trois fois moins cher qu&rsquo;un plein d&rsquo;essence pour une distance \u00e9quivalente.<\/p>\n<p>            Publicit\u00e9, votre contenu continue ci-dessous<\/p>\n<p>            Publicit\u00e9<\/p>\n<p class=\"ed__a-p ed__bdy__l\">Le march\u00e9 des v\u00e9hicules \u00e9lectriques a connu une ann\u00e9e contrast\u00e9e. Apr\u00e8s une baisse de 2,6 % en 2024 et un premier semestre 2025 difficile, octobre a marqu\u00e9 un tournant spectaculaire avec une explosion de 63,2 % des immatriculations gr\u00e2ce au retour du leasing social. Sur les dix premiers mois de 2025, les ventes progressent finalement de 5,2% par rapport \u00e0 2024.<\/p>\n<p class=\"ed__a-p ed__bdy__l\">Cette embellie r\u00e9cente masque toutefois une r\u00e9alit\u00e9 plus complexe. Car si l&rsquo;\u00e9lectrique rebondit gr\u00e2ce aux aides publiques, les Fran\u00e7ais pr\u00e9f\u00e8rent manifestement le compromis hybride. Les Fran\u00e7ais pr\u00e9f\u00e8rent manifestement le compromis hybride. Selon l&rsquo;association europ\u00e9enne des constructeurs automobiles, <a href=\"https:\/\/www.lesnumeriques.com\/voiture-electrique\/la-croissance-des-voitures-electriques-en-europe-se-poursuit-mais-la-transition-est-encore-trop-lente-n246669.html\" title=\"La croissance des voitures \u00e9lectriques en Europe se poursuit, mais la transition est encore trop lente\" target=\"_blank\" rel=\"noopener\">les v\u00e9hicules hybrides ont repr\u00e9sent\u00e9 44,5 % des ventes en France en 2025<\/a>, contre 34,6 % dans l&rsquo;ensemble de l&rsquo;Union europ\u00e9enne. Dans le m\u00eame temps, la France enregistre la plus forte baisse d&rsquo;achats de v\u00e9hicules \u00e0 essence de l&rsquo;UE avec -32,3 %, signe d&rsquo;un abandon du thermique pur sans basculement vers le tout \u00e9lectrique.<\/p>\n<p class=\"ed__a-p ed__bdy__l\">Le prix d&rsquo;achat reste le principal obstacle. Une <a href=\"https:\/\/www.lesnumeriques.com\/voiture\/peugeot-e-208-style-2021-p65995\/test.html\" title=\"Peugeot e-208 Style 2021 : une belle gueule qui engloutit les watts\" target=\"_blank\" rel=\"noopener\">Peugeot e-208 \u00e9lectrique<\/a> est entre 12 % et 45 % plus ch\u00e8re que sa version essence selon le profil de l&rsquo;acheteur, <a href=\"https:\/\/www.quechoisir.org\/action-ufc-que-choisir-voiture-electrique-un-choix-gagnant-a-condition-que-l-etat-ne-sabote-pas-la-transition-n164820\/\" target=\"_blank\" rel=\"nofollow noopener\">indiquait<\/a> en mars l&rsquo;UFC-Que Choisir. Les \u00e9conomies r\u00e9alis\u00e9es \u00e0 l&rsquo;usage ne compensent cette diff\u00e9rence qu&rsquo;apr\u00e8s plusieurs ann\u00e9es d&rsquo;utilisation intensive. Sans aide publique massive comme le <a href=\"https:\/\/www.lesnumeriques.com\/voiture-electrique\/leasing-social-2025-un-succes-pour-le-gouvernement-qui-masque-en-realite-un-echec-n244687.html\" title=\"Leasing social 2025\u00a0: un succ\u00e8s pour le gouvernement, qui masque en r\u00e9alit\u00e9 un \u00e9chec\u00a0?\" target=\"_blank\" rel=\"noopener\">leasing social<\/a>, la hausse des carburants de janvier risque donc davantage de conforter l&rsquo;hybride dans sa position dominante que de provoquer un basculement durable vers l&rsquo;\u00e9lectrique.<\/p>\n<p>            Publicit\u00e9, votre contenu continue ci-dessous<\/p>\n<p>            Publicit\u00e9<\/p>\n","protected":false},"excerpt":{"rendered":"Les conducteurs fran\u00e7ais devront composer avec une nouvelle r\u00e9alit\u00e9 tarifaire d\u00e8s la nouvelle ann\u00e9e. Le dispositif des certificats&hellip;\n","protected":false},"author":2,"featured_media":561973,"comment_status":"","ping_status":"","sticky":false,"template":"","format":"standard","meta":{"footnotes":""},"categories":[6],"tags":[35,33,34,1011,27],"class_list":{"0":"post-561972","1":"post","2":"type-post","3":"status-publish","4":"format-standard","5":"has-post-thumbnail","7":"category-economie","8":"tag-business","9":"tag-economie","10":"tag-economy","11":"tag-fr","12":"tag-france"},"share_on_mastodon":{"url":"https:\/\/pubeurope.com\/@fr\/115621009142648665","error":""},"_links":{"self":[{"href":"https:\/\/www.europesays.com\/fr\/wp-json\/wp\/v2\/posts\/561972","targetHints":{"allow":["GET"]}}],"collection":[{"href":"https:\/\/www.europesays.com\/fr\/wp-json\/wp\/v2\/posts"}],"about":[{"href":"https:\/\/www.europesays.com\/fr\/wp-json\/wp\/v2\/types\/post"}],"author":[{"embeddable":true,"href":"https:\/\/www.europesays.com\/fr\/wp-json\/wp\/v2\/users\/2"}],"replies":[{"embeddable":true,"href":"https:\/\/www.europesays.com\/fr\/wp-json\/wp\/v2\/comments?post=561972"}],"version-history":[{"count":0,"href":"https:\/\/www.europesays.com\/fr\/wp-json\/wp\/v2\/posts\/561972\/revisions"}],"wp:featuredmedia":[{"embeddable":true,"href":"https:\/\/www.europesays.com\/fr\/wp-json\/wp\/v2\/media\/561973"}],"wp:attachment":[{"href":"https:\/\/www.europesays.com\/fr\/wp-json\/wp\/v2\/media?parent=561972"}],"wp:term":[{"taxonomy":"category","embeddable":true,"href":"https:\/\/www.europesays.com\/fr\/wp-json\/wp\/v2\/categories?post=561972"},{"taxonomy":"post_tag","embeddable":true,"href":"https:\/\/www.europesays.com\/fr\/wp-json\/wp\/v2\/tags?post=561972"}],"curies":[{"name":"wp","href":"https:\/\/api.w.org\/{rel}","templated":true}]}}