{"id":561974,"date":"2025-11-27T09:42:20","date_gmt":"2025-11-27T09:42:20","guid":{"rendered":"https:\/\/www.europesays.com\/fr\/561974\/"},"modified":"2025-11-27T09:42:20","modified_gmt":"2025-11-27T09:42:20","slug":"la-reine-letizia-retrouve-son-diademe-cartier-apres-sept-ans-dabsence-pour-assister-au-gala-en-lhonneur-du-president-allemand","status":"publish","type":"post","link":"https:\/\/www.europesays.com\/fr\/561974\/","title":{"rendered":"La reine Letizia retrouve son diad\u00e8me Cartier apr\u00e8s sept ans d&rsquo;absence pour assister au gala en l&rsquo;honneur du pr\u00e9sident allemand"},"content":{"rendered":"<p>Ce mercredi 26 novembre 2025, le roi Felipe et la reine Letizia d\u2019Espagne ont offert un banquet au pr\u00e9sident f\u00e9d\u00e9ral allemand Frank-Walter Steinmeier et son \u00e9pouse, pour conclure la premi\u00e8re journ\u00e9e de leur visite d\u2019\u00c9tat en Espagne. La reine Letizia portait un diad\u00e8me Cartier de perles et de diamants qu\u2019elle n\u2019avait plus sorti de sa cassette depuis sept ans. <\/p>\n<p><strong>Lire aussi : <a href=\"https:\/\/histoiresroyales.fr\/diademe-cartier-reine-letizia-insignes-ordre-dal-said-roi-felipe-banquet-detat-honneur-du-sultan-oman\/\" target=\"_blank\" rel=\"noopener\">Diad\u00e8me Cartier pour la reine Letizia et insignes de l\u2019ordre d\u2019Al Sa\u00efd pour le roi Felipe au banquet d\u2019\u00c9tat en l\u2019honneur du sultan d\u2019Oman<\/a><\/strong><\/p>\n<p>Le roi Felipe VI et la reine Letizia offrent un somptueux banquet d\u2019\u00c9tat au couple pr\u00e9sidentiel allemand<\/p>\n<p>Le pr\u00e9sident f\u00e9d\u00e9ral allemand Frank-Walter Steinmeier et son \u00e9pouse, Elke B\u00fcdenbender, ont entam\u00e9 leur visite d\u2019\u00c9tat de trois jours en Espagne, ce mercredi 26 novembre en matin\u00e9e. Le couple pr\u00e9sidentiel a \u00e9t\u00e9 accueilli avec les honneurs protocolaires et militaires au palais royal de Madrid par le roi Felipe VI et la reine Letizia. Les deux chefs d\u2019\u00c9tat ont ensuite dirig\u00e9 des r\u00e9unions bilat\u00e9rales, tandis que les \u00e9pouses ont particip\u00e9 \u00e0 une r\u00e9union sur l\u2019\u00e9galit\u00e9 des genres. Le couple pr\u00e9sidentiel et le couple royal ont \u00e9galement d\u00e9jeun\u00e9 en priv\u00e9 au palais de la Zarzuela mais c\u2019est en soir\u00e9e que s\u2019est d\u00e9roul\u00e9 l\u2019\u00e9v\u00e9nement le plus prestigieux.<\/p>\n<p><img fetchpriority=\"high\" decoding=\"async\" width=\"1300\" height=\"868\" src=\"https:\/\/www.europesays.com\/fr\/wp-content\/uploads\/2025\/11\/reine-letizia-roi-felipe-diademe-cartier-allemagne.jpg\" alt=\"\" class=\"wp-image-229835 lazyload\" data-  \/>Le roi et la reine d\u2019Espagne attendent leurs invit\u00e9s allemands ce 26 novembre 2025 (Photo : Casa de SM el Rey)<\/p>\n<p><img loading=\"lazy\" decoding=\"async\" width=\"1300\" height=\"1950\" src=\"https:\/\/www.europesays.com\/fr\/wp-content\/uploads\/2025\/11\/roi-felipe-reine-letizia-grand-croix-du-merite-allemand.jpg\" alt=\"\" class=\"wp-image-229839 lazyload\" data-  \/>Le roi Felipe et la reine Letizia portent les rubans rouges de grand-croix l\u2019ordre du M\u00e9rite de la R\u00e9publique f\u00e9d\u00e9rale d\u2019Allemagne (Photo : Shutterstock\/SIPA) <\/p>\n<p><strong>Lire aussi : <a href=\"https:\/\/histoiresroyales.fr\/reine-letizia-porte-delicat-diademe-floral-reine-sofia-gala-banquet-visite-etat-colombie\/\" target=\"_blank\" rel=\"noopener\">La reine Letizia porte le d\u00e9licat diad\u00e8me floral de la reine Sofia au gala en l\u2019honneur du pr\u00e9sident colombien<\/a><\/strong><\/p>\n<p>Comme le veut la tradition, le roi Felipe VI et la reine Letizia avaient organis\u00e9 un somptueux banquet d\u2019\u00c9tat en l\u2019honneur de leurs invit\u00e9s allemands. Le pr\u00e9sident Steinmeier et son \u00e9pouse ont partag\u00e9 un d\u00eener avec les souverains espagnols dans la salle du Tr\u00f4ne du palais royal. L\u2019unit\u00e9 musicale de la Garde royale a assur\u00e9 l\u2019animation musicale du d\u00eener avec une s\u00e9lection de morceaux rendant hommage aux deux pays, avec du Beethoven et du Wagner au programme.<\/p>\n<p><img loading=\"lazy\" decoding=\"async\" width=\"1300\" height=\"867\" src=\"https:\/\/www.europesays.com\/fr\/wp-content\/uploads\/2025\/11\/couple-royal-espagnol-presidentiel-allemand-banquet-etat.jpg\" alt=\"\" class=\"wp-image-229834 lazyload\" data-  \/>La reine Letizia, Elke B\u00fcdenbender, le pr\u00e9sident Frank-Walter Steinmeier et le roi Felipe VI se rendent au banquet (Photo : Casa de SM el Rey)<\/p>\n<p><strong>Lire aussi : <a href=\"https:\/\/histoiresroyales.fr\/clin-doeil-historique-diademe-cartier-reine-letizia-banquet-detat-amsterdam\/\" target=\"_blank\" rel=\"noopener\">Le clin d\u2019\u0153il historique du diad\u00e8me Cartier de la reine Letizia au banquet d\u2019\u00c9tat \u00e0 Amsterdam<\/a><\/strong><\/p>\n<p>La reine Letizia ressort le diad\u00e8me Cartier de la reine Victoire-Eug\u00e9nie apr\u00e8s avoir pass\u00e9 sept ans au coffre<\/p>\n<p>La reine Letizia portait une robe noire assez sobre, orn\u00e9e de strass aux \u00e9paules. C\u2019est surtout son magnifique diad\u00e8me qui attirait l\u2019attention. La reine Letizia ne porte pas de diad\u00e8me \u00e0 tous les banquets d\u2019\u00c9tat mais elle semble reprendre l\u2019habitude d\u2019en porter plus fr\u00e9quemment qu\u2019au d\u00e9but du r\u00e8gne de son \u00e9poux. Le diad\u00e8me choisi ce mercredi a longtemps \u00e9t\u00e9 port\u00e9 par sa belle-m\u00e8re, la reine Sofia, et depuis l\u2019accession au tr\u00f4ne de Felipe, en 2014, la reine Letizia l\u2019a tr\u00e8s peu port\u00e9.<\/p>\n<p><img loading=\"lazy\" decoding=\"async\" width=\"1300\" height=\"1951\" src=\"https:\/\/www.europesays.com\/fr\/wp-content\/uploads\/2025\/11\/diademe-cartier-reine-victoire-eugenie-reine-letizia.jpg\" alt=\"\" class=\"wp-image-229831 lazyload\" data-  \/>D\u00e9tail du diad\u00e8me en diamants et perles de la reine Victoire-Eug\u00e9nie, port\u00e9 par la reine Letizia pour la premi\u00e8re fois en sept ans (Photo : R. SMITH\/SIPA)<\/p>\n<p><strong>Lire aussi : <a href=\"https:\/\/histoiresroyales.fr\/roi-felipe-vi-reine-letizia-accueillent-president-allemand-honneurs-palais-royal-de-madrid\/\" target=\"_blank\" rel=\"noopener\">Le roi Felipe VI et la reine Letizia accueillent le pr\u00e9sident allemand avec les honneurs au palais royal de Madrid<\/a><\/strong><\/p>\n<p>Ce diad\u00e8me est un cadeau offert par la reine Marie-Christine d\u2019Espagne \u00e0 sa nouvelle belle-fille, Victoire-Eug\u00e9nie de Battenberg, \u00e0 l\u2019occasion de son mariage avec son fils, le roi Alphonse XIII, en 1906. Le diad\u00e8me fut cr\u00e9\u00e9 par Ansorena, le joaillier de la cour, en diamants et perles. La reine Marie-Christine \u00e9tait plut\u00f4t d\u00e9\u00e7ue par le choix de fils, consid\u00e9rant une princesse de Battenberg comme appartenant \u00e0 un rang pas assez \u00e9lev\u00e9 pour un roi. Le diad\u00e8me ne fut donc pas des plus prestigieux. <\/p>\n<p><img loading=\"lazy\" decoding=\"async\" width=\"1400\" height=\"2096\" src=\"https:\/\/www.europesays.com\/fr\/wp-content\/uploads\/2025\/11\/reine-letizia-robe-gala-noire-diademe-cartier.jpg\" alt=\"\" class=\"wp-image-229837 lazyload\" data-  \/>La reine Letizia porte une nouvelle robe noire orn\u00e9e de strass aux \u00e9paules (Photo : R. SMITH\/SIPA)<\/p>\n<p>Le site sp\u00e9cialis\u00e9 <a href=\"https:\/\/royalwatcherblog.com\/2021\/12\/23\/queen-victoria-eugenies-cartier-pearl-tiara\/\" target=\"_blank\" rel=\"noreferrer noopener nofollow\">Royal Watcher<\/a> raconte que la reine Victoire-Eug\u00e9nie, surnomm\u00e9e Ena, se serait rendue chez Cartier dans les ann\u00e9es 20 pour modifier et embellir le cadeau de sa belle-m\u00e8re qui \u00e9tait jug\u00e9 peu prestigieux. Le diad\u00e8me fut donc d\u00e9mont\u00e9 et remont\u00e9 pour cr\u00e9er un nouveau bijou en platine d\u2019inspiration \u00e9douardienne, repr\u00e9sentant six feuilles enroul\u00e9es. Chaque feuille comprend une grosse perle bouton et \u00e0 l\u2019origine, une grosse perle centrale surmontait le diad\u00e8me. Par la suite, la perle centrale a \u00e9t\u00e9 retir\u00e9e et remplac\u00e9e par un motif. Le diad\u00e8me est aussi apparu avec des \u00e9meraudes \u00e0 la place des perles.<\/p>\n<p><img loading=\"lazy\" decoding=\"async\" width=\"1300\" height=\"867\" src=\"https:\/\/www.europesays.com\/fr\/wp-content\/uploads\/2025\/11\/president-allemand-elke-roi-felipe-reine-letizia-diner-etat.jpg\" alt=\"\" class=\"wp-image-229836 lazyload\" data-  \/>Photo souvenir du couple pr\u00e9sidentiel allemand et du couple royal espagnol avant le banquet d\u2019\u00c9tat au palais royal de Madrid ce 26 novembre 2025 (Photo : Casa de SM el Rey)<\/p>\n<p>Lors de l\u2019exil de la famille royale, plusieurs bijoux ont \u00e9t\u00e9 vendus par la reine Ena pour soutenir son train de vie mais ce diad\u00e8me, qui \u00e9tait son pr\u00e9f\u00e9r\u00e9, ne l\u2019a jamais quitt\u00e9e. Le diad\u00e8me a \u00e9t\u00e9 pr\u00eat\u00e9 \u00e0 plusieurs infantes et \u00e0 la mort de la reine Victoire-Eug\u00e9nie, en 1969, le bijou reviendra \u00e0 sa fille Marie-Christine. Lors d\u2019une vente, c\u2019est finalement le roi Juan Carlos lui-m\u00eame qui rach\u00e8tera le bijou et le diad\u00e8me deviendra la propri\u00e9t\u00e9 du monarque espagnol. Le diad\u00e8me \u00e9tait l\u2019un des pr\u00e9f\u00e9r\u00e9s de la reine Sofia, qui l\u2019a port\u00e9 \u00e0 de tr\u00e8s nombreuses reprises. On a pu le voir sur la t\u00eate de l\u2019infante Cristina, lorsqu\u2019elle s\u2019\u00e9tait rendue au mariage de la princesse h\u00e9riti\u00e8re Victoria de Su\u00e8de en 2010, tandis que Letizia a pu le porter une fois devenue reine. La reine Letizia l\u2019avait port\u00e9 une seule fois, il y a sept ans, \u00e0 l\u2019occasion du banquet d\u2019\u00c9tat en l\u2019honneur du pr\u00e9sident portugais, en 2018.<\/p>\n<p><img loading=\"lazy\" decoding=\"async\" width=\"1300\" height=\"867\" src=\"https:\/\/www.europesays.com\/fr\/wp-content\/uploads\/2025\/11\/banquet-etat-roi-felipe-palais-royal-espagne.jpg\" alt=\"\" class=\"wp-image-229832 lazyload\" data-  \/>Les convives sont install\u00e9s autour d\u2019une seule grande table au palais royal (Photo : Casa de SM el Rey)<\/p>\n<p><img loading=\"lazy\" decoding=\"async\" width=\"1300\" height=\"867\" src=\"https:\/\/www.europesays.com\/fr\/wp-content\/uploads\/2025\/11\/discours-roi-felipe-banquet-etat-allemagne.jpg\" alt=\"\" class=\"wp-image-229833 lazyload\" data-  \/>Le roi Felipe prend la parole avant le d\u00eener pour porter un toast \u00e0 l\u2019amiti\u00e9 entre l\u2019Allemagne et l\u2019Espagne (Photo : Casa de SM el Rey)<\/p>\n<p>Avant le d\u00e9but du d\u00eener le roi Felipe et le pr\u00e9sident Steinmeier ont pris la parole. \u00ab\u00a0L\u2019Europe nous unit. Nous sommes li\u00e9s par les id\u00e9aux de libert\u00e9, de d\u00e9mocratie, de justice sociale et de respect de la dignit\u00e9 humaine \u00bb, a d\u00e9clar\u00e9 le roi Felipe. \u00ab\u00a0L\u2019Allemagne nous a accompagn\u00e9s dans notre retour en Europe et dans la consolidation de notre d\u00e9mocratie. Et l\u2019Espagne a \u00e9t\u00e9 une grande d\u00e9fenseuse de la r\u00e9unification allemande, \u00e9l\u00e9ment cl\u00e9 dans l\u2019histoire de l\u2019Union europ\u00e9enne. Nous sommes deux pays fid\u00e8les \u00e0 nos valeurs, conscients des exigences morales de notre \u00e9poque. Et nous savons qu\u2019il est n\u00e9cessaire de regarder le pass\u00e9 avec humilit\u00e9, avec le sens de l\u2019histoire. \u00bb Vendredi, les deux chefs d\u2019\u00c9tat participeront \u00e0 un \u00e9v\u00e9nement symbolique r\u00e9conciliateur, en se rendant ensemble \u00e0 Gernika.<\/p>\n<p>\t\t\t\t<img loading=\"lazy\" alt=\"Avatar photo\" src=\"https:\/\/www.europesays.com\/fr\/wp-content\/uploads\/2025\/04\/1516945716303-164x164.jpeg\"  class=\"avatar avatar-164 photo lazyload\" height=\"164\" width=\"164\" decoding=\"async\"\/><br \/>\n\t\t<a href=\"https:\/\/histoiresroyales.fr\/author\/royaliste123\/\" target=\"_blank\" rel=\"noopener\">Nicolas Fontaine<\/a><br \/>\n\t\t\t\t\tR\u00e9dacteur en chef<\/p>\n<p>Nicolas Fontaine a \u00e9t\u00e9 concepteur-r\u00e9dacteur et auteur pour de nombreuses marques et m\u00e9dias belges et fran\u00e7ais. Sp\u00e9cialiste de l&rsquo;actualit\u00e9 des familles royales, Nicolas a fond\u00e9 le site Histoires royales dont il est le r\u00e9dacteur en chef.&#13;<br \/>\n&#13;<br \/>\nnicolas@histoiresroyales.fr<\/p>\n<p>\t\t\t\t\t\t\t<a href=\"https:\/\/twitter.com\/ActusRoyales\" class=\"boxed-icon fill twitter\" target=\"_blank\" rel=\"noopener\"><\/a><br \/>\n\t\t\t\t\t\t\t\t\t<a href=\"https:\/\/www.instagram.com\/histoiresroyales.fr\/\" class=\"boxed-icon fill instagram\" target=\"_blank\" rel=\"noopener\"><\/a><\/p>\n<p>\t\t\t\t\t\t\t\t\t\t\t\t\t<script async src=\"https:\/\/platform.twitter.com\/widgets.js\" charset=\"utf-8\"><\/script><script async src=\"\/\/www.instagram.com\/embed.js\"><\/script><\/p>\n","protected":false},"excerpt":{"rendered":"Ce mercredi 26 novembre 2025, le roi Felipe et la reine Letizia d\u2019Espagne ont offert un banquet au&hellip;\n","protected":false},"author":2,"featured_media":561975,"comment_status":"","ping_status":"","sticky":false,"template":"","format":"standard","meta":{"footnotes":""},"categories":[5],"tags":[11,24842,18622,66468,31166,1011,27,14,22789,12,28],"class_list":{"0":"post-561974","1":"post","2":"type-post","3":"status-publish","4":"format-standard","5":"has-post-thumbnail","7":"category-international","8":"tag-actualites","9":"tag-banquet","10":"tag-cartier","11":"tag-diadu00e8me","12":"tag-felipe-vi-despagne","13":"tag-fr","14":"tag-france","15":"tag-international","16":"tag-letizia-despagne","17":"tag-news","18":"tag-world"},"share_on_mastodon":{"url":"https:\/\/pubeurope.com\/@fr\/115621013788293648","error":""},"_links":{"self":[{"href":"https:\/\/www.europesays.com\/fr\/wp-json\/wp\/v2\/posts\/561974","targetHints":{"allow":["GET"]}}],"collection":[{"href":"https:\/\/www.europesays.com\/fr\/wp-json\/wp\/v2\/posts"}],"about":[{"href":"https:\/\/www.europesays.com\/fr\/wp-json\/wp\/v2\/types\/post"}],"author":[{"embeddable":true,"href":"https:\/\/www.europesays.com\/fr\/wp-json\/wp\/v2\/users\/2"}],"replies":[{"embeddable":true,"href":"https:\/\/www.europesays.com\/fr\/wp-json\/wp\/v2\/comments?post=561974"}],"version-history":[{"count":0,"href":"https:\/\/www.europesays.com\/fr\/wp-json\/wp\/v2\/posts\/561974\/revisions"}],"wp:featuredmedia":[{"embeddable":true,"href":"https:\/\/www.europesays.com\/fr\/wp-json\/wp\/v2\/media\/561975"}],"wp:attachment":[{"href":"https:\/\/www.europesays.com\/fr\/wp-json\/wp\/v2\/media?parent=561974"}],"wp:term":[{"taxonomy":"category","embeddable":true,"href":"https:\/\/www.europesays.com\/fr\/wp-json\/wp\/v2\/categories?post=561974"},{"taxonomy":"post_tag","embeddable":true,"href":"https:\/\/www.europesays.com\/fr\/wp-json\/wp\/v2\/tags?post=561974"}],"curies":[{"name":"wp","href":"https:\/\/api.w.org\/{rel}","templated":true}]}}