{"id":561976,"date":"2025-11-27T09:43:12","date_gmt":"2025-11-27T09:43:12","guid":{"rendered":"https:\/\/www.europesays.com\/fr\/561976\/"},"modified":"2025-11-27T09:43:12","modified_gmt":"2025-11-27T09:43:12","slug":"cochons-agonisants-cafards-lun-des-plus-gros-elevages-porcins-de-bretagne-et-carrefour-vises-par-l214","status":"publish","type":"post","link":"https:\/\/www.europesays.com\/fr\/561976\/","title":{"rendered":"Cochons agonisants, cafards&#8230; L&rsquo;un des plus gros \u00e9levages porcins de Bretagne et Carrefour vis\u00e9s par L214"},"content":{"rendered":"<p>\n    L\u2019exploitation de 8200 cochons o\u00f9 a \u00e9t\u00e9 enregistr\u00e9e une vid\u00e9o appartient au pr\u00e9sident de la Cooperl, leader du cochon en France. Il fournit la fili\u00e8re qualit\u00e9 de Carrefour, qui suspend ses approvisionnements.<\/p>\n<p class=\"fig-paragraph\">Encore une vid\u00e9o choc des lanceurs d\u2019alerte animalistes de<a href=\"http:\/\/www.lefigaro.fr\/flash-actu\/broyage-de-poussins-l214-porte-plainte-contre-un-couvoir-soupconne-de-sevices-graves-20251023\" data-fig-type=\"NewsFlash\" data-gtm-custom-categorie=\"navigation\" data-gtm-custom-action=\"crossclick\" data-gtm-custom-label=\"Contextuel\" data-gtm-event=\"customEventSPE\" data-fig-domain=\"LEFIGARO\" target=\"_blank\" rel=\"noopener\">\u00a0L214<\/a>. Elle concerne cette fois deux \u00e9levages de cochons des C\u00f4tes-d\u2019Armor, situ\u00e9s \u00e0 Pl\u00e9n\u00e9e-Jugon et \u00c9r\u00e9ac. Ils appartiennent \u00e0 Bernard Rouxel, pr\u00e9sident de la Cooperl, coop\u00e9rative leader en France de l\u2019industrie porcine avec pr\u00e8s de 4530 adh\u00e9rents, 5 millions de porcs \u00e9lev\u00e9s par an et 2,7 milliards d\u2019euros de chiffre d\u2019affaires en 2024.<\/p>\n<p>Les murs grouillent de cafards<\/p>\n<p class=\"fig-paragraph\">Les \u00e9levages hors sol de cet exploitant breton comptent pas moins de 8200 animaux au total. Certains apparaissent dans cette vid\u00e9o &#8211; tourn\u00e9e entre septembre et novembre 2025 &#8211; dans un \u00e9tat sanitaire alarmant. Des cochons sont bless\u00e9s, l\u2019arri\u00e8re-train saignant, mordus par leurs cong\u00e9n\u00e8res, \u00e9voluant dans la promiscuit\u00e9 et l\u2019obscurit\u00e9, sans acc\u00e8s ext\u00e9rieur, sur des sols en b\u00e9ton. D\u2019autres sont agonisants ou morts. On y voit \u00e9galement des monceaux de cafards qui grouillent le long des murs des cases des animaux, sur les barri\u00e8res et jusque dans leurs mangeoires.<\/p>\n<p>    On voit des monceaux de cafards qui grouillent le long des murs des cases des animaux, sur les barri\u00e8res et jusque dans leurs mangeoires.<br \/>\n                L214<\/p>\n<p class=\"fig-paragraph\">De quoi interpeller le quidam sur la qualit\u00e9\u2026<\/p>\n<p class=\"fig-premium-paywall__infos\">\n        Cet article est r\u00e9serv\u00e9 aux abonn\u00e9s.        Il vous reste 80% \u00e0 d\u00e9couvrir.\n    <\/p>\n<p>                <img  data- alt=\"Le Figaro\" class=\"fig-img--complete fig-img\"\/><\/p>\n<p class=\"fig-premium-paywall__title\">Black Friday<\/p>\n<p class=\"fig-premium-paywall__subtitle\">-70% sur l&rsquo;abonnement num\u00e9rique<\/p>\n<p class=\"fig-premium-paywall__connect\">\n                D\u00e9j\u00e0 abonn\u00e9\u00a0?                <a class=\"fig-premium-paywall__connect-link\" href=\"https:\/\/connect.lefigaro.fr\/login?client=horizon_web&amp;type=main&amp;redirect_uri=https%3A%2F%2Fwww.lefigaro.fr%2Factualite-france%2Fcochons-agonisants-cafards-l-un-des-plus-gros-elevages-porcins-de-bretagne-et-carrefour-vises-par-l214-20251127\" data-js-gtm=\"{&quot;customCategorie&quot;: &quot;conversion&quot;, &quot;customAction&quot;: &quot;before_Landing_Connexion_paywall_auto&quot;, &quot;customLabel&quot;: &quot;bGVmaWdhcm8uZnJfXzFmMGNhZGUyLTQ1YzctNjhhYy1hZDRhLWQ3NDA4YTYwMjljYl9fQXJ0aWNsZQ==_Cochons agonisants, cafards... L&#039;un des plus gros \u00e9levages porcins de Bretagne et Carrefour vis\u00e9s par L214_39&quot;, &quot;customIDSPE&quot;: &quot;bGVmaWdhcm8uZnJfXzFmMGNhZGUyLTQ1YzctNjhhYy1hZDRhLWQ3NDA4YTYwMjljYl9fQXJ0aWNsZQ==&quot;, &quot;event&quot;: &quot;customEventSPE&quot;}\" target=\"_blank\" rel=\"noopener\"><br \/>\n                    Connectez-vous<br \/>\n                <\/a>\n            <\/p>\n","protected":false},"excerpt":{"rendered":"L\u2019exploitation de 8200 cochons o\u00f9 a \u00e9t\u00e9 enregistr\u00e9e une vid\u00e9o appartient au pr\u00e9sident de la Cooperl, leader du&hellip;\n","protected":false},"author":2,"featured_media":561977,"comment_status":"","ping_status":"","sticky":false,"template":"","format":"standard","meta":{"footnotes":""},"categories":[4],"tags":[11,327,829,4304,19398,1011,27,13905,12,25],"class_list":{"0":"post-561976","1":"post","2":"type-post","3":"status-publish","4":"format-standard","5":"has-post-thumbnail","7":"category-france","8":"tag-actualites","9":"tag-agriculture","10":"tag-bretagne","11":"tag-carrefour","12":"tag-elevage","13":"tag-fr","14":"tag-france","15":"tag-l214","16":"tag-news","17":"tag-republique-francaise"},"share_on_mastodon":{"url":"https:\/\/pubeurope.com\/@fr\/115621016668936578","error":""},"_links":{"self":[{"href":"https:\/\/www.europesays.com\/fr\/wp-json\/wp\/v2\/posts\/561976","targetHints":{"allow":["GET"]}}],"collection":[{"href":"https:\/\/www.europesays.com\/fr\/wp-json\/wp\/v2\/posts"}],"about":[{"href":"https:\/\/www.europesays.com\/fr\/wp-json\/wp\/v2\/types\/post"}],"author":[{"embeddable":true,"href":"https:\/\/www.europesays.com\/fr\/wp-json\/wp\/v2\/users\/2"}],"replies":[{"embeddable":true,"href":"https:\/\/www.europesays.com\/fr\/wp-json\/wp\/v2\/comments?post=561976"}],"version-history":[{"count":0,"href":"https:\/\/www.europesays.com\/fr\/wp-json\/wp\/v2\/posts\/561976\/revisions"}],"wp:featuredmedia":[{"embeddable":true,"href":"https:\/\/www.europesays.com\/fr\/wp-json\/wp\/v2\/media\/561977"}],"wp:attachment":[{"href":"https:\/\/www.europesays.com\/fr\/wp-json\/wp\/v2\/media?parent=561976"}],"wp:term":[{"taxonomy":"category","embeddable":true,"href":"https:\/\/www.europesays.com\/fr\/wp-json\/wp\/v2\/categories?post=561976"},{"taxonomy":"post_tag","embeddable":true,"href":"https:\/\/www.europesays.com\/fr\/wp-json\/wp\/v2\/tags?post=561976"}],"curies":[{"name":"wp","href":"https:\/\/api.w.org\/{rel}","templated":true}]}}