{"id":561980,"date":"2025-11-27T09:45:15","date_gmt":"2025-11-27T09:45:15","guid":{"rendered":"https:\/\/www.europesays.com\/fr\/561980\/"},"modified":"2025-11-27T09:45:15","modified_gmt":"2025-11-27T09:45:15","slug":"le-nouveau-burger-king-ouvre-ce-jeudi-en-centre-ville","status":"publish","type":"post","link":"https:\/\/www.europesays.com\/fr\/561980\/","title":{"rendered":"le nouveau Burger King ouvre ce jeudi en centre-ville"},"content":{"rendered":"\n<p>Jour J pour l\u2019ouverture de l\u2019enseigne Burger King place du Peuple \u00e0 Saint-Etienne. Ce jeudi 27 novembre, le g\u00e9ant du fast-food ouvre ses portes d\u00e8s 10h30 pour une arriv\u00e9e en force en plein centre-ville. Situ\u00e9 \u00e0 la place de l\u2019ancien magasin Zara homme, Burger King n\u2019avait pas h\u00e9ist\u00e9 \u00e0 \u00ab\u00a0tacler\u00a0\u00bb McDonald&rsquo;s qui \u00e9tait sur cette m\u00eame place il y a quelques ann\u00e9es de cela. BK avait en effet install\u00e9 une pancarte il y a quelques semaines avec \u00e9crit \u00ab\u00a0non tout n\u2019\u00e9tait pas mieux avant\u00a0\u00bb.\u00a0<\/p>\n","protected":false},"excerpt":{"rendered":"Jour J pour l\u2019ouverture de l\u2019enseigne Burger King place du Peuple \u00e0 Saint-Etienne. Ce jeudi 27 novembre, le&hellip;\n","protected":false},"author":2,"featured_media":561981,"comment_status":"","ping_status":"","sticky":false,"template":"","format":"standard","meta":{"footnotes":""},"categories":[9653],"tags":[1111,11,2430,21039,1777,674,16827,1011,27,3367,18358,12,6519,25,1340,4001],"class_list":{"0":"post-561980","1":"post","2":"type-post","3":"status-publish","4":"format-standard","5":"has-post-thumbnail","7":"category-saint-etienne","8":"tag-actu","9":"tag-actualites","10":"tag-auvergne-rhone-alpes","11":"tag-burger-king","12":"tag-eu","13":"tag-europe","14":"tag-fast-food","15":"tag-fr","16":"tag-france","17":"tag-loire","18":"tag-magasin","19":"tag-news","20":"tag-nourriture","21":"tag-republique-francaise","22":"tag-restaurant","23":"tag-saint-etienne"},"share_on_mastodon":{"url":"https:\/\/pubeurope.com\/@fr\/115621024566391877","error":""},"_links":{"self":[{"href":"https:\/\/www.europesays.com\/fr\/wp-json\/wp\/v2\/posts\/561980","targetHints":{"allow":["GET"]}}],"collection":[{"href":"https:\/\/www.europesays.com\/fr\/wp-json\/wp\/v2\/posts"}],"about":[{"href":"https:\/\/www.europesays.com\/fr\/wp-json\/wp\/v2\/types\/post"}],"author":[{"embeddable":true,"href":"https:\/\/www.europesays.com\/fr\/wp-json\/wp\/v2\/users\/2"}],"replies":[{"embeddable":true,"href":"https:\/\/www.europesays.com\/fr\/wp-json\/wp\/v2\/comments?post=561980"}],"version-history":[{"count":0,"href":"https:\/\/www.europesays.com\/fr\/wp-json\/wp\/v2\/posts\/561980\/revisions"}],"wp:featuredmedia":[{"embeddable":true,"href":"https:\/\/www.europesays.com\/fr\/wp-json\/wp\/v2\/media\/561981"}],"wp:attachment":[{"href":"https:\/\/www.europesays.com\/fr\/wp-json\/wp\/v2\/media?parent=561980"}],"wp:term":[{"taxonomy":"category","embeddable":true,"href":"https:\/\/www.europesays.com\/fr\/wp-json\/wp\/v2\/categories?post=561980"},{"taxonomy":"post_tag","embeddable":true,"href":"https:\/\/www.europesays.com\/fr\/wp-json\/wp\/v2\/tags?post=561980"}],"curies":[{"name":"wp","href":"https:\/\/api.w.org\/{rel}","templated":true}]}}