{"id":561988,"date":"2025-11-27T09:49:25","date_gmt":"2025-11-27T09:49:25","guid":{"rendered":"https:\/\/www.europesays.com\/fr\/561988\/"},"modified":"2025-11-27T09:49:25","modified_gmt":"2025-11-27T09:49:25","slug":"les-socialistes-enterinent-une-3e-liste-de-gauche-a-la-seyne-sur-mer","status":"publish","type":"post","link":"https:\/\/www.europesays.com\/fr\/561988\/","title":{"rendered":"Les socialistes ent\u00e9rinent une 3e liste de gauche \u00e0 La Seyne-sur-Mer"},"content":{"rendered":"\n<p>D\u00e9\u00e7u de ne pas \u00eatre t\u00eate d\u2019affiche de l\u2019union de la gauche, alors que le PS occupe d\u00e9j\u00e0 la t\u00eate de liste \u00e0 Toulon, La Garde et Le Pradet, le socialiste Olivier Andrau annonce qu\u2019il va conduire le collectif \u00ab\u00a0La Seyne ville des possibles\u00a0\u00bb pour la bataille des municipales 2026, avec les \u00c9cologistes, les r\u00e9gionalistes et Place publique.<\/p>\n<p>\u00ab\u00a0Notre \u00e9conomie locale doit retrouver un nouveau souffle. Elle doit s\u2019appuyer \u00e0 la fois sur l\u2019industrie et le tourisme. La Seyne doit avancer sur ses deux jambes\u00a0\u00bb a-t-il d\u00e9velopp\u00e9 au cours de la conf\u00e9rence de presse, qui s\u2019est tenue vendredi, au Casino.<\/p>\n<p>Le candidat d\u00e9clar\u00e9 a mis en avant \u00ab\u00a0une \u00e9quipe \u00e9quilibr\u00e9e et repr\u00e9sentative de la diversit\u00e9 des habitants\u00a0\u00bb. Avec des actifs, des retrait\u00e9s, des militants et acteurs de la vie associative, \u00e9conomique et publique, \u00ab\u00a0tous engag\u00e9s dans un m\u00eame \u00e9lan face au d\u00e9sordre d\u00e9mocratique et \u00e0 l\u2019urgence \u00e9cologique\u00a0\u00bb.<\/p>\n<p>Et de poursuivre\u00a0: \u00ab\u00a0Apr\u00e8s une majorit\u00e9 municipale divis\u00e9e qui a promis monts et merveilles pour ne r\u00e9v\u00e9ler que son immobilisme, avec toujours les m\u00eames professionnels de la politique qui cumulent les mandats, et dont nombre sont habitu\u00e9s des tribunaux, nous proposons de faire de La Seyne la ville des possibles.\u00a0\u00bb<\/p>\n<p>Dommage que pour faire \u00ab\u00a0face \u00e0 ceux qui ne proposent aucune solution tenable et attisent les peurs et les ranc\u0153urs\u00a0\u00bb, l\u2019ambition de b\u00e2tir une Seyne harmonieuse ne se passe pas par le rassemblement avec les autres forces progressistes avec lesquelles le PS s\u2019est r\u00e9uni de longs mois durant.<\/p>\n<p>Car en comptant la liste port\u00e9e par LFI, on en serait d\u00e9sormais \u00e0 trois listes de gauche pour les municipales. Soit deux de trop\u00a0!<\/p>\n","protected":false},"excerpt":{"rendered":"D\u00e9\u00e7u de ne pas \u00eatre t\u00eate d\u2019affiche de l\u2019union de la gauche, alors que le PS occupe d\u00e9j\u00e0&hellip;\n","protected":false},"author":2,"featured_media":561989,"comment_status":"","ping_status":"","sticky":false,"template":"","format":"standard","meta":{"footnotes":""},"categories":[9619],"tags":[1111,11,1777,674,1011,27,3434,12,882,25,2310],"class_list":{"0":"post-561988","1":"post","2":"type-post","3":"status-publish","4":"format-standard","5":"has-post-thumbnail","7":"category-toulon","8":"tag-actu","9":"tag-actualites","10":"tag-eu","11":"tag-europe","12":"tag-fr","13":"tag-france","14":"tag-municipales-2026","15":"tag-news","16":"tag-provence-alpes-cote-dazur","17":"tag-republique-francaise","18":"tag-toulon"},"share_on_mastodon":{"url":"https:\/\/pubeurope.com\/@fr\/115621040310093492","error":""},"_links":{"self":[{"href":"https:\/\/www.europesays.com\/fr\/wp-json\/wp\/v2\/posts\/561988","targetHints":{"allow":["GET"]}}],"collection":[{"href":"https:\/\/www.europesays.com\/fr\/wp-json\/wp\/v2\/posts"}],"about":[{"href":"https:\/\/www.europesays.com\/fr\/wp-json\/wp\/v2\/types\/post"}],"author":[{"embeddable":true,"href":"https:\/\/www.europesays.com\/fr\/wp-json\/wp\/v2\/users\/2"}],"replies":[{"embeddable":true,"href":"https:\/\/www.europesays.com\/fr\/wp-json\/wp\/v2\/comments?post=561988"}],"version-history":[{"count":0,"href":"https:\/\/www.europesays.com\/fr\/wp-json\/wp\/v2\/posts\/561988\/revisions"}],"wp:featuredmedia":[{"embeddable":true,"href":"https:\/\/www.europesays.com\/fr\/wp-json\/wp\/v2\/media\/561989"}],"wp:attachment":[{"href":"https:\/\/www.europesays.com\/fr\/wp-json\/wp\/v2\/media?parent=561988"}],"wp:term":[{"taxonomy":"category","embeddable":true,"href":"https:\/\/www.europesays.com\/fr\/wp-json\/wp\/v2\/categories?post=561988"},{"taxonomy":"post_tag","embeddable":true,"href":"https:\/\/www.europesays.com\/fr\/wp-json\/wp\/v2\/tags?post=561988"}],"curies":[{"name":"wp","href":"https:\/\/api.w.org\/{rel}","templated":true}]}}