{"id":561992,"date":"2025-11-27T09:51:10","date_gmt":"2025-11-27T09:51:10","guid":{"rendered":"https:\/\/www.europesays.com\/fr\/561992\/"},"modified":"2025-11-27T09:51:10","modified_gmt":"2025-11-27T09:51:10","slug":"deux-arrestations-marquantes-en-une-seule-journee-a-montpellier","status":"publish","type":"post","link":"https:\/\/www.europesays.com\/fr\/561992\/","title":{"rendered":"deux arrestations marquantes en une seule journ\u00e9e \u00e0 Montpellier"},"content":{"rendered":"<p>                    Par<br \/>\n        <strong><br \/>\n            <a href=\"https:\/\/actu.fr\/auteur\/lea-pippinato\" title=\"Consulter tous les articles de L\u00e9a Pippinato\" target=\"_blank\" rel=\"noopener\">L\u00e9a Pippinato<\/a><br \/>\n                    <\/strong><\/p>\n<p>        Publi\u00e9 le<\/p>\n<p>            27 nov. 2025 \u00e0 10h32        <\/p>\n<p>En l\u2019espace de 24 heures \u00e0 Montpellier, un passeur espagnol et un guetteur de 15 ans ont fini leur course aux mains de la police nationale, chacun pour une histoire de cannabis.<\/p>\n<p class=\" wall-content\">Il est minuit, <strong>dans la nuit du dimanche 23 au lundi 24 novembre 2025<\/strong>, quand la Bac (brigade anticriminalit\u00e9) rep\u00e8re une voiture immatricul\u00e9e en Espagne, avenue Villeneuve d\u2019Angoul\u00eame. Le conducteur multiplie les infractions. Avant toute interception, il stoppe en pleine voie et tend un objet \u00e0 un homme qui s\u2019\u00e9loigne au pas de course. Les deux prennent la fuite chacun de leur c\u00f4t\u00e9. La Bac intercepte le conducteur. Une odeur d\u2019herbe envahit l\u2019habitacle. Les policiers trouvent un peu plus de <strong>270 g d\u2019herbe de cannabis<\/strong> et<strong> 3 760 euros<\/strong> en liquide. L\u2019homme, lui-m\u00eame espagnol, est plac\u00e9 en garde \u00e0 vue.<\/p>\n<p>    <a href=\"https:\/\/www.google.com\/maps\/embed?pb=!1m18!1m12!1m3!1d11556.70365169137!2d3.85917535!3d43.60287875!2m3!1f0!2f0!3f0!3m2!1i1024!2i768!4f13.1!3m3!1m2!1s0x12b6afb5427d7b3d%3A0xcffd9cc614636364!2sAv.%20Villeneuve%20d%27Angoul%C3%AAme%2C%20Montpellier!5e0!3m2!1sfr!2sfr!4v1764234424525!5m2!1sfr!2sfr\" title=\"Ouvrie le lien\" target=\"_blank\" rel=\"noopener\">Cliquez ici pour visualiser le contenu<\/a><\/p>\n<p class=\" wall-content\">Face aux agents, il admet effectuer des allers-retours constants entre l\u2019Espagne et la France. Il dit r\u00e9cup\u00e9rer la marchandise en Espagne, la livrer en France, encaisser l\u2019argent et repartir aussit\u00f4t. Une m\u00e9canique r\u00e9p\u00e9t\u00e9e pour un commanditaire. L\u2019homme a \u00e9t\u00e9 d\u00e9f\u00e9r\u00e9 <strong>ce mercredi 26 novembre<\/strong> \u00e0 9h devant le parquet de Montpellier.<\/p>\n<p>Un guetteur trop s\u00fbr de lui<\/p>\n<p class=\" wall-content\"><strong>Le m\u00eame jour<\/strong>, vers 10h30, une autre patrouille de la police nationale se rend Cit\u00e9 G\u00e9ly. Les agents recherchent des auteurs de vols. Un guetteur les rep\u00e8re et signale aussit\u00f4t leur pr\u00e9sence sur un point de deal. Il encha\u00eene les doigts d\u2019honneur. Les fonctionnaires signalent les outrages et la Bac lance une surveillance.<\/p>\n<p>Vid\u00e9os : en ce moment sur Actu<br \/>\n    <a href=\"https:\/\/www.google.com\/maps\/embed?pb=!1m18!1m12!1m3!1d2888.9834730254433!2d3.8536692264598185!3d43.60688572110442!2m3!1f0!2f0!3f0!3m2!1i1024!2i768!4f13.1!3m3!1m2!1s0x12b6ae5752f3a46f%3A0xe7e0cd8117964543!2sG%C3%A9ly%2C%2034070%20Montpellier!5e0!3m2!1sfr!2sfr!4v1764234443887!5m2!1sfr!2sfr\" title=\"Ouvrie le lien\" target=\"_blank\" rel=\"noopener\">Cliquez ici pour visualiser le contenu<\/a><\/p>\n<p class=\" wall-content\">Le jeune circule sur une trottinette et tente de fuir. Il tombe avant d\u2019aller bien loin. Les policiers le ma\u00eetrisent sans difficult\u00e9. Ils d\u00e9couvrent un peu plus de 70 g de r\u00e9sine de cannabis. L\u2019adolescent,<strong> \u00e2g\u00e9 de 15 ans<\/strong>, reconna\u00eet les outrages et l\u2019usage de stup\u00e9fiants. Il affirme que le produit sert \u00e0 sa consommation personnelle, mais nie toute r\u00e9bellion lors de son interpellation. Il fait l\u2019objet d\u2019une COPJ (convocation par officier de police judiciaire) et devra s\u2019expliquer devant le juge des enfants.<\/p>\n<p class=\" wall-content\">Personnalisez votre actualit\u00e9 en ajoutant vos villes et m\u00e9dias en favori avec <a href=\"https:\/\/moncompte.actu.fr\" title=\"D\u00e9couvez Mon Actu\" rel=\"nofollow noopener\" data-trk=\"{&quot;cta&quot;:{&quot;action&quot;:&quot;https:\\\/\\\/moncompte.actu.fr&quot;,&quot;category&quot;:&quot;mon compte&quot;,&quot;from&quot;:&quot;article footer&quot;,&quot;name&quot;:&quot;Mon actu&quot;,&quot;type&quot;:&quot;cta&quot;}}\" target=\"_blank\">Mon Actu<\/a>.<\/p>\n","protected":false},"excerpt":{"rendered":"Par L\u00e9a Pippinato Publi\u00e9 le 27 nov. 2025 \u00e0 10h32 En l\u2019espace de 24 heures \u00e0 Montpellier, un&hellip;\n","protected":false},"author":2,"featured_media":561993,"comment_status":"","ping_status":"","sticky":false,"template":"","format":"standard","meta":{"footnotes":""},"categories":[9599],"tags":[1111,11,1261,1052,1777,674,118,1011,27,2208,12,2680,1072,25],"class_list":{"0":"post-561992","1":"post","2":"type-post","3":"status-publish","4":"format-standard","5":"has-post-thumbnail","7":"category-montpellier","8":"tag-actu","9":"tag-actualites","10":"tag-argent","11":"tag-drogue","12":"tag-eu","13":"tag-europe","14":"tag-faits-divers","15":"tag-fr","16":"tag-france","17":"tag-montpellier","18":"tag-news","19":"tag-occitanie","20":"tag-police","21":"tag-republique-francaise"},"share_on_mastodon":{"url":"https:\/\/pubeurope.com\/@fr\/115621048107511197","error":""},"_links":{"self":[{"href":"https:\/\/www.europesays.com\/fr\/wp-json\/wp\/v2\/posts\/561992","targetHints":{"allow":["GET"]}}],"collection":[{"href":"https:\/\/www.europesays.com\/fr\/wp-json\/wp\/v2\/posts"}],"about":[{"href":"https:\/\/www.europesays.com\/fr\/wp-json\/wp\/v2\/types\/post"}],"author":[{"embeddable":true,"href":"https:\/\/www.europesays.com\/fr\/wp-json\/wp\/v2\/users\/2"}],"replies":[{"embeddable":true,"href":"https:\/\/www.europesays.com\/fr\/wp-json\/wp\/v2\/comments?post=561992"}],"version-history":[{"count":0,"href":"https:\/\/www.europesays.com\/fr\/wp-json\/wp\/v2\/posts\/561992\/revisions"}],"wp:featuredmedia":[{"embeddable":true,"href":"https:\/\/www.europesays.com\/fr\/wp-json\/wp\/v2\/media\/561993"}],"wp:attachment":[{"href":"https:\/\/www.europesays.com\/fr\/wp-json\/wp\/v2\/media?parent=561992"}],"wp:term":[{"taxonomy":"category","embeddable":true,"href":"https:\/\/www.europesays.com\/fr\/wp-json\/wp\/v2\/categories?post=561992"},{"taxonomy":"post_tag","embeddable":true,"href":"https:\/\/www.europesays.com\/fr\/wp-json\/wp\/v2\/tags?post=561992"}],"curies":[{"name":"wp","href":"https:\/\/api.w.org\/{rel}","templated":true}]}}