{"id":561996,"date":"2025-11-27T09:53:11","date_gmt":"2025-11-27T09:53:11","guid":{"rendered":"https:\/\/www.europesays.com\/fr\/561996\/"},"modified":"2025-11-27T09:53:11","modified_gmt":"2025-11-27T09:53:11","slug":"avez-vous-vu-la-jeune-louanne","status":"publish","type":"post","link":"https:\/\/www.europesays.com\/fr\/561996\/","title":{"rendered":"avez-vous vu la jeune Louanne\u00a0?"},"content":{"rendered":"<p>                    Par<br \/>\n        <strong><br \/>\n            <a href=\"https:\/\/actu.fr\/auteur\/yann-rivallan\" title=\"Consulter tous les articles de Yann Rivallan\" target=\"_blank\" rel=\"noopener\">Yann Rivallan<\/a><br \/>\n                    <\/strong><\/p>\n<p>        Publi\u00e9 le<\/p>\n<p>            27 nov. 2025 \u00e0 10h37        <\/p>\n<p>Sa <strong>disparition<\/strong> est signal\u00e9e depuis quelques jours sur les r\u00e9seaux sociaux. La jeune Louanne Caufourier, \u00e2g\u00e9e de 14\u00a0ans, est introuvable depuis le 7\u00a0novembre 2025. Elle aurait fugu\u00e9 de son foyer, \u00e0 <a href=\"https:\/\/actu.fr\/normandie\/canteleu_76157\" target=\"_blank\" rel=\"noopener\">Canteleu<\/a>.<\/p>\n<p>L\u2019adolescente reste introuvable<\/p>\n<p class=\" wall-content\">Dans l\u2019appel \u00e0 t\u00e9moins publi\u00e9 par la police nationale, jeudi 27\u00a0novembre 2025, il est pr\u00e9cis\u00e9 que l\u2019adolescente <strong>mesure 1m60<\/strong>. Elle est de corpulence mince et a des cheveux longs et ch\u00e2tains.<\/p>\n<p class=\" wall-content\">\n<p class=\" wall-content\">Elle portait <strong>un surv\u00eatement noir<\/strong> de la marque Under Armour le jour de sa disparition. Sur les r\u00e9seaux sociaux, ses proches indique qu\u2019elle pourrait se trouver \u00e0 Rouen, notamment dans le quartier Saint-Sever, ou au Havre.<\/p>\n<p>Suivez l\u2019actualit\u00e9 de Rouen sur <a href=\"https:\/\/www.whatsapp.com\/channel\/0029VaKfnf99hXF2ddApFB1D\" target=\"_blank\" rel=\"noopener\">notre cha\u00eene WhatsApp<\/a> et sur <a href=\"https:\/\/www.tiktok.com\/@76actu.fr?lang=fr\" target=\"_blank\" rel=\"noopener\">notre compte TikTok<\/a><\/p>\n<p class=\" wall-content\">Personnalisez votre actualit\u00e9 en ajoutant vos villes et m\u00e9dias en favori avec <a href=\"https:\/\/moncompte.actu.fr\" title=\"D\u00e9couvez Mon Actu\" rel=\"nofollow noopener\" data-trk=\"{&quot;cta&quot;:{&quot;action&quot;:&quot;https:\\\/\\\/moncompte.actu.fr&quot;,&quot;category&quot;:&quot;mon compte&quot;,&quot;from&quot;:&quot;article footer&quot;,&quot;name&quot;:&quot;Mon actu&quot;,&quot;type&quot;:&quot;cta&quot;}}\" target=\"_blank\">Mon Actu<\/a>.<\/p>\n<p>                    <script async src=\"\/\/www.tiktok.com\/embed.js\"><\/script><\/p>\n","protected":false},"excerpt":{"rendered":"Par Yann Rivallan Publi\u00e9 le 27 nov. 2025 \u00e0 10h37 Sa disparition est signal\u00e9e depuis quelques jours sur&hellip;\n","protected":false},"author":2,"featured_media":561997,"comment_status":"","ping_status":"","sticky":false,"template":"","format":"standard","meta":{"footnotes":""},"categories":[9587],"tags":[1111,11,3676,1777,674,118,1011,27,12,5161,1072,25,9590],"class_list":{"0":"post-561996","1":"post","2":"type-post","3":"status-publish","4":"format-standard","5":"has-post-thumbnail","7":"category-rouen","8":"tag-actu","9":"tag-actualites","10":"tag-disparition-inquietante","11":"tag-eu","12":"tag-europe","13":"tag-faits-divers","14":"tag-fr","15":"tag-france","16":"tag-news","17":"tag-normandie","18":"tag-police","19":"tag-republique-francaise","20":"tag-rouen"},"share_on_mastodon":{"url":"https:\/\/pubeurope.com\/@fr\/115621056017612857","error":""},"_links":{"self":[{"href":"https:\/\/www.europesays.com\/fr\/wp-json\/wp\/v2\/posts\/561996","targetHints":{"allow":["GET"]}}],"collection":[{"href":"https:\/\/www.europesays.com\/fr\/wp-json\/wp\/v2\/posts"}],"about":[{"href":"https:\/\/www.europesays.com\/fr\/wp-json\/wp\/v2\/types\/post"}],"author":[{"embeddable":true,"href":"https:\/\/www.europesays.com\/fr\/wp-json\/wp\/v2\/users\/2"}],"replies":[{"embeddable":true,"href":"https:\/\/www.europesays.com\/fr\/wp-json\/wp\/v2\/comments?post=561996"}],"version-history":[{"count":0,"href":"https:\/\/www.europesays.com\/fr\/wp-json\/wp\/v2\/posts\/561996\/revisions"}],"wp:featuredmedia":[{"embeddable":true,"href":"https:\/\/www.europesays.com\/fr\/wp-json\/wp\/v2\/media\/561997"}],"wp:attachment":[{"href":"https:\/\/www.europesays.com\/fr\/wp-json\/wp\/v2\/media?parent=561996"}],"wp:term":[{"taxonomy":"category","embeddable":true,"href":"https:\/\/www.europesays.com\/fr\/wp-json\/wp\/v2\/categories?post=561996"},{"taxonomy":"post_tag","embeddable":true,"href":"https:\/\/www.europesays.com\/fr\/wp-json\/wp\/v2\/tags?post=561996"}],"curies":[{"name":"wp","href":"https:\/\/api.w.org\/{rel}","templated":true}]}}